{"id":80755,"date":"2023-07-21T10:03:16","date_gmt":"2023-07-21T08:03:16","guid":{"rendered":"https:\/\/www.mojevrijeme.hr\/magazin\/?p=80755"},"modified":"2023-07-21T10:05:19","modified_gmt":"2023-07-21T08:05:19","slug":"mirjana-ne-trebaju-mi-ovi-mizerni-dodaci-nego-postena-mirovina","status":"publish","type":"post","link":"https:\/\/www.mojevrijeme.hr\/magazin\/2023\/07\/mirjana-ne-trebaju-mi-ovi-mizerni-dodaci-nego-postena-mirovina\/","title":{"rendered":"Mirjana: Ne trebaju mi ovi mizerni dodaci, nego po\u0161tena mirovina!"},"content":{"rendered":"\n<p>Zakon je zakon, ali kad se po zakonu penalizira mirovina osobi koja je do svoje 59. godine \u017eivota odradila punih 40 godina sta\u017ea, to itekako izaziva revolt. Gospo\u0111a Mirjana pod spomenutim je uvjetima dala izra\u010dunati svoju mirovinu, i tko zna koliko puta je morala pro\u010ditati da se uvjeri da tu doista pi\u0161e \u2013 3.100 kuna (411 eura).<\/p>\n\n\n\n<p>&#8220;I ja sam jedna od tisu\u0107e umirovljenika koja sam ne svojom voljom, nego voljom drugih, puno mo\u0107nijih od mene, morala oti\u0107i u prijevremenu mirovinu. &nbsp;No, ve\u0107 sam tada uspjela ste\u0107i 40 godina radnog sta\u017ea te sam imala skoro 60 godina \u017eivota. Napominjem da mi je osobni dohodak uvijek bio ne\u0161to ve\u0107i od prosjeka u Hrvatskoj. U mirovini sam od 2020. godine, a po\u010detni iznos mirovine iznosio je <strong>3.100 kuna<\/strong> (411 eura). Imam osje\u0107aj da mene kao i tisu\u0107e drugih umirovljenika dr\u017eava dobrano potkrada&#8221;, izrazila je svoje nezadovoljstvo umirovljenica Mirjana. &nbsp;<\/p>\n\n\n\n<h3 class=\"wp-block-heading\">O\u0161te\u0107ena za COVID dodatak<\/h3>\n\n\n\n<p>\u017divi sama, a sama je i, povjerila nam je, od\u0161kolovala dvoje djece. Shvatila je da \u0107e od 411 eura kao samcu biti jako te\u0161ko pre\u017eivljavati pa je potra\u017eila dodatni posao. &#8220;\u010cak sam i nakon umirovljenja radila skoro dvije godine, na po dva sata dnevno. Ka\u017enjena sam i tu, jer zbog toga nisam dobila ni COVID dodatak, a energetski sam dobila samo jednom jer tada vi\u0161e na \u017ealost nisam mogla raditi. Raditi sam prestala zbog toga \u0161to sam tri puta preboljela koronu, a posljedice su ostale. Kad su me o\u0161tetili za COVID dodatak, moram re\u0107i da mi ni tada ukupna primanja &#8211; dakle, mirovina plus posao &#8211; nisu bila ve\u0107a od 4.000 kuna odnosno 530 eura&#8221;, doznajemo od gospo\u0111e Mirjane.<\/p><div id=\"mojev-220966775\" class=\"mojev-u-tekstu mojev-entity-placement\" style=\"margin-left: auto;margin-right: auto;text-align: center;\"><div class=\"mojev-adlabel\">oglas<\/div><div style=\"height: 250px;\"><script async src=\"https:\/\/pagead2.googlesyndication.com\/pagead\/js\/adsbygoogle.js?client=ca-pub-8106111766207173\"\r\n     crossorigin=\"anonymous\"><\/script>\r\n<!-- Prikazni 1 u tekstu -->\r\n<ins class=\"adsbygoogle\"\r\n     style=\"display:block\"\r\n     data-ad-client=\"ca-pub-8106111766207173\"\r\n     data-ad-slot=\"8535551207\"\r\n     data-ad-format=\"auto\"\r\n     data-full-width-responsive=\"true\"><\/ins>\r\n<script>\r\n     (adsbygoogle = window.adsbygoogle || []).push({});\r\n<\/script><\/div><\/div><br style=\"clear: both; display: block; float: none;\"\/>\n\n\n\n<h3 class=\"wp-block-heading\">&#8220;Ne \u017eelim pomo\u0107, \u017eelim zara\u0111enu mirovinu!&#8221;<\/h3>\n\n\n\n<p>Pomo\u0107, ka\u017ee, ne mo\u017ee o\u010dekivati od nikoga. &#8220;Moja su djeca fakultetski obrazovana i unato\u010d visokom obrazovanju te\u0161ko \u017eive&#8221;, napominje.<\/p>\n\n\n\n<p>Pomo\u0107, ka\u017ee, niti ne \u017eeli, \u017eeli samo ono \u0161to je po\u0161tenim radom i izdvajanjima zaradila. &#8220;Sramotno je \u0161to te dodatke na mirovinu dobivaju i iznajmljiva\u010di nekretnina i oni koji rade na crno ili preko nekih takozvanih obrta i na taj na\u010din prikrivaju svoje stvarne prihode. Sramotno je i to \u0161to dr\u017eava nekima oduzima da bi dala drugima, a o\u010dito je da oduzima samo po\u0161tenim ljudima. Po tome izgleda da je kod nas po\u0161tenje mana, a ne vrlina&#8221;, iznijela je svoja razmi\u0161ljanja.<\/p>\n\n\n\n<p>Potom je nadle\u017enima poru\u010dila: &#8220;Meni ne trebaju ti mizerni dodaci, samo \u017eelim mirovinu u skladu s upla\u0107enim doprinosima za 40 godina radnog sta\u017ea. Ne \u017eelim da me se za tolike godine rada ka\u017enjava nepo\u0161tenom penalizacijom, dok se druge koji nisu radili tolike godine, stalno nagra\u0111uje. Neka ti ljudi te naknade i nagrade primaju iz socijalnog, a ne mirovinskog fonda.&#8221;<\/p>\n\n\n\n<div id=\"crveno\"><\/p>\n\n\n\n<h3 class=\"wp-block-heading\">Zanima nas va\u0161a pri\u010da<\/h3>\n\n\n\n<p>\u017delite li i vi, posve anonimno, podijeliti svoje iskustvo i vi\u0111enje ove teme s nama i na\u0161im \u010ditateljima, mo\u017eete to u\u010diniti putem web obrasca <a rel=\"noreferrer noopener\" href=\"https:\/\/www.mojevrijeme.hr\/magazin\/povjerljivo\/\" target=\"_blank\">Povjerljivo<\/a>. Napi\u0161ite svoju pri\u010du!<\/p>\n\n\n\n<p><\/div>\n<div id=\"mojev-4052175524\" class=\"mojev-kraj-teksta mojev-entity-placement\" style=\"margin-bottom: 20px;margin-left: auto;margin-right: auto;text-align: center;\"><div class=\"mojev-adlabel\">oglas<\/div><div style=\"height: 250px;\"><script async src=\"https:\/\/pagead2.googlesyndication.com\/pagead\/js\/adsbygoogle.js?client=ca-pub-8106111766207173\"\r\n     crossorigin=\"anonymous\"><\/script>\r\n<!-- Display-1 -->\r\n<ins class=\"adsbygoogle\"\r\n     style=\"display:block\"\r\n     data-ad-client=\"ca-pub-8106111766207173\"\r\n     data-ad-slot=\"1465712950\"\r\n     data-ad-format=\"auto\"\r\n     data-full-width-responsive=\"true\"><\/ins>\r\n<script>\r\n     (adsbygoogle = window.adsbygoogle || []).push({});\r\n<\/script><\/div><\/div>","protected":false},"excerpt":{"rendered":"<p>Pla\u0107a na\u0161e \u010ditateljice Mirjane, u 40 godina koliko je radila do penzije, uvijek je bila iznad hrvatskog prosjeka \u2013 s pravom se nadala i natprosje\u010dnoj mirovini jer je vi\u0161e i izdvajala u mirovinski fond. No kao \u0161to iz dana u dan svjedo\u010de mnogi na\u0161i umirovljenici, tako je i ona, kad je u ruke primila sudbonosni papir i pro\u010ditala izra\u010dun mirovine, do\u017eivjela hladan tu\u0161.<\/p>\n","protected":false},"author":17,"featured_media":80775,"comment_status":"closed","ping_status":"closed","sticky":false,"template":"","format":"standard","meta":{"footnotes":""},"categories":[3552],"tags":[3055,957,236],"class_list":["post-80755","post","type-post","status-publish","format-standard","has-post-thumbnail","hentry","category-povjerljivo","tag-energetski-dodatak","tag-mirovina","tag-standard"],"_links":{"self":[{"href":"https:\/\/www.mojevrijeme.hr\/magazin\/wp-json\/wp\/v2\/posts\/80755","targetHints":{"allow":["GET"]}}],"collection":[{"href":"https:\/\/www.mojevrijeme.hr\/magazin\/wp-json\/wp\/v2\/posts"}],"about":[{"href":"https:\/\/www.mojevrijeme.hr\/magazin\/wp-json\/wp\/v2\/types\/post"}],"author":[{"embeddable":true,"href":"https:\/\/www.mojevrijeme.hr\/magazin\/wp-json\/wp\/v2\/users\/17"}],"replies":[{"embeddable":true,"href":"https:\/\/www.mojevrijeme.hr\/magazin\/wp-json\/wp\/v2\/comments?post=80755"}],"version-history":[{"count":0,"href":"https:\/\/www.mojevrijeme.hr\/magazin\/wp-json\/wp\/v2\/posts\/80755\/revisions"}],"wp:featuredmedia":[{"embeddable":true,"href":"https:\/\/www.mojevrijeme.hr\/magazin\/wp-json\/wp\/v2\/media\/80775"}],"wp:attachment":[{"href":"https:\/\/www.mojevrijeme.hr\/magazin\/wp-json\/wp\/v2\/media?parent=80755"}],"wp:term":[{"taxonomy":"category","embeddable":true,"href":"https:\/\/www.mojevrijeme.hr\/magazin\/wp-json\/wp\/v2\/categories?post=80755"},{"taxonomy":"post_tag","embeddable":true,"href":"https:\/\/www.mojevrijeme.hr\/magazin\/wp-json\/wp\/v2\/tags?post=80755"}],"curies":[{"name":"wp","href":"https:\/\/api.w.org\/{rel}","templated":true}]}}