{"id":80777,"date":"2023-07-23T09:00:15","date_gmt":"2023-07-23T07:00:15","guid":{"rendered":"https:\/\/www.mojevrijeme.hr\/magazin\/?p=80777"},"modified":"2023-07-23T10:35:42","modified_gmt":"2023-07-23T08:35:42","slug":"sramite-se-svi-koji-ste-napravili-ove-izracune-obiteljskih-mirovina","status":"publish","type":"post","link":"https:\/\/www.mojevrijeme.hr\/magazin\/2023\/07\/sramite-se-svi-koji-ste-napravili-ove-izracune-obiteljskih-mirovina\/","title":{"rendered":"&#8216;Sramite se svi koji ste napravili ove izra\u010dune obiteljskih mirovina&#8217;"},"content":{"rendered":"\n<p>Da bi udovica ili udovac ostvarili pravo na isplatu dijela obiteljske mirovine, moraju navr\u0161iti 65 godina \u017eivota, a ukupna svota mirovina iz obveznog mirovinskog osiguranja u Hrvatskoj ne smije im prelaziti 824,47 eura. Osobe koje ne ispunjavaju ove uvjete ogor\u010dene su jer su njihovi partneri mirovinski fond punili i po 40 i vi\u0161e godina, a sada gledaju kako je sve to, \u0161to se njih ti\u010de, odnio vjetar. <\/p>\n\n\n\n<p>Ta nepravda osobito poga\u0111a one \u010diji su supru\u017enici preminuli netom nakon \u0161to su oti\u0161li u umirovinu i nikada nisu u\u017eivali zaslu\u017eeno, niti \u0107e sada to u\u017eivati oni. <\/p>\n\n\n\n<p>Drugi pak, koji su uspjeli ispuniti uvjete i koji su dobili dio obiteljske mirovine, smatraju da im je dodijeljeno sramotno premalo. Na to konkretnom brojkom ukazuje i na\u0161a \u010ditateljica Mira. <\/p><div id=\"mojev-1669682163\" class=\"mojev-u-tekstu mojev-entity-placement\" style=\"margin-left: auto;margin-right: auto;text-align: center;\"><div class=\"mojev-adlabel\">oglas<\/div><div style=\"height: 250px;\"><script async src=\"https:\/\/pagead2.googlesyndication.com\/pagead\/js\/adsbygoogle.js?client=ca-pub-8106111766207173\"\r\n     crossorigin=\"anonymous\"><\/script>\r\n<!-- Prikazni 1 u tekstu -->\r\n<ins class=\"adsbygoogle\"\r\n     style=\"display:block\"\r\n     data-ad-client=\"ca-pub-8106111766207173\"\r\n     data-ad-slot=\"8535551207\"\r\n     data-ad-format=\"auto\"\r\n     data-full-width-responsive=\"true\"><\/ins>\r\n<script>\r\n     (adsbygoogle = window.adsbygoogle || []).push({});\r\n<\/script><\/div><\/div><br style=\"clear: both; display: block; float: none;\"\/>\n\n\n\n<p>&#8220;Stvarno je nepravedno limitirati iznos potreban za ostvarivanja prava na dio obiteljske mirovine, koji se mo\u017ee ostvariti sukladno osobnoj mirovini. Suprug i ja oboje smo se po\u0161teno naradili \u2013 ja sam odradila 42 godine radnog sta\u017ea i sa 65 godina \u017eivota oti\u0161la u punu starosnu mirovinu. I suprug je stekao pravo na punu starosnu mirovinu kada je odradio 39 godina radnog sta\u017ea. Preminuo je nakon \u0161to je mirovinu je koristio svega 18 mjeseci.&#8221;<\/p>\n\n\n\n<p>&#8220;Njegovi doprinosi u mirovinski fond za toliki radni sta\u017e oti\u0161li su u nepovrat, a ja sam zbog izmi\u0161ljenih ograni\u010denja i izra\u010duna ostvarila svega 51 euro obiteljske mirovine. Pa to je stvarno nepo\u0161teno. Sramite se svi vi koji ste napravili ove izra\u010dun&#8221;, napisala je u pismu upu\u0107enom na na\u0161u rubriku Povjerljivo.<\/p>\n\n\n\n<h3 class=\"wp-block-heading\">&#8220;Ni\u0161ta od dijela obiteljske mirovine za mene&#8221;<\/h3>\n\n\n\n<p>Javila se i njezina imenjakinja, \u010ditateljica Mira koja je ostvarila \u010dak 45 godina radnog sta\u017ea na odgovornim i dobro pla\u0107enim radnim mjestima. &#8220;Imam 72 godine i s obzirom na dugi sta\u017e i bolja radna mjesta na kojima sam radila tijekom karijere, mogu re\u0107i da nemam lo\u0161u mirovinu. Od pro\u0161le godine sam udovica, dakle \u017eivim s jednom mirovinom. Ni nakon toliko dugog sta\u017ea, nemam pravo ni na kakav dodatak: niti na dio obiteljske mirovine, niti na dodatni sta\u017e koji od 2019. dobiju umirovljenice za svako dijete koje su rodile. Nemam pravo ni na dodatak za inflaciju.&#8221;<\/p>\n\n\n\n<p>&#8220;Ogor\u010dena sam jer imam osje\u0107aj kao da \u017eivim u nekoj drugoj dr\u017eavi, a ne u mojoj Hrvatskoj u kojoj sam 45 godina punila sve fondove pa tako i mirovinski, a ni na \u0161to nemam pravo. Znam ljude koji su upla\u0107ivali minimalno u mirovinsko, ali su \u017eivjeli luksuzno, putovali po svijetu&#8230;&#8221;<\/p>\n\n\n\n<p>&#8220;Sada su oni ogor\u010deni malom mirovinom, ali zato stalno primaju neke dodatke iz fonda u koji smo ja i suprug i mnogi drugi po\u0161teno, puno i dugo upla\u0107ivali. Pitam vas gdje je tu pravica. Bojim se da bi se na kraju moglo dogoditi da nama oduzmu i ovo i daju ovakvim neradnicima&#8221;, objasnila je zbog \u010dega je nezadovoljna umirovljenica Mira.<\/p>\n\n\n\n<div id=\"crveno\"><\/p>\n\n\n\n<h3 class=\"wp-block-heading\">Zanima nas va\u0161a pri\u010da<\/h3>\n\n\n\n<p>\u017delite li i vi, posve anonimno, podijeliti svoje iskustvo i vi\u0111enje ove teme s nama i na\u0161im \u010ditateljima, mo\u017eete to u\u010diniti putem web obrasca <a rel=\"noreferrer noopener\" href=\"https:\/\/www.mojevrijeme.hr\/magazin\/povjerljivo\/\" target=\"_blank\">Povjerljivo<\/a>. Napi\u0161ite svoju pri\u010du!<\/p>\n\n\n\n<p><\/div>\n<div id=\"mojev-3112422534\" class=\"mojev-kraj-teksta mojev-entity-placement\" style=\"margin-bottom: 20px;margin-left: auto;margin-right: auto;text-align: center;\"><div class=\"mojev-adlabel\">oglas<\/div><div style=\"height: 250px;\"><script async src=\"https:\/\/pagead2.googlesyndication.com\/pagead\/js\/adsbygoogle.js?client=ca-pub-8106111766207173\"\r\n     crossorigin=\"anonymous\"><\/script>\r\n<!-- Display-1 -->\r\n<ins class=\"adsbygoogle\"\r\n     style=\"display:block\"\r\n     data-ad-client=\"ca-pub-8106111766207173\"\r\n     data-ad-slot=\"1465712950\"\r\n     data-ad-format=\"auto\"\r\n     data-full-width-responsive=\"true\"><\/ins>\r\n<script>\r\n     (adsbygoogle = window.adsbygoogle || []).push({});\r\n<\/script><\/div><\/div>","protected":false},"excerpt":{"rendered":"<p>Novi model obiteljske mirovine je udovicama odnosno udovcima omogu\u0107io zadr\u017eavanje vlastite mirovine uz primanje dijela mirovine preminulog partnera. U prvom kvartalu ove godine, odba\u010deno je \u010dak 14 posto zahtjeva, a mnogi koji su pravo ostvarili, nezadovoljni su. Evo \u0161to na tu temu ka\u017eu na\u0161i \u010ditatelji.  <\/p>\n","protected":false},"author":17,"featured_media":80936,"comment_status":"closed","ping_status":"closed","sticky":false,"template":"","format":"standard","meta":{"footnotes":""},"categories":[3552],"tags":[18,1010],"class_list":["post-80777","post","type-post","status-publish","format-standard","has-post-thumbnail","hentry","category-povjerljivo","tag-mirovine","tag-obiteske-mirovine"],"_links":{"self":[{"href":"https:\/\/www.mojevrijeme.hr\/magazin\/wp-json\/wp\/v2\/posts\/80777","targetHints":{"allow":["GET"]}}],"collection":[{"href":"https:\/\/www.mojevrijeme.hr\/magazin\/wp-json\/wp\/v2\/posts"}],"about":[{"href":"https:\/\/www.mojevrijeme.hr\/magazin\/wp-json\/wp\/v2\/types\/post"}],"author":[{"embeddable":true,"href":"https:\/\/www.mojevrijeme.hr\/magazin\/wp-json\/wp\/v2\/users\/17"}],"replies":[{"embeddable":true,"href":"https:\/\/www.mojevrijeme.hr\/magazin\/wp-json\/wp\/v2\/comments?post=80777"}],"version-history":[{"count":0,"href":"https:\/\/www.mojevrijeme.hr\/magazin\/wp-json\/wp\/v2\/posts\/80777\/revisions"}],"wp:featuredmedia":[{"embeddable":true,"href":"https:\/\/www.mojevrijeme.hr\/magazin\/wp-json\/wp\/v2\/media\/80936"}],"wp:attachment":[{"href":"https:\/\/www.mojevrijeme.hr\/magazin\/wp-json\/wp\/v2\/media?parent=80777"}],"wp:term":[{"taxonomy":"category","embeddable":true,"href":"https:\/\/www.mojevrijeme.hr\/magazin\/wp-json\/wp\/v2\/categories?post=80777"},{"taxonomy":"post_tag","embeddable":true,"href":"https:\/\/www.mojevrijeme.hr\/magazin\/wp-json\/wp\/v2\/tags?post=80777"}],"curies":[{"name":"wp","href":"https:\/\/api.w.org\/{rel}","templated":true}]}}