{"id":80792,"date":"2023-07-22T09:11:01","date_gmt":"2023-07-22T07:11:01","guid":{"rendered":"https:\/\/www.mojevrijeme.hr\/magazin\/?p=80792"},"modified":"2023-07-22T09:18:07","modified_gmt":"2023-07-22T07:18:07","slug":"mi-u-prijevremenoj-osjecamo-se-kao-pijetlovi-s-jednom-nogom","status":"publish","type":"post","link":"https:\/\/www.mojevrijeme.hr\/magazin\/2023\/07\/mi-u-prijevremenoj-osjecamo-se-kao-pijetlovi-s-jednom-nogom\/","title":{"rendered":"&#8216;Mi u prijevremenoj mirovini osje\u0107amo se kao pijetlovi s jednom nogom&#8217;"},"content":{"rendered":"\n<p>Umirovljenica <strong>Cvetka<\/strong> smatra da ve\u0107ina prijevremeno umirovljenih nije zavrijedila trpjeti mizerna primanja i ba\u0161 toliko \u017eivotariti. &#8220;\u010citam pri\u010de o raznim nepravdama koje je dr\u017eava nanijela umirovljenicima &#8211; i ja se ubrajam me\u0111u njih kao prijevremeno umirovljena. Zaista vjerujem i drugim penaliziranim umirovljenicima da nisu svojom voljom oti\u0161li u prijevremenu, jer nisam rado oti\u0161la ni ja&#8221;, napominje na po\u010detku svog pisma umirovljenica Cvetka.<\/p>\n\n\n\n<p>&#8220;Nikad, ama ba\u0161 nikad tijekom svog radnog vijeka nisam ni pomi\u0161ljala da bih mogla ste\u0107i neke ranije uvjete pa kao, <em>odoh ja u mirovinu<\/em>. Dapa\u010de, \u010dudila sam se takvom razmi\u0161ljanju pojedinaca oko sebe. Uvijek sam isticala da \u017eelim raditi dok god ne ispunim uvjete za starosnu. Da, ali poslodavac (dr\u017eava) nije  na\u017ealost razmi\u0161ljao kao ja. Nitko, barem tada kad sam ja i\u0161la u mirovinu,&nbsp;uop\u0107e nije razmi\u0161ljao o nama koji nismo imali uvjete ni po godinama, ni po sta\u017eu, nego smo svi redom postali vi\u0161ak, i to preko no\u0107i&#8221;, pojadala nam se.<\/p>\n\n\n\n<h3 class=\"wp-block-heading\">Glave u pijesku, ali istina neumoljiva<\/h3>\n\n\n\n<p>Obja\u0161njenja su, ka\u017ee, uvijek bila ista &#8211; previ\u0161e je radnika, radi se reorganizacija. &#8220;Micali su se najproduktivniji radnici uz nekakve otpremnine, da nam zama\u017eu o\u010di. Ako se drzne\u0161 pa odbije\u0161, po\u010dinju \u0161ikaniranja poslodavca preko \u0161efova. \u010cak ti podme\u0107u i kolege koji ra\u010dunaju da, ako ti ode\u0161, njega ne\u0107e dirati. Netko je oti\u0161ao na Zavod za zapo\u0161ljavanje, netko predao zahtjev za prijevremenu mirovinu. Gledala sam kako ostaju samo pojedinci koji su tu &#8216;po babi i stri\u010devima&#8217;, a onda i kako idu nova zapo\u0161ljavanja mladih&#8221;, objasnila je.<\/p><div id=\"mojev-1679717749\" class=\"mojev-u-tekstu mojev-entity-placement\" style=\"margin-left: auto;margin-right: auto;text-align: center;\"><div class=\"mojev-adlabel\">oglas<\/div><div style=\"height: 250px;\"><script async src=\"https:\/\/pagead2.googlesyndication.com\/pagead\/js\/adsbygoogle.js?client=ca-pub-8106111766207173\"\r\n     crossorigin=\"anonymous\"><\/script>\r\n<!-- Prikazni 1 u tekstu -->\r\n<ins class=\"adsbygoogle\"\r\n     style=\"display:block\"\r\n     data-ad-client=\"ca-pub-8106111766207173\"\r\n     data-ad-slot=\"8535551207\"\r\n     data-ad-format=\"auto\"\r\n     data-full-width-responsive=\"true\"><\/ins>\r\n<script>\r\n     (adsbygoogle = window.adsbygoogle || []).push({});\r\n<\/script><\/div><\/div><br style=\"clear: both; display: block; float: none;\"\/>\n\n\n\n<p>Mo\u017eemo mi, napominje umirovljenica Cvetka, zabijati glavu u pijesak, negirati, govoriti da to nije istina, ali to je, na\u017ealost, istina jednog vremena.<\/p>\n\n\n\n<h3 class=\"wp-block-heading\">Obe\u0161tetite prijevremeno umirovljene!<\/h3>\n\n\n\n<p>Takve se umirovljenike, smatra, treba obe\u0161tetiti. &#8220;Mi pijetlovi s jednom nogom, kako ja nazivam nas prijevremeno umirovljene, do\u0111emo u dob od 65 godina kad imamo uvjete za starosnu mirovinu, iza nas je i po 40 godina sta\u017ea\u2026 a nemamo pravo zatra\u017eiti izra\u010dun pune mirovine. Za\u0161to? Jer tako nala\u017ee zakon.&#8221;<\/p>\n\n\n\n<p>&#8220;Pa zakon nala\u017ee i da su majke samo one \u017eene koje su u mirovinu oti\u0161le nakon 2019. godine, njima se priznaje sta\u017e po ro\u0111enom djetetu. Mi koje smo rodile i ranije se umirovile, nama ni\u0161ta jer mi nismo majke. Ali ja napominjem da i to mora u\u0107i u novi obra\u010dun svih umirovljenih \u017eena!&#8221; upozorila je na diskriminaciju i pozvala politi\u010dke predstavnike umirovljenika, kao i umirovljeni\u010dke udruge da isprave ove nepravde.<\/p>\n\n\n\n<div id=\"crveno\"><\/p>\n\n\n\n<h3 class=\"wp-block-heading\">Zanima nas va\u0161a pri\u010da<\/h3>\n\n\n\n<p>\u017delite li i vi, posve anonimno, podijeliti svoje iskustvo i vi\u0111enje ove teme s nama i na\u0161im \u010ditateljima, mo\u017eete to u\u010diniti putem web obrasca <a rel=\"noreferrer noopener\" href=\"https:\/\/www.mojevrijeme.hr\/magazin\/povjerljivo\/\" target=\"_blank\">Povjerljivo<\/a>. Napi\u0161ite svoju pri\u010du!<\/p>\n\n\n\n<p><\/div>\n<div id=\"mojev-1905449143\" class=\"mojev-kraj-teksta mojev-entity-placement\" style=\"margin-bottom: 20px;margin-left: auto;margin-right: auto;text-align: center;\"><div class=\"mojev-adlabel\">oglas<\/div><div style=\"height: 250px;\"><script async src=\"https:\/\/pagead2.googlesyndication.com\/pagead\/js\/adsbygoogle.js?client=ca-pub-8106111766207173\"\r\n     crossorigin=\"anonymous\"><\/script>\r\n<!-- Display-1 -->\r\n<ins class=\"adsbygoogle\"\r\n     style=\"display:block\"\r\n     data-ad-client=\"ca-pub-8106111766207173\"\r\n     data-ad-slot=\"1465712950\"\r\n     data-ad-format=\"auto\"\r\n     data-full-width-responsive=\"true\"><\/ins>\r\n<script>\r\n     (adsbygoogle = window.adsbygoogle || []).push({});\r\n<\/script><\/div><\/div>","protected":false},"excerpt":{"rendered":"<p>Me\u0111u umirovljenicima koji su na svoj u\u017eas netom prije ste\u010denih uvjeta otjerani u mirovinu, na\u0161la se i na\u0161a \u010ditateljica Cvetka. Ona se zbog nepravde i penalizacije na prijevremen odlazak mirovinu &#8211; uslijed okolnosti koje nije sama skrivila \u2013 osje\u0107a gotovo sakatom. Smatra da bi se svima koji su morali u prijevremenu njihova penzija treba ponovo izra\u010dunati kad ispune uvjete za punu mirovinu, nakon 65. godine \u017eivota.<\/p>\n","protected":false},"author":17,"featured_media":80854,"comment_status":"closed","ping_status":"closed","sticky":false,"template":"","format":"standard","meta":{"footnotes":""},"categories":[3552],"tags":[18,3000],"class_list":["post-80792","post","type-post","status-publish","format-standard","has-post-thumbnail","hentry","category-povjerljivo","tag-mirovine","tag-prijevremena-mirovina"],"_links":{"self":[{"href":"https:\/\/www.mojevrijeme.hr\/magazin\/wp-json\/wp\/v2\/posts\/80792","targetHints":{"allow":["GET"]}}],"collection":[{"href":"https:\/\/www.mojevrijeme.hr\/magazin\/wp-json\/wp\/v2\/posts"}],"about":[{"href":"https:\/\/www.mojevrijeme.hr\/magazin\/wp-json\/wp\/v2\/types\/post"}],"author":[{"embeddable":true,"href":"https:\/\/www.mojevrijeme.hr\/magazin\/wp-json\/wp\/v2\/users\/17"}],"replies":[{"embeddable":true,"href":"https:\/\/www.mojevrijeme.hr\/magazin\/wp-json\/wp\/v2\/comments?post=80792"}],"version-history":[{"count":0,"href":"https:\/\/www.mojevrijeme.hr\/magazin\/wp-json\/wp\/v2\/posts\/80792\/revisions"}],"wp:featuredmedia":[{"embeddable":true,"href":"https:\/\/www.mojevrijeme.hr\/magazin\/wp-json\/wp\/v2\/media\/80854"}],"wp:attachment":[{"href":"https:\/\/www.mojevrijeme.hr\/magazin\/wp-json\/wp\/v2\/media?parent=80792"}],"wp:term":[{"taxonomy":"category","embeddable":true,"href":"https:\/\/www.mojevrijeme.hr\/magazin\/wp-json\/wp\/v2\/categories?post=80792"},{"taxonomy":"post_tag","embeddable":true,"href":"https:\/\/www.mojevrijeme.hr\/magazin\/wp-json\/wp\/v2\/tags?post=80792"}],"curies":[{"name":"wp","href":"https:\/\/api.w.org\/{rel}","templated":true}]}}