{"id":80861,"date":"2023-07-22T17:48:18","date_gmt":"2023-07-22T15:48:18","guid":{"rendered":"https:\/\/www.mojevrijeme.hr\/magazin\/?p=80861"},"modified":"2023-07-22T17:49:20","modified_gmt":"2023-07-22T15:49:20","slug":"dali-su-mi-jos-6-mjeseci-zivota-ovo-sam-naucio-o-mirovini-i-starenju","status":"publish","type":"post","link":"https:\/\/www.mojevrijeme.hr\/magazin\/2023\/07\/dali-su-mi-jos-6-mjeseci-zivota-ovo-sam-naucio-o-mirovini-i-starenju\/","title":{"rendered":"&#8216;Dali su mi jo\u0161 6 mjeseci \u017eivota, ovo sam nau\u010dio o mirovini i starenju&#8217;"},"content":{"rendered":"\n<p>Ameri\u010dki novinar, autor i govornik <strong>George Jerjian<\/strong> za <em>Cnbc.com<\/em> vi\u0161e je puta ispri\u010dao da je s 52 godine dobio za\u0161traju\u0107u dijagnozu raka kostiju, kada mu lije\u010dnik rekao da mu je ostalo jo\u0161 svega \u0161est mjeseci \u017eivota. &#8220;Nakon bliskog susreta sa smr\u0107u bio sam prisiljen oti\u0107i u prijevremenu mirovinu kako bih se posvetio svom zdravlju i ono malo \u017eivota \u0161to mi je prema tada\u0161njoj dijagnozi preostalo&#8221;, rekao je.<\/p>\n\n\n\n<p>A onda se pokazalo da je dijagnoza ipak pogre\u0161na i da ne mora o\u010dekivati najgori ishod svojih zdrvstvenih problema. No, nakon podu\u017eeg gledanja smrti u o\u010di, potpuno je promijenio \u017eivot. <\/p>\n\n\n\n<p>Deset godina u mirovini zavr\u0161ilo je dobrim zdravljem, ali na kraju ipak i unutarnjim nezadovoljstvom. &#8220;Po\u010deo sam osje\u0107ati dosadu i nemir, upao sam u te\u0161ku, mu\u010dnu kolote\u010dinu. Sa 62 godine sam odlu\u010dio da \u017eelim ponovo raditi pa sam otvorio tvrtku za savjetovanje umirovljenika kako bih pomogao drugima da ispunjenije u\u017eivaju u mirovini, umjesto da se osje\u0107aju izgubljenima poput mene&#8221;, rekao je Jerjian, koji je na tu temu napisao i knjigu &#8220;Usudite se otkriti svoju svrhu: Umirovite se, preorijentirajte se, preoblikujte se&#8221;. Posla ima napretek!<\/p><div id=\"mojev-516570347\" class=\"mojev-u-tekstu mojev-entity-placement\" style=\"margin-left: auto;margin-right: auto;text-align: center;\"><div class=\"mojev-adlabel\">oglas<\/div><div style=\"height: 250px;\"><script async src=\"https:\/\/pagead2.googlesyndication.com\/pagead\/js\/adsbygoogle.js?client=ca-pub-8106111766207173\"\r\n     crossorigin=\"anonymous\"><\/script>\r\n<!-- Prikazni 1 u tekstu -->\r\n<ins class=\"adsbygoogle\"\r\n     style=\"display:block\"\r\n     data-ad-client=\"ca-pub-8106111766207173\"\r\n     data-ad-slot=\"8535551207\"\r\n     data-ad-format=\"auto\"\r\n     data-full-width-responsive=\"true\"><\/ins>\r\n<script>\r\n     (adsbygoogle = window.adsbygoogle || []).push({});\r\n<\/script><\/div><\/div><br style=\"clear: both; display: block; float: none;\"\/>\n\n\n\n<p>\u010cesto i za <em>Cnbc.com<\/em> dijeli besplatne savjete umirovljenicima, a ovaj put osvrnuo se na <strong>\u010detiri mita o umirovljenju<\/strong> o kojima, smatra, ljudi trebaju puno vi\u0161e razgovarati.<\/p>\n\n\n\n<h3 class=\"wp-block-heading\">Mit 1: \u017divot je linearan put<\/h3>\n\n\n\n<p>Mnogi vjeruju u tri glavna \u017eivotna poglavlja: \u0161kolovati se; zaposliti se i stvoriti obitelj; te naposljetku oti\u0107i u mirovinu i u\u017eivati ne rade\u0107i ni\u0161ta.<\/p>\n\n\n\n<p>Ali, moram re\u0107i da je \u017eivot puno fleksibilniji od toga. Ljudi u svojim 60-ima i 70-ima sve \u010de\u0161\u0107e zapo\u010dinju nove karijere i nove ljubavne veze, a mladi ljudi usude se vjerovati da je mogu\u0107e posti\u0107i sve \u0161to su zacrtali i prije 65. godine kad je propisano vrijeme za umirovljenje.<\/p>\n\n\n\n<p>Nemojte \u010dekati mirovinu kako biste \u017eivjeli \u017eivot kakav \u017eelite. Sutra nikad nije zajam\u010deno, stoga odvojite vrijeme za aktivnosti u kojima u\u017eivate svaki dan. Oslobodite se pritiska da sve shvatite i o \u017eivotu odlu\u010dite danas. U 62. godini pokrenuo sam posao kakav nikad ne bih mogao zamisliti u svojim 20-ima ili 30-ima.<\/p>\n\n\n\n<h3 class=\"wp-block-heading\">Mit 2: Starog psa ne mo\u017eete nau\u010diti novim trikovima<\/h3>\n\n\n\n<p>Kao djeca, jako smo znati\u017eeljni. Ali otkrio sam da u mojoj generaciji, \u0161to smo stariji, to rje\u0111e postavljamo pitanja. <\/p>\n\n\n\n<p>Mozak je mi\u0161i\u0107 koji treba vje\u017ebati. U\u010denje nam poma\u017ee da se osje\u0107amo uklju\u010deni u svijet i dobro je za zdravlje mozga i pam\u0107enje. Zaronite duboko u sve \u0161to vas zanima. Na primjer, ja volim u\u010diti o tome kako funkcioniraju na\u0161i umovi, osobnosti i identiteti. Ili se mo\u017eete baviti hobijem u kojem uvijek ima mjesta za razvoj, poput vrtlarstva, volontiranja ili \u010dak pokretanja dobrotvorne organizacije.<\/p>\n\n\n\n<h3 class=\"wp-block-heading\">Mit 3: Va\u0161e 20-te i 30-te su va\u0161e najbolje godine<\/h3>\n\n\n\n<p>Na\u0161e potro\u0161a\u010dko dru\u0161tvo stvorilo je narativ da sve i svatko ima rok trajanja.&nbsp;No, prema Stanfordovom centru za dugovje\u010dnost o\u010dekuje se da \u0107e do polovice dana\u0161njih petogodi\u0161njaka u SAD-u do\u017eivjeti 100 godina. Mladi ljudi ne mogu samo odlu\u010diti opustiti se potpuno sa 65. Sjedili bi gotovo 40 godina.<\/p>\n\n\n\n<p>Rimski filozof Ciceron je napisao: &#8220;Starost je kruna \u017eivota.&#8221; Gledajte i one starije od sebe koji su aktivni i sretni. Pitajte ih koje ih fizi\u010dke, mentalne i dru\u0161tvene aktivnosti zanimaju. Mo\u017eda \u0107ete se iznenaditi kada saznate da iznutra zapravo osje\u0107aju da godine ne postoje.<\/p>\n\n\n\n<p>Ne\u0107e pro\u0107i dugo prije nego \u0161to za\u0111ete u jo\u0161 dublju starost pa je u va\u0161em interesu da \u0161to prije otkrijete svoje zanimacije. Radnim ljudima pred mirovinom mogu samo poru\u010diti da unaprijed prou\u010de s kakvim \u0107ete se izazovima susresti i koje radosti u mirovini mogu otkriti.<\/p>\n\n\n\n<h3 class=\"wp-block-heading\">Mit 4: Nema smisla razmi\u0161ljati o smrti<\/h3>\n\n\n\n<p>Do svoje 52. godine mislio sam da sam besmrtan. Onda mi je onkolog rekao da imam jo\u0161 \u0161est mjeseci \u017eivota. Dijagnoza je sre\u0107om bila pogre\u0161na, ali poziv na uzbunu me obilje\u017eio naglo, sna\u017eno i trajno. Bilo je to pravo bu\u0111enje i postao sam svjestan smrti. Benediktinski redovnici se poti\u010du da &#8220;smrt svakodnevno dr\u017ee pred svojim o\u010dima&#8221;, kako bi mogli \u017eivjeti potpuniji i <strong>svjesniji \u017eivot<\/strong>.<\/p>\n\n\n\n<p>Osvijestio sam da me \u017eivot u bilo kojem trenutku opet mo\u017ee podsjetiti na smrt i to zapravo nije poja\u010dalo, nego otklonilo moje bezumne potrage i brige. Omogu\u0107ilo mi je da budem <strong>prisutniji u sada\u0161njem trenutku <\/strong>i radim vi\u0161e stvari koje su mi va\u017ene. Ne bojte se stoga pomisli na smrt, neka vas to podsjeti kako je lijep trenutak u kojem ste sada. Osjetite tu radost \u017eivota.<\/p>\n\n\n\n<h3 class=\"wp-block-heading\">Moj najbolji savjet vama:&nbsp;Njegujte svoj unutarnji vrt<\/h3>\n\n\n\n<p>Moj najbolji \u017eivotni savjet za umirovljenike je &#8211; imajte suosje\u0107anja prema sebi. I \u0161to god radili, slijedite svoju zvijezdu sjevernja\u010du. Svaka osoba ima druga\u010dije, i lijepo i te\u0161ko \u017eivotno putovanje.<\/p>\n\n\n\n<p>Nastavite u mirovini raditi ono \u0161to volite, savladajte nove vje\u0161tine i priznajte si svoj napredak. Kada obra\u0111ujete vlastiti vrt \u2013 mislim tu na va\u0161e jedinstvene vje\u0161tine i strasti &#8211; <strong>uvijek budite budni u sada\u0161njem trenutku<\/strong>.<\/p>\n<div id=\"mojev-1871382134\" class=\"mojev-kraj-teksta mojev-entity-placement\" style=\"margin-bottom: 20px;margin-left: auto;margin-right: auto;text-align: center;\"><div class=\"mojev-adlabel\">oglas<\/div><div style=\"height: 250px;\"><script async src=\"https:\/\/pagead2.googlesyndication.com\/pagead\/js\/adsbygoogle.js?client=ca-pub-8106111766207173\"\r\n     crossorigin=\"anonymous\"><\/script>\r\n<!-- Display-1 -->\r\n<ins class=\"adsbygoogle\"\r\n     style=\"display:block\"\r\n     data-ad-client=\"ca-pub-8106111766207173\"\r\n     data-ad-slot=\"1465712950\"\r\n     data-ad-format=\"auto\"\r\n     data-full-width-responsive=\"true\"><\/ins>\r\n<script>\r\n     (adsbygoogle = window.adsbygoogle || []).push({});\r\n<\/script><\/div><\/div>","protected":false},"excerpt":{"rendered":"<p>\u017divot rijetko ispadne ba\u0161 onako kako smo si ga zami\u0161ljali &#8211; \u010desto nas na ovaj ili onaj na\u010din primora radikalno mijenjati planove. Sigurno nitko i ne pomi\u0161lja da \u0107e u ranim pedesetima zbog najte\u017ee dijagnoze odlu\u010diti oti\u0107i u prijevremenu mirovinu, a ba\u0161 se to dogodilo protagonistu na\u0161e dana\u0161nje pri\u010de koji je otkrio \u0161to je o \u017eivotu nau\u010dio nakon bliskog susreta sa smr\u0107u i lije\u010denja koje je uslijedilo.<\/p>\n","protected":false},"author":17,"featured_media":80891,"comment_status":"closed","ping_status":"closed","sticky":false,"template":"","format":"standard","meta":{"footnotes":""},"categories":[85],"tags":[3337,3626,957],"class_list":["post-80861","post","type-post","status-publish","format-standard","has-post-thumbnail","hentry","category-aktivno-starenje","tag-aktivno-starenje","tag-george-jerjian","tag-mirovina"],"_links":{"self":[{"href":"https:\/\/www.mojevrijeme.hr\/magazin\/wp-json\/wp\/v2\/posts\/80861","targetHints":{"allow":["GET"]}}],"collection":[{"href":"https:\/\/www.mojevrijeme.hr\/magazin\/wp-json\/wp\/v2\/posts"}],"about":[{"href":"https:\/\/www.mojevrijeme.hr\/magazin\/wp-json\/wp\/v2\/types\/post"}],"author":[{"embeddable":true,"href":"https:\/\/www.mojevrijeme.hr\/magazin\/wp-json\/wp\/v2\/users\/17"}],"replies":[{"embeddable":true,"href":"https:\/\/www.mojevrijeme.hr\/magazin\/wp-json\/wp\/v2\/comments?post=80861"}],"version-history":[{"count":0,"href":"https:\/\/www.mojevrijeme.hr\/magazin\/wp-json\/wp\/v2\/posts\/80861\/revisions"}],"wp:featuredmedia":[{"embeddable":true,"href":"https:\/\/www.mojevrijeme.hr\/magazin\/wp-json\/wp\/v2\/media\/80891"}],"wp:attachment":[{"href":"https:\/\/www.mojevrijeme.hr\/magazin\/wp-json\/wp\/v2\/media?parent=80861"}],"wp:term":[{"taxonomy":"category","embeddable":true,"href":"https:\/\/www.mojevrijeme.hr\/magazin\/wp-json\/wp\/v2\/categories?post=80861"},{"taxonomy":"post_tag","embeddable":true,"href":"https:\/\/www.mojevrijeme.hr\/magazin\/wp-json\/wp\/v2\/tags?post=80861"}],"curies":[{"name":"wp","href":"https:\/\/api.w.org\/{rel}","templated":true}]}}