{"id":809,"date":"2014-09-23T20:44:43","date_gmt":"2014-09-23T18:44:43","guid":{"rendered":"http:\/\/mojevrijeme.hr\/magazin\/?p=809"},"modified":"2014-10-04T19:07:21","modified_gmt":"2014-10-04T17:07:21","slug":"ulaznica-za-poslije","status":"publish","type":"post","link":"https:\/\/www.mojevrijeme.hr\/magazin\/2014\/09\/ulaznica-za-poslije\/","title":{"rendered":"Kazali\u0161te za poslije"},"content":{"rendered":"<p>Nakon kave, kruha, pa i \u0161unke &#8216;za poslije&#8217;, na red je do\u0161la i &#8216;ulaznica za poslije&#8217;. Kazali\u0161te <strong>Mala Scena<\/strong> u jesen ulazi akcijom koja ima za cilj omogu\u0107iti gledanje predstava i onima slabijeg imovnog stanja. Svojim \u0107e posjetiteljima tako omogu\u0107iti da kupe jednu ili vi\u0161e &#8216;ulaznica za poslije&#8217; te da ih ostave na blagajni kazali\u0161ta kako bi predstavu mogao pogledati netko tko si kartu sam ne mo\u017ee kupiti.<\/p>\n<p>Ljudske potrebe nisu samo one za hranom i pi\u0107em, ve\u0107 i za kulturnim sadr\u017eajima, a u vremenima\u00a0 krize upravo bud\u017eet za kulturu najprije strada. Akcijom &#8216;Kazali\u0161te za poslije&#8217; Mala Scena \u017eeli kazali\u0161te u\u010diniti dostupnim svima bez obzira na financijske okolnosti.<\/p>\n<p>Do besplatnih ulaznica mo\u0107i \u0107ete do\u0107i u samom kazali\u0161tu ili na Facebook stranici kazali\u0161ta na kojoj \u0107e biti objavljeno koliko je dostupnih &#8216;ulaznica za poslije&#8217;.<\/p><div id=\"mojev-1445763804\" class=\"mojev-u-tekstu mojev-entity-placement\" style=\"margin-left: auto;margin-right: auto;text-align: center;\"><div class=\"mojev-adlabel\">oglas<\/div><div style=\"height: 250px;\"><script async src=\"https:\/\/pagead2.googlesyndication.com\/pagead\/js\/adsbygoogle.js?client=ca-pub-8106111766207173\"\r\n     crossorigin=\"anonymous\"><\/script>\r\n<!-- Prikazni 1 u tekstu -->\r\n<ins class=\"adsbygoogle\"\r\n     style=\"display:block\"\r\n     data-ad-client=\"ca-pub-8106111766207173\"\r\n     data-ad-slot=\"8535551207\"\r\n     data-ad-format=\"auto\"\r\n     data-full-width-responsive=\"true\"><\/ins>\r\n<script>\r\n     (adsbygoogle = window.adsbygoogle || []).push({});\r\n<\/script><\/div><\/div><br style=\"clear: both; display: block; float: none;\"\/>\n<p>Kako je Mala Scena prije svega kazali\u0161te za djecu, nadaju se da \u0107e ovim potezom privu\u0107i i mnoge bake i djedove koji \u0107e se zbog ove vrijedne akcije lak\u0161e odlu\u010diti povesti svoju unu\u010dad u kazali\u0161te.<\/p>\n<div id=\"mojev-4088009625\" class=\"mojev-kraj-teksta mojev-entity-placement\" style=\"margin-bottom: 20px;margin-left: auto;margin-right: auto;text-align: center;\"><div class=\"mojev-adlabel\">oglas<\/div><div style=\"height: 250px;\"><script async src=\"https:\/\/pagead2.googlesyndication.com\/pagead\/js\/adsbygoogle.js?client=ca-pub-8106111766207173\"\r\n     crossorigin=\"anonymous\"><\/script>\r\n<!-- Display-1 -->\r\n<ins class=\"adsbygoogle\"\r\n     style=\"display:block\"\r\n     data-ad-client=\"ca-pub-8106111766207173\"\r\n     data-ad-slot=\"1465712950\"\r\n     data-ad-format=\"auto\"\r\n     data-full-width-responsive=\"true\"><\/ins>\r\n<script>\r\n     (adsbygoogle = window.adsbygoogle || []).push({});\r\n<\/script><\/div><\/div>","protected":false},"excerpt":{"rendered":"<p>Kazali\u0161te Mala Scena u jesen ulazi akcijom koja ima za cilj omogu\u0107iti gledanje predstava i onima slabijeg imovnog stanja. Svojim \u0107e posjetiteljima tako omogu\u0107iti da kupe jednu ili vi\u0161e &#8216;ulaznica za poslije&#8217; te da ih ostave na blagajni kazali\u0161ta kako bi predstavu mogao pogledati netko tko si kartu sam ne mo\u017ee kupiti.<\/p>\n","protected":false},"author":1,"featured_media":822,"comment_status":"closed","ping_status":"open","sticky":false,"template":"","format":"standard","meta":{"footnotes":""},"categories":[9],"tags":[168,39],"class_list":["post-809","post","type-post","status-publish","format-standard","has-post-thumbnail","hentry","category-vijesti","tag-kazaliste","tag-zagreb"],"_links":{"self":[{"href":"https:\/\/www.mojevrijeme.hr\/magazin\/wp-json\/wp\/v2\/posts\/809","targetHints":{"allow":["GET"]}}],"collection":[{"href":"https:\/\/www.mojevrijeme.hr\/magazin\/wp-json\/wp\/v2\/posts"}],"about":[{"href":"https:\/\/www.mojevrijeme.hr\/magazin\/wp-json\/wp\/v2\/types\/post"}],"author":[{"embeddable":true,"href":"https:\/\/www.mojevrijeme.hr\/magazin\/wp-json\/wp\/v2\/users\/1"}],"replies":[{"embeddable":true,"href":"https:\/\/www.mojevrijeme.hr\/magazin\/wp-json\/wp\/v2\/comments?post=809"}],"version-history":[{"count":0,"href":"https:\/\/www.mojevrijeme.hr\/magazin\/wp-json\/wp\/v2\/posts\/809\/revisions"}],"wp:featuredmedia":[{"embeddable":true,"href":"https:\/\/www.mojevrijeme.hr\/magazin\/wp-json\/wp\/v2\/media\/822"}],"wp:attachment":[{"href":"https:\/\/www.mojevrijeme.hr\/magazin\/wp-json\/wp\/v2\/media?parent=809"}],"wp:term":[{"taxonomy":"category","embeddable":true,"href":"https:\/\/www.mojevrijeme.hr\/magazin\/wp-json\/wp\/v2\/categories?post=809"},{"taxonomy":"post_tag","embeddable":true,"href":"https:\/\/www.mojevrijeme.hr\/magazin\/wp-json\/wp\/v2\/tags?post=809"}],"curies":[{"name":"wp","href":"https:\/\/api.w.org\/{rel}","templated":true}]}}