{"id":81037,"date":"2023-07-24T09:14:07","date_gmt":"2023-07-24T07:14:07","guid":{"rendered":"https:\/\/www.mojevrijeme.hr\/magazin\/?p=81037"},"modified":"2023-07-24T09:14:11","modified_gmt":"2023-07-24T07:14:11","slug":"kako-u-prijevremenu-mirovinu-u-federaciji-bih","status":"publish","type":"post","link":"https:\/\/www.mojevrijeme.hr\/magazin\/2023\/07\/kako-u-prijevremenu-mirovinu-u-federaciji-bih\/","title":{"rendered":"Kako u prijevremenu mirovinu u Federaciji BiH?"},"content":{"rendered":"\n<p>Osiguranici koji su zaposleni na podru\u010dju Federacije BiH ne moraju \u010dekati 65 godina \u017eivota i 40 godina sta\u017ea kako bi ostvarili mirovinu. Prema va\u017ee\u0107em zakonu, u ovom bh. entitetu jo\u0161 je uvijek mogu\u0107 odlazak u prijevremenu mirovinu. Ipak, oni koji se odlu\u010de za tu opciju moraju znati kako \u0107e primati umanjeni iznos mirovine, pi\u0161e <a href=\"https:\/\/www.vecernji.ba\/vijesti\/muskarci-u-prijevremenu-mirovinu-mogu-do-2026-a-zene-do-2036-godine-1697233\" target=\"_blank\" rel=\"noreferrer noopener\">Ve\u010dernji list<\/a>.<\/p>\n\n\n\n<h3 class=\"wp-block-heading\"><strong>Uvjeti za ostvarenje<\/strong><\/h3>\n\n\n\n<p>Va\u017eno je napomenuti kako su uvjeti za ostvarenje izuzetne prijevremene starosne mirovine razli\u010diti za \u017eene i mu\u0161karce. Prema va\u017ee\u0107em zakonu, pravo na izuzetnu prijevremenu starosnu mirovinu mu\u0161karci u FBiH mo\u0107i \u0107e koristiti do 2026., a \u017eene do 2036.<\/p>\n\n\n\n<p>Tako mu\u0161karci koji ovo pravo \u017eele iskoristiti do kraja ove godine u trenutku predavanja zahtjeva za ostvarenje ove mirovine trebaju imati 63 godine \u017eivota i 38 godina sta\u017ea osiguranja, a 2024. na 63 godine i \u0161est mjeseci \u017eivota te 38 godina i \u0161est mjeseci sta\u017ea osiguranja.<\/p><div id=\"mojev-2376945580\" class=\"mojev-u-tekstu mojev-entity-placement\" style=\"margin-left: auto;margin-right: auto;text-align: center;\"><div class=\"mojev-adlabel\">oglas<\/div><div style=\"height: 250px;\"><script async src=\"https:\/\/pagead2.googlesyndication.com\/pagead\/js\/adsbygoogle.js?client=ca-pub-8106111766207173\"\r\n     crossorigin=\"anonymous\"><\/script>\r\n<!-- Prikazni 1 u tekstu -->\r\n<ins class=\"adsbygoogle\"\r\n     style=\"display:block\"\r\n     data-ad-client=\"ca-pub-8106111766207173\"\r\n     data-ad-slot=\"8535551207\"\r\n     data-ad-format=\"auto\"\r\n     data-full-width-responsive=\"true\"><\/ins>\r\n<script>\r\n     (adsbygoogle = window.adsbygoogle || []).push({});\r\n<\/script><\/div><\/div><br style=\"clear: both; display: block; float: none;\"\/>\n\n\n\n<p>U 2025. mu\u0161karci u FBiH \u0107e u prijevremenu mirovinu mo\u0107i tek s napunjene 64 godine \u017eivota i 39 godina sta\u017ea osiguranja, a u 2026. godini sa 64 godine i \u0161est mjeseci \u017eivota te 39 godina i \u0161est mjeseci sta\u017ea osiguranja.<\/p>\n\n\n\n<p>Kada je rije\u010d o \u017eenama, kako doznajemo, situacija je zna\u010dajno druga\u010dija, odnosno one \u0107e ovo pravo mo\u0107i ostvarivati \u010dak deset godina dulje nego mu\u0161karci. \u017dene koje \u017eele iskoristiti pravo na izuzetnu prijevremenu starosnu mirovinu u FBiH do kraja ove godine u trenutku predavanja prijave za mirovinu trebaju imati 58 godina \u017eivota i 33 godine sta\u017ea osiguranja, dok \u0107e u 2024. ovo pravo mo\u0107i iskoristi one osiguranice koje napune 58 godina i \u0161est mjeseci \u017eivota te 33 godine i \u0161est mjeseci sta\u017ea osiguranja.<\/p>\n\n\n\n<p>Godinu poslije, odnosno 2025., starosni prag penje se na 59 godina \u017eivota i 34 godine sta\u017ea osiguranja, a u 2026. na 59 godina i \u0161est mjeseci \u017eivota te 34 godine i \u0161est mjeseci sta\u017ea osiguranja. Tijekom 2027., prema ovom zakonu, za ostvarenje prijevremene mirovine u FBiH \u017eena \u0107e morati napuniti 60 godina \u017eivota i 35 godina sta\u017ea osiguranja, a tijekom 2028. 60 godina i \u0161est mjeseci \u017eivota te 35 godina i \u0161est mjeseci sta\u017ea osiguranja, dok se tijekom 2029. taj prag podi\u017ee na 61 godinu \u017eivota i 36 godina sta\u017ea osiguranja.<\/p>\n\n\n\n<p>Ako ne do\u0111e do izmjena zakona, u 2030. za prijevremenu mirovinu \u017eene \u0107e morati napuniti 61 godinu i \u0161est mjeseci \u017eivota te 36 godina i \u0161est mjeseci sta\u017ea osiguranja, u 2031. 62 godine \u017eivota i 37 godina sta\u017ea osiguranja, a u 2032. 62 godine i \u0161est mjeseci \u017eivota te 37 godina i \u0161est mjeseci sta\u017ea osiguranja. S navr\u0161ene 63 godine \u017eivota i 38 godina sta\u017ea osiguranja pravo na prijevremenu mirovinu \u017eene \u0107e ostvarivati tijekom 2033., a ve\u0107 godinu poslije trebat \u0107e im najmanje 63 godine i \u0161est mjeseci \u017eivota te 38 godina i \u0161est mjeseci sta\u017ea osiguranja. <\/p>\n\n\n\n<p>Zakon ka\u017ee kako se u 2035. prag podi\u017ee na 64 godine \u017eivota i 39 godina sta\u017ea osiguranja, dok \u0107e tijekom 2036. vrijediti pravilo od najmanje 64 godine i \u0161est mjeseci \u017eivota te 39 godina i \u0161est mjeseci sta\u017ea osiguranja.<\/p>\n\n\n\n<h3 class=\"wp-block-heading\"><strong>Iznosi i umanjenja<\/strong><\/h3>\n\n\n\n<p>Za svaki mjesec ranijeg odlaska u mirovinu u odnosu na propisanih 65 godina \u017eivota, iznos ostvarene mirovine umanjuje se za 0,333333 posto. Isti zakon stimulira ostanak u svijetu rada s dva posto godi\u0161nje te uklju\u010divanjem u izra\u010dun mirovine bodova i iznad 40 godina sta\u017ea.<\/p>\n\n\n\n<p>Podsjetimo, ovim zakonom omogu\u0107eno je umirovljenicima, korisnicima Zavoda MIO FBiH da nakon 65. godine i ostvarivanja mirovine nastave raditi ako na tr\u017ei\u0161tu rada ima mjesta za njih. Izmjenom \u010dlanka 116. Zakona o MIO nakon presude Ustavnog suda definirano je da umirovljenici koji su mirovinu ostvarili s 40 godina sta\u017ea osiguranja ili 65 godina \u017eivota mogu, uz istodobno kori\u0161tenje mirovine, biti i u radnom odnosu.<\/p>\n\n\n\n<p>Treba spomenuti i da je usvajanjem Zakona o mirovinskom i invalidskom osiguranju 2018. u FBiH smanjena minimalna granica za odlazak u mirovinu s 20 na 15 godina sta\u017ea te je ukinuta dotada poznata prijevremena mirovina, ali je uveden termin navedene izuzetne prijevremene starosne mirovine.<\/p>\n<div id=\"mojev-2661081677\" class=\"mojev-kraj-teksta mojev-entity-placement\" style=\"margin-bottom: 20px;margin-left: auto;margin-right: auto;text-align: center;\"><div class=\"mojev-adlabel\">oglas<\/div><div style=\"height: 250px;\"><script async src=\"https:\/\/pagead2.googlesyndication.com\/pagead\/js\/adsbygoogle.js?client=ca-pub-8106111766207173\"\r\n     crossorigin=\"anonymous\"><\/script>\r\n<!-- Display-1 -->\r\n<ins class=\"adsbygoogle\"\r\n     style=\"display:block\"\r\n     data-ad-client=\"ca-pub-8106111766207173\"\r\n     data-ad-slot=\"1465712950\"\r\n     data-ad-format=\"auto\"\r\n     data-full-width-responsive=\"true\"><\/ins>\r\n<script>\r\n     (adsbygoogle = window.adsbygoogle || []).push({});\r\n<\/script><\/div><\/div>","protected":false},"excerpt":{"rendered":"<p>Za svaki mjesec ranijeg odlaska u mirovinu u odnosu na propisanih 65 godina \u017eivota, iznos ostvarene mirovine umanjuje se za 0,333333 posto. Isti zakon stimulira ostanak u svijetu rada s dva posto godi\u0161nje te uklju\u010divanjem u izra\u010dun mirovine bodova i iznad 40 godina sta\u017ea.<\/p>\n","protected":false},"author":1,"featured_media":72393,"comment_status":"closed","ping_status":"closed","sticky":false,"template":"","format":"standard","meta":{"footnotes":""},"categories":[9],"tags":[3411,3498,3000],"class_list":["post-81037","post","type-post","status-publish","format-standard","has-post-thumbnail","hentry","category-vijesti","tag-federacija-bih","tag-penalizacija","tag-prijevremena-mirovina"],"_links":{"self":[{"href":"https:\/\/www.mojevrijeme.hr\/magazin\/wp-json\/wp\/v2\/posts\/81037","targetHints":{"allow":["GET"]}}],"collection":[{"href":"https:\/\/www.mojevrijeme.hr\/magazin\/wp-json\/wp\/v2\/posts"}],"about":[{"href":"https:\/\/www.mojevrijeme.hr\/magazin\/wp-json\/wp\/v2\/types\/post"}],"author":[{"embeddable":true,"href":"https:\/\/www.mojevrijeme.hr\/magazin\/wp-json\/wp\/v2\/users\/1"}],"replies":[{"embeddable":true,"href":"https:\/\/www.mojevrijeme.hr\/magazin\/wp-json\/wp\/v2\/comments?post=81037"}],"version-history":[{"count":0,"href":"https:\/\/www.mojevrijeme.hr\/magazin\/wp-json\/wp\/v2\/posts\/81037\/revisions"}],"wp:featuredmedia":[{"embeddable":true,"href":"https:\/\/www.mojevrijeme.hr\/magazin\/wp-json\/wp\/v2\/media\/72393"}],"wp:attachment":[{"href":"https:\/\/www.mojevrijeme.hr\/magazin\/wp-json\/wp\/v2\/media?parent=81037"}],"wp:term":[{"taxonomy":"category","embeddable":true,"href":"https:\/\/www.mojevrijeme.hr\/magazin\/wp-json\/wp\/v2\/categories?post=81037"},{"taxonomy":"post_tag","embeddable":true,"href":"https:\/\/www.mojevrijeme.hr\/magazin\/wp-json\/wp\/v2\/tags?post=81037"}],"curies":[{"name":"wp","href":"https:\/\/api.w.org\/{rel}","templated":true}]}}