{"id":81041,"date":"2023-07-24T11:00:13","date_gmt":"2023-07-24T09:00:13","guid":{"rendered":"https:\/\/www.mojevrijeme.hr\/magazin\/?p=81041"},"modified":"2023-07-27T13:04:37","modified_gmt":"2023-07-27T11:04:37","slug":"kome-pripada-mirovina-koju-je-moj-muz-zaradio-ako-ne-meni","status":"publish","type":"post","link":"https:\/\/www.mojevrijeme.hr\/magazin\/2023\/07\/kome-pripada-mirovina-koju-je-moj-muz-zaradio-ako-ne-meni\/","title":{"rendered":"&#8216;Kome pripada mirovina koju je moj mu\u017e zaradio, ako ne meni?&#8217;"},"content":{"rendered":"\n<p>\u017dene koje su radile 40 i vi\u0161e godina, na stresnim i odgovornim, a samim time i bolje pla\u0107enim poslovima, zaradile su, razumljivo je, i ne\u0161to ve\u0107u mirovinu. Na\u017ealost, mnoge nam pi\u0161u da su ubrzo nakon umirovljenja ostale udovice. <\/p>\n\n\n\n<p>Same snose sve tro\u0161kove i osobito kad do\u0111e sezona grijanja, shvate da im mirovine, iako prelaze 868,80 eura, nisu astronomske. Pa \u010dak i da jesu, ljuti ih \u0161to uop\u0107e postoji limit za ostvarivanje prava na barem dio mirovine supru\u017enika.<\/p>\n\n\n\n<p>Na niz nepravdi koje trpi tako je ukazala i <strong>umirovljenica Karla<\/strong>. &#8220;Ostala sam udovica kad je na\u0161e dijete bilo staro samo tri godine, a danas, nakon 41 godine sta\u017ea i nakon \u0161to sam u mirovinu oti\u0161la sa 65 godina \u017eivota, imam takvu mirovinu da nemam ni pravo na dio mu\u017eeve mirovine. Za\u0161to, pitam, kad je on godinama upla\u0107ivao u mirovinski fond?! Zato \u0161to je moja mirovina previsoka?! Zapravo smatram da je daleko ni\u017ea od one kakva bi trebala biti s obzirom na posao koji sam radila i na to koliko sam izdvajala u mirovinski fond&#8221;, istaknula je umirovljenica kojoj mirovina prelazi zakonom propisanih 868,80 eura pa je to razlog zbog kojeg ne mo\u017ee ostvariti pravo na isplatu dijela obiteljske mirovine.<\/p><div id=\"mojev-3673318402\" class=\"mojev-u-tekstu mojev-entity-placement\" style=\"margin-left: auto;margin-right: auto;text-align: center;\"><div class=\"mojev-adlabel\">oglas<\/div><div style=\"height: 250px;\"><script async src=\"https:\/\/pagead2.googlesyndication.com\/pagead\/js\/adsbygoogle.js?client=ca-pub-8106111766207173\"\r\n     crossorigin=\"anonymous\"><\/script>\r\n<!-- Prikazni 1 u tekstu -->\r\n<ins class=\"adsbygoogle\"\r\n     style=\"display:block\"\r\n     data-ad-client=\"ca-pub-8106111766207173\"\r\n     data-ad-slot=\"8535551207\"\r\n     data-ad-format=\"auto\"\r\n     data-full-width-responsive=\"true\"><\/ins>\r\n<script>\r\n     (adsbygoogle = window.adsbygoogle || []).push({});\r\n<\/script><\/div><\/div><br style=\"clear: both; display: block; float: none;\"\/>\n\n\n\n<p>&#8220;Ja nisam ostvarila pravo niti na energetski dodatak, zar se ja ne trebam grijati? Mirovine kod nas doista jesu mizerija, znam da ljudi \u017eive ne na granici siroma\u0161tva, ve\u0107 u velikoj bijedi i da, treba im pomo\u0107i, ali treba pomo\u0107i svima pravedno. Ovako sada netko s 15 godina sta\u017ea dobiva gomilu beneficija, besplatan prijevoz, oslobo\u0111enje od participacije za zdravstveno, energetski dodatak, a mi koji smo odradili puni radni vijek i uplatili puno novaca u mirovinski fond, mi ne dobivamo ni\u0161ta, ve\u0107 golu mirovinu. Razlika izme\u0111u nas se sve vi\u0161e smanjuje, a uskla\u0111enja mirovine jedva pokrivaju samo dio inflacije. Obavezno \u0107u oti\u0107i na protestni skup koji se trebao odr\u017eati puno ranije, jer je neosjetljivost vladaju\u0107ih prema umirovljenicima prevelika&#8221;, istaknula je na\u0161a \u010ditateljica Karla.<\/p>\n\n\n\n<p>Ima tu jo\u0161 nepravdi u slu\u010daju gospo\u0111e Karle. &#8220;Rodila sam pred kraj studija i naravno, nisam jo\u0161 bila zaposlena pa nisam koristila ni porodiljni dopust. Eto, zato nemam pravo ni na dodatnih \u0161est mjeseci sta\u017ea. Pitanje koje se odmah name\u0107e je &#8211; \u0161to je radila udruga umirovljenika kada je donesen tako diskriminiraju\u0107i zakon?! Gdje smo sve mi ostale majke koje smo rodile i othranile svoju djecu, bilo u braku, bilo kao udovice?&#8221;, pita javno nadle\u017ene.<\/p>\n\n\n\n<h3 class=\"wp-block-heading\">Kome pripada ono \u0161to je moj mu\u017e zaradio, ako ne meni?<\/h3>\n\n\n\n<p><strong>Umirovljenica Pina<\/strong> nam pi\u0161e: &#8220;Zar je mogu\u0107e da predstavnici umirovljenika u suglasnosti s vladaju\u0107om strukturom mogu donijeti takve bestijalne, nepravedne i nepo\u0161tene odluke? Nepo\u0161teno je da se zbog jednog nepravedno postavljenog limita bilo kome oduzme pravo na kori\u0161tenja dijela penzije supru\u017enika!&#8221;<\/p>\n\n\n\n<p>&#8220;One koji su taj zakon donijeli pitam jesu li se pri dono\u0161enju te odluke osvrnuli na te\u017eak i mukotrpan rad umirovljenika za 40 i vi\u0161e godina rada i izdvajanja?<\/p>\n\n\n\n<p>&#8220;Kad se usporedim s onima koji ostvarili penziju, a nisu odradili ni jedan radni dan, koliko bi onda izra\u010dun mirovine trebao iznositi nama za 40 godina rada? Podizanjem najni\u017eih mirovina i dijeljenje kojekakvih beneficija samo onima s malim mirovinama, izjedna\u010diti \u0107e se najni\u017ee i sada\u0161nje vi\u0161e mirovine. Ako su mirovine male onda ispravite njihov klju\u010d obra\u010duna!&#8221;<\/p>\n\n\n\n<p>&#8220;Na kraju apeliram na najve\u0107u nepravdu \u2013 vratite nam obiteljske mirovine, bez limita! Na\u0161i su mu\u017eevi silne godine davali u mirovinski fond, ali zbog preranog odlaska nisu iskoristili svoje pravo. Ako taj novac ne pripada pre\u017eivjelom supru\u017eniku, kome pripada? Tu\u017eno i nepo\u0161teno&#8221;, pi\u0161e nam gospo\u0111a Pina.<\/p>\n\n\n\n<h3 class=\"wp-block-heading\">Za ni simboli\u010dan iznos?!<\/h3>\n\n\n\n<p><strong>Umirovljenica Ana<\/strong> svoju je mirovinu zaradila rade\u0107i 41 godinu, nakon \u010dega je ostvarila i pravo na starosnu mirovinu. Njezin suprug je svoju mirovinu u\u017eivao tek ne\u0161to vi\u0161e od godinu dana, a ona nakon njegove smrti nema pravo u\u017eivati ni najmanji postotak njegovog cjelo\u017eivotnog mukotrpnog rada.<\/p>\n\n\n\n<p>&#8220;Mirovina mi prelazi iznos koji je propisan i ne mogu ostvariti pravo na makar i simboli\u010dni iznos obiteljske mirovine. Suprug je umro samo 15 mjeseci nakon \u0161to je oti\u0161ao u mirovinu. \u0160tovi\u0161e, sve donedavno HZZO mi je od mirovine uzimao i doprinos za zdravstveno osiguranje, a pla\u0107am i dalje porez i prirez&#8221;, objasnila je svoju situaciju kojom je nezadovoljna.<\/p>\n\n\n\n<p>Osje\u0107a se, pi\u0161e nam, kao &#8220;Marsovka u ovoj dr\u017eavi koja obilato na razne na\u010dine poma\u017ee osobe koje u vrijeme kada su mogle, nisu doprinosile fondovima zdravstvenog i mirovinskog osiguranja.&#8221;<\/p>\n\n\n\n<p>&#8220;Stvarno sam razo\u010darana i duboko povrije\u0111ena takvim odnosom moje dr\u017eave. Poru\u010dila bi odgovornima, ako ve\u0107 kopirate njema\u010dki sustav mirovinskog osiguranja, onda znajte da postoji pravo na takozvanu <em>grosse<\/em> i kleine <em>Witwe Rente<\/em> (veliku i malu udovi\u010dku mirovinu), a vi nam ne date ni\u0161ta. Toliko o ovoj temi koja \u0107e valjda jednog dana zaslu\u017eili vi\u0161e pozornosti&#8221;, poru\u010duje umirovljenica Ana.<\/p>\n\n\n\n<div id=\"crveno\"><\/p>\n\n\n\n<h3 class=\"wp-block-heading\">Zanima nas va\u0161a pri\u010da<\/h3>\n\n\n\n<p>\u017delite li i vi, posve anonimno, podijeliti svoje iskustvo i vi\u0111enje ove teme s nama i na\u0161im \u010ditateljima, mo\u017eete to u\u010diniti putem web obrasca <a rel=\"noreferrer noopener\" href=\"https:\/\/www.mojevrijeme.hr\/magazin\/povjerljivo\/\" target=\"_blank\">Povjerljivo<\/a>. Napi\u0161ite svoju pri\u010du!<\/p>\n\n\n\n<p><\/div>\n<div id=\"mojev-3238340338\" class=\"mojev-kraj-teksta mojev-entity-placement\" style=\"margin-bottom: 20px;margin-left: auto;margin-right: auto;text-align: center;\"><div class=\"mojev-adlabel\">oglas<\/div><div style=\"height: 250px;\"><script async src=\"https:\/\/pagead2.googlesyndication.com\/pagead\/js\/adsbygoogle.js?client=ca-pub-8106111766207173\"\r\n     crossorigin=\"anonymous\"><\/script>\r\n<!-- Display-1 -->\r\n<ins class=\"adsbygoogle\"\r\n     style=\"display:block\"\r\n     data-ad-client=\"ca-pub-8106111766207173\"\r\n     data-ad-slot=\"1465712950\"\r\n     data-ad-format=\"auto\"\r\n     data-full-width-responsive=\"true\"><\/ins>\r\n<script>\r\n     (adsbygoogle = window.adsbygoogle || []).push({});\r\n<\/script><\/div><\/div>","protected":false},"excerpt":{"rendered":"<p>&#8216;Kome pripada ono \u0161to je moj mu\u017e zaradio, ako ne meni&#8217;, pitaju se udovice koje zbog zakonskih ograni\u010denja nisu ostvarile pravo na dio obiteljske mirovine. Takav zakon smatraju nepo\u0161tenim te su razo\u010darane i osje\u0107aju se uvrije\u0111enima. Donosimo njihove pri\u010de. <\/p>\n","protected":false},"author":17,"featured_media":81067,"comment_status":"closed","ping_status":"closed","sticky":false,"template":"","format":"standard","meta":{"footnotes":""},"categories":[3552],"tags":[1010,800],"class_list":["post-81041","post","type-post","status-publish","format-standard","has-post-thumbnail","hentry","category-povjerljivo","tag-obiteske-mirovine","tag-udovice"],"_links":{"self":[{"href":"https:\/\/www.mojevrijeme.hr\/magazin\/wp-json\/wp\/v2\/posts\/81041","targetHints":{"allow":["GET"]}}],"collection":[{"href":"https:\/\/www.mojevrijeme.hr\/magazin\/wp-json\/wp\/v2\/posts"}],"about":[{"href":"https:\/\/www.mojevrijeme.hr\/magazin\/wp-json\/wp\/v2\/types\/post"}],"author":[{"embeddable":true,"href":"https:\/\/www.mojevrijeme.hr\/magazin\/wp-json\/wp\/v2\/users\/17"}],"replies":[{"embeddable":true,"href":"https:\/\/www.mojevrijeme.hr\/magazin\/wp-json\/wp\/v2\/comments?post=81041"}],"version-history":[{"count":0,"href":"https:\/\/www.mojevrijeme.hr\/magazin\/wp-json\/wp\/v2\/posts\/81041\/revisions"}],"wp:featuredmedia":[{"embeddable":true,"href":"https:\/\/www.mojevrijeme.hr\/magazin\/wp-json\/wp\/v2\/media\/81067"}],"wp:attachment":[{"href":"https:\/\/www.mojevrijeme.hr\/magazin\/wp-json\/wp\/v2\/media?parent=81041"}],"wp:term":[{"taxonomy":"category","embeddable":true,"href":"https:\/\/www.mojevrijeme.hr\/magazin\/wp-json\/wp\/v2\/categories?post=81041"},{"taxonomy":"post_tag","embeddable":true,"href":"https:\/\/www.mojevrijeme.hr\/magazin\/wp-json\/wp\/v2\/tags?post=81041"}],"curies":[{"name":"wp","href":"https:\/\/api.w.org\/{rel}","templated":true}]}}