{"id":81130,"date":"2023-07-25T08:12:21","date_gmt":"2023-07-25T06:12:21","guid":{"rendered":"https:\/\/www.mojevrijeme.hr\/magazin\/?p=81130"},"modified":"2023-07-25T09:52:40","modified_gmt":"2023-07-25T07:52:40","slug":"njemica-pisala-premijeru-zeli-mirovinu-od-1-300-eura-dosta-je-nepravde","status":"publish","type":"post","link":"https:\/\/www.mojevrijeme.hr\/magazin\/2023\/07\/njemica-pisala-premijeru-zeli-mirovinu-od-1-300-eura-dosta-je-nepravde\/","title":{"rendered":"Njemica pisala premijeru, \u017eeli mirovinu od 1.300 eura: Dosta je nepravde!"},"content":{"rendered":"\n<p>\u017dena iz W\u00fcrzburga radila je 33 godine u Njema\u010dkoj. Njena mirovina je tolika da \u017eena \u017eivi na rubu siroma\u0161tva. O\u010dajna zbog situacije u kojoj se nalazi pisala je bavarskom premijeru Markusu S\u00f6deru.<\/p>\n\n\n\n<p>&#8220;Bila sam \u0161kolovana trgovkinja na malo&#8221;, rekla je umirovljenica. Radila je kao dispe\u010derica u centralnoj nabavi jedne trgovine mje\u0161ovitom robom. &#8220;U pro\u0161losti je \u017eenama bilo te\u0161ko tra\u017eiti istu pla\u0107u kao mu\u0161karcima&#8221;, obja\u0161njava 82-godi\u0161njakinja. To sada ima utjecaja na njezinu mirovinu, javlja <a href=\"https:\/\/fenix-magazin.de\/radila-je-33-godine-u-njemackoj-a-sada-je-rubu-siromastva-pisala-premijeru-svoju-mirovinu-smatram-nepravednom\/\" target=\"_blank\" rel=\"noreferrer noopener\">Fenix magazin<\/a>.<\/p>\n\n\n\n<p>svoju nisku mirovinu smatra nepravednom. &#8220;U starosti imate tro\u0161kove koje kada ste mladi nemate. Na primjer, trebate imati pomo\u0107 u stanu. Ne mogu se vi\u0161e kretati kako \u017eelim&#8221;, ka\u017ee. Osim toga, zbog bolesti je u 50. godini postala nesposobna za rad i puno je boravila u bolnici. <\/p><div id=\"mojev-1264726974\" class=\"mojev-u-tekstu mojev-entity-placement\" style=\"margin-left: auto;margin-right: auto;text-align: center;\"><div class=\"mojev-adlabel\">oglas<\/div><div style=\"height: 250px;\"><script async src=\"https:\/\/pagead2.googlesyndication.com\/pagead\/js\/adsbygoogle.js?client=ca-pub-8106111766207173\"\r\n     crossorigin=\"anonymous\"><\/script>\r\n<!-- Prikazni 1 u tekstu -->\r\n<ins class=\"adsbygoogle\"\r\n     style=\"display:block\"\r\n     data-ad-client=\"ca-pub-8106111766207173\"\r\n     data-ad-slot=\"8535551207\"\r\n     data-ad-format=\"auto\"\r\n     data-full-width-responsive=\"true\"><\/ins>\r\n<script>\r\n     (adsbygoogle = window.adsbygoogle || []).push({});\r\n<\/script><\/div><\/div><br style=\"clear: both; display: block; float: none;\"\/>\n\n\n\n<p>Ova 82-godi\u0161nja umirovljenica nije udana i nema djece pa ne prima ni mirovinu od srodnika. \u017divi u socijalnim stanovima u W\u00fcrzburgu. Ne \u017eeli jednostavno prihvatiti svoju mjese\u010dnu mirovinu. <\/p>\n\n\n\n<p>U pismu koje je napisala S\u00f6deru zatra\u017eila je osnovnu starosnu mirovinu od najmanje 1.300 eura. Rekla je njema\u010dkim medijima kako je dobila odgovor od Ministarstva za obitelj, rad i socijalna pitanja u kojemu je navedeno izme\u0111u ostalog kako umirovljenici koji nemaju dovoljno novca da mogu ostvariti razli\u010dite vidove pomo\u0107i, poput naknade za stanovanje.<\/p>\n<div id=\"mojev-4083264291\" class=\"mojev-kraj-teksta mojev-entity-placement\" style=\"margin-bottom: 20px;margin-left: auto;margin-right: auto;text-align: center;\"><div class=\"mojev-adlabel\">oglas<\/div><div style=\"height: 250px;\"><script async src=\"https:\/\/pagead2.googlesyndication.com\/pagead\/js\/adsbygoogle.js?client=ca-pub-8106111766207173\"\r\n     crossorigin=\"anonymous\"><\/script>\r\n<!-- Display-1 -->\r\n<ins class=\"adsbygoogle\"\r\n     style=\"display:block\"\r\n     data-ad-client=\"ca-pub-8106111766207173\"\r\n     data-ad-slot=\"1465712950\"\r\n     data-ad-format=\"auto\"\r\n     data-full-width-responsive=\"true\"><\/ins>\r\n<script>\r\n     (adsbygoogle = window.adsbygoogle || []).push({});\r\n<\/script><\/div><\/div>","protected":false},"excerpt":{"rendered":"<p>Ova 82-godi\u0161nja umirovljenica nije udana i nema djece pa ne prima ni mirovinu od srodnika. \u017divi u socijalnim stanovima u W\u00fcrzburgu. Ne \u017eeli jednostavno prihvatiti svoju mjese\u010dnu mirovinu. <\/p>\n","protected":false},"author":1,"featured_media":69779,"comment_status":"closed","ping_status":"closed","sticky":false,"template":"","format":"standard","meta":{"footnotes":""},"categories":[9],"tags":[18,127,236,77],"class_list":["post-81130","post","type-post","status-publish","format-standard","has-post-thumbnail","hentry","category-vijesti","tag-mirovine","tag-njemacka","tag-standard","tag-umirovljenici"],"_links":{"self":[{"href":"https:\/\/www.mojevrijeme.hr\/magazin\/wp-json\/wp\/v2\/posts\/81130","targetHints":{"allow":["GET"]}}],"collection":[{"href":"https:\/\/www.mojevrijeme.hr\/magazin\/wp-json\/wp\/v2\/posts"}],"about":[{"href":"https:\/\/www.mojevrijeme.hr\/magazin\/wp-json\/wp\/v2\/types\/post"}],"author":[{"embeddable":true,"href":"https:\/\/www.mojevrijeme.hr\/magazin\/wp-json\/wp\/v2\/users\/1"}],"replies":[{"embeddable":true,"href":"https:\/\/www.mojevrijeme.hr\/magazin\/wp-json\/wp\/v2\/comments?post=81130"}],"version-history":[{"count":0,"href":"https:\/\/www.mojevrijeme.hr\/magazin\/wp-json\/wp\/v2\/posts\/81130\/revisions"}],"wp:featuredmedia":[{"embeddable":true,"href":"https:\/\/www.mojevrijeme.hr\/magazin\/wp-json\/wp\/v2\/media\/69779"}],"wp:attachment":[{"href":"https:\/\/www.mojevrijeme.hr\/magazin\/wp-json\/wp\/v2\/media?parent=81130"}],"wp:term":[{"taxonomy":"category","embeddable":true,"href":"https:\/\/www.mojevrijeme.hr\/magazin\/wp-json\/wp\/v2\/categories?post=81130"},{"taxonomy":"post_tag","embeddable":true,"href":"https:\/\/www.mojevrijeme.hr\/magazin\/wp-json\/wp\/v2\/tags?post=81130"}],"curies":[{"name":"wp","href":"https:\/\/api.w.org\/{rel}","templated":true}]}}