{"id":81186,"date":"2023-07-25T18:22:29","date_gmt":"2023-07-25T16:22:29","guid":{"rendered":"https:\/\/www.mojevrijeme.hr\/magazin\/?p=81186"},"modified":"2023-07-25T19:56:34","modified_gmt":"2023-07-25T17:56:34","slug":"mirovina-mi-je-370-a-drva-za-zimu-800-eura-tko-ce-se-jos-grijati","status":"publish","type":"post","link":"https:\/\/www.mojevrijeme.hr\/magazin\/2023\/07\/mirovina-mi-je-370-a-drva-za-zimu-800-eura-tko-ce-se-jos-grijati\/","title":{"rendered":"&#8216;Mirovina mi je 370, a drva za zimu 800 eura. Tko \u0107e se jo\u0161 grijati?&#8217;"},"content":{"rendered":"\n<p>Dok je suprug gospo\u0111e Ru\u017ee bio \u017eiv, kupili bi trupce pa bi on ljeti cijepao drva i tu bi si pri\u0161tedjeli na grijanju. &#8220;Otkad sam sama, ja bi, ako se \u017eelim normalno grijati \u2013 a zime su kod nas hladne i duge \u2013 trebala kupiti najmanje pet paleta drva. To me iza\u0111e 800 eura, odakle mi? Za to moram cijelu godinu izdvajati oko 70 eura. S tim da ljeti moram kupiti i bocu plina, jer zimi kuham na drva, a ljeti to nema smisla&#8221;, govori nam gospo\u0111a Ru\u017eica.<\/p>\n\n\n\n<p>Kako ka\u017ee, to \u0161to je sama u doma\u0107instvu, kad je grijanje u pitanju, ni\u0161ta joj ne zna\u010di. &#8220;Grijala se ja sama ili nas jo\u0161 petero, isto se drva potro\u0161i. Grijem samo boravak, blagovaonicu i kuhinju, za najja\u010dih hladno\u0107a pustim toplinu jo\u0161 malo niz hodnik do sobe, da ba\u0161 ne spavam u ledenjari. I to vam je to, drva se brzo tro\u0161e&#8221;, ka\u017ee nadalje.<\/p>\n\n\n\n<h3 class=\"wp-block-heading\">Kad do\u0111u unuci, zalo\u017ei ja\u010de<\/h3>\n\n\n\n<p>Kad do\u0111u unuci iz Zagreba, jedino tada lo\u017ei centralno grijanje. &#8220;Djeci grijem onda i gore cijelo potkrovlje, a treba im i topla voda. Ja sebi vodu grijem na pe\u0107i, za nu\u017edu imam i bojler na struju, ali tu jako \u0161tedim&#8221;, otkrila je.<\/p><div id=\"mojev-4001265598\" class=\"mojev-u-tekstu mojev-entity-placement\" style=\"margin-left: auto;margin-right: auto;text-align: center;\"><div class=\"mojev-adlabel\">oglas<\/div><div style=\"height: 250px;\"><script async src=\"https:\/\/pagead2.googlesyndication.com\/pagead\/js\/adsbygoogle.js?client=ca-pub-8106111766207173\"\r\n     crossorigin=\"anonymous\"><\/script>\r\n<!-- Prikazni 1 u tekstu -->\r\n<ins class=\"adsbygoogle\"\r\n     style=\"display:block\"\r\n     data-ad-client=\"ca-pub-8106111766207173\"\r\n     data-ad-slot=\"8535551207\"\r\n     data-ad-format=\"auto\"\r\n     data-full-width-responsive=\"true\"><\/ins>\r\n<script>\r\n     (adsbygoogle = window.adsbygoogle || []).push({});\r\n<\/script><\/div><\/div><br style=\"clear: both; display: block; float: none;\"\/>\n\n\n\n<p>Potom je naglasila da je to s drvima prava agonija, jer \u010dak i sada, kad kupi gotovu paletu narezanih drva, muku mu\u010di cijelu zimu svaki ili svaki drugi izlaziti u drvarnik i nositi. &#8220;Treba donijeti ta drva na prvi kat ku\u0107e, po stepenicama, non-stop, nije to lagano, moram iza\u0107i van, pa do drvarnika. Zimi prvo o\u010distim snijeg, onda pepelom posipam led, tek onda krenem nositi&#8221;, ispri\u010dala je.<\/p>\n\n\n\n<p>Nije, ka\u017ee, vi\u0161e u punoj snazi, te\u0161ko se za \u017eivota naradila te pati od autoimunog reumatskog oboljenja. &#8220;Znaju me tako boljeti ruke i noge, da se jedva kre\u0107em. Trenutno sam na injekcijama pa sam bolje, ali dugo mi nisu mogli pogoditi terapiju. Mislim da sam oboljela od stresa kad je umro suprug, jer mi je to tada sve krenulo nagore. Bavila sam se te\u0161kim poljoprivrednim poslovima, imali smo krave, potro\u0161i se \u010dovjek&#8221;, pri\u010da nam.<\/p>\n\n\n\n<p>Potom je rekla da se nakon suprugove smrti odlu\u010dila uzeti obiteljsku mirovinu, jer se suprug rano umirovio budu\u0107i da je radio na poslovima s beneficiranim radnim sta\u017eem.<\/p>\n\n\n\n<h3 class=\"wp-block-heading\">&#8220;Ne bih dogurala do starosne poljoprivredne&#8221;<\/h3>\n\n\n\n<p>&#8220;Suprug je rano oti\u0161ao u mirovinu \u2013 ve\u0107 je nekoliko godina bio penzioner kad je umro \u2013 jer je radio kao \u0161umski radnik, potom kao profesionalni voza\u010d i na kraju kao policajac. Meni se isplatilo uzeti obiteljsku mirovinu na koju sam imala pravo nakon 50. godine svog \u017eivota. Zaklju\u010dila sam da je bolje da to uzmem, jer sam vidjela da sama ne\u0107u dogurati do starosne, i to tek minimalne poljoprivredne mirovine. Ne bih je ni do\u010dekala, jer ne bih mogla sama obaviti ko\u0161nju i \u0161talu, tu je on odra\u0111ivao pola posla&#8221;, objasnila je.<\/p>\n\n\n\n<p>Sada si, ka\u017ee, uz 370 eura obiteljske mirovine, uspije jo\u0161 pone\u0161to privrediti za vlastite potrebe, da ne mora svako malo u trgovinu. &#8220;Iako mi je zdravlje na\u010deto, imam koko\u0161i i vrt, imam i puno vo\u0107aka oko ku\u0107e. Radim si zimnicu i jedino tako mogu pre\u017eivjeti, jedino se tako mogu grijati. Imam sina koji ima obitelj i \u017eive u Rijeci, ali vjerujte mi, uz dvoje djece, bez vlastitog stana i uz ovu inflaciju, oni nemaju ni za sebe koliko im treba. Nemam srca uzeti ni deset eura od njih, sretna sam kad djeci kupim ne\u0161to za ro\u0111endan i Bo\u017ei\u0107&#8221;, uzdahnula je na kraju na\u0161eg razgovora gospo\u0111a Ru\u017eica.<\/p>\n\n\n\n<div id=\"crveno\"><\/p>\n\n\n\n<h3 class=\"wp-block-heading\">Zanima nas va\u0161a pri\u010da<\/h3>\n\n\n\n<p>\u017delite li i vi, posve anonimno, podijeliti svoje iskustvo i vi\u0111enje ove teme s nama i na\u0161im \u010ditateljima, mo\u017eete to u\u010diniti putem web obrasca <a rel=\"noreferrer noopener\" href=\"https:\/\/www.mojevrijeme.hr\/magazin\/povjerljivo\/\" target=\"_blank\">Povjerljivo<\/a>. Napi\u0161ite svoju pri\u010du!<\/p>\n\n\n\n<p><\/div>\n<div id=\"mojev-120700019\" class=\"mojev-kraj-teksta mojev-entity-placement\" style=\"margin-bottom: 20px;margin-left: auto;margin-right: auto;text-align: center;\"><div class=\"mojev-adlabel\">oglas<\/div><div style=\"height: 250px;\"><script async src=\"https:\/\/pagead2.googlesyndication.com\/pagead\/js\/adsbygoogle.js?client=ca-pub-8106111766207173\"\r\n     crossorigin=\"anonymous\"><\/script>\r\n<!-- Display-1 -->\r\n<ins class=\"adsbygoogle\"\r\n     style=\"display:block\"\r\n     data-ad-client=\"ca-pub-8106111766207173\"\r\n     data-ad-slot=\"1465712950\"\r\n     data-ad-format=\"auto\"\r\n     data-full-width-responsive=\"true\"><\/ins>\r\n<script>\r\n     (adsbygoogle = window.adsbygoogle || []).push({});\r\n<\/script><\/div><\/div>","protected":false},"excerpt":{"rendered":"<p>Gospo\u0111a Ru\u017eica (59) \u017eivi sama u Gorskom kotaru i ve\u0107 tri ljeta, otkako je iznenada u 56. godini \u017eivota preminuo njezin suprug Mirko, muku mu\u010di s kupnjom drva. Prima obiteljsku mirovinu od 370 eura i od toga \u0161tedi, ka\u017ee, cijelu godinu da bi si mogla priu\u0161titi pet paleta. Po paleti pla\u0107a 160 eura.<\/p>\n","protected":false},"author":17,"featured_media":81209,"comment_status":"closed","ping_status":"closed","sticky":false,"template":"","format":"standard","meta":{"footnotes":""},"categories":[3552],"tags":[2575,18],"class_list":["post-81186","post","type-post","status-publish","format-standard","has-post-thumbnail","hentry","category-povjerljivo","tag-energetsko-siromastvo","tag-mirovine"],"_links":{"self":[{"href":"https:\/\/www.mojevrijeme.hr\/magazin\/wp-json\/wp\/v2\/posts\/81186","targetHints":{"allow":["GET"]}}],"collection":[{"href":"https:\/\/www.mojevrijeme.hr\/magazin\/wp-json\/wp\/v2\/posts"}],"about":[{"href":"https:\/\/www.mojevrijeme.hr\/magazin\/wp-json\/wp\/v2\/types\/post"}],"author":[{"embeddable":true,"href":"https:\/\/www.mojevrijeme.hr\/magazin\/wp-json\/wp\/v2\/users\/17"}],"replies":[{"embeddable":true,"href":"https:\/\/www.mojevrijeme.hr\/magazin\/wp-json\/wp\/v2\/comments?post=81186"}],"version-history":[{"count":0,"href":"https:\/\/www.mojevrijeme.hr\/magazin\/wp-json\/wp\/v2\/posts\/81186\/revisions"}],"wp:featuredmedia":[{"embeddable":true,"href":"https:\/\/www.mojevrijeme.hr\/magazin\/wp-json\/wp\/v2\/media\/81209"}],"wp:attachment":[{"href":"https:\/\/www.mojevrijeme.hr\/magazin\/wp-json\/wp\/v2\/media?parent=81186"}],"wp:term":[{"taxonomy":"category","embeddable":true,"href":"https:\/\/www.mojevrijeme.hr\/magazin\/wp-json\/wp\/v2\/categories?post=81186"},{"taxonomy":"post_tag","embeddable":true,"href":"https:\/\/www.mojevrijeme.hr\/magazin\/wp-json\/wp\/v2\/tags?post=81186"}],"curies":[{"name":"wp","href":"https:\/\/api.w.org\/{rel}","templated":true}]}}