{"id":81196,"date":"2023-07-25T13:33:45","date_gmt":"2023-07-25T11:33:45","guid":{"rendered":"https:\/\/www.mojevrijeme.hr\/magazin\/?p=81196"},"modified":"2023-07-25T13:33:49","modified_gmt":"2023-07-25T11:33:49","slug":"umirovljenici-rade-uz-mirovinu-padaju-rekordi-sve-ih-je-vise","status":"publish","type":"post","link":"https:\/\/www.mojevrijeme.hr\/magazin\/2023\/07\/umirovljenici-rade-uz-mirovinu-padaju-rekordi-sve-ih-je-vise\/","title":{"rendered":"Umirovljenici rade uz mirovinu: Padaju rekordi, sve ih je vi\u0161e!"},"content":{"rendered":"\n<p>Pri prijavljivanju potreba za radnicima poslodavci Hrvatskom zavodu za zapo\u0161ljavanje (HZZ) sve \u010de\u0161\u0107e nazna\u010davaju da su zainteresirani i za zapo\u0161ljavanje umirovljenika koji uz rad na pola radnog vremena zadr\u017eavaju i pravo na mirovine.<\/p>\n\n\n\n<p>Prema HZZ-ovu podportalu za umirovljenike, s tom naznakom u ponudi se trenutno vrti izme\u0111u 900 i 1.000 poslova. Najvi\u0161e se tra\u017ee prodava\u010di, na koje se odnosi pribli\u017eno svako sedmo ogla\u0161eno radno mjesto, a me\u0111u najtra\u017eenijim zanimanjima su i medicinske sestre, kuhari, dostavlja\u010di, konobari, nalaizira <a rel=\"noreferrer noopener\" href=\"https:\/\/www.poslovni.hr\/hrvatska\/broj-umirovljenika-koji-rade-iz-mjeseca-u-mjesec-rusi-rekorde-4400503\" target=\"_blank\">Poslovni.hr<\/a>.<\/p>\n\n\n\n<p>Kao \u0161to se doma\u0107i poslodavci, od trgovaca i ugostitelja do sektora zdravstva i socijalne skrbi, u nedostatku radnika sve vi\u0161e okre\u0107u tom &#8220;bazenu&#8221; radne snage, o\u010dito je da se uz sve ve\u0107e tro\u0161kove \u017eivota sve vi\u0161e umirovljenika povratkom u svijet rada na pola radnog vremena odlu\u010duje osigurati dodatne prihode povrh mirovina. Broj umirovljenika koji i rade svako toliko ru\u0161i rekorde.<\/p><div id=\"mojev-2077016165\" class=\"mojev-u-tekstu mojev-entity-placement\" style=\"margin-left: auto;margin-right: auto;text-align: center;\"><div class=\"mojev-adlabel\">oglas<\/div><div style=\"height: 250px;\"><script async src=\"https:\/\/pagead2.googlesyndication.com\/pagead\/js\/adsbygoogle.js?client=ca-pub-8106111766207173\"\r\n     crossorigin=\"anonymous\"><\/script>\r\n<!-- Prikazni 1 u tekstu -->\r\n<ins class=\"adsbygoogle\"\r\n     style=\"display:block\"\r\n     data-ad-client=\"ca-pub-8106111766207173\"\r\n     data-ad-slot=\"8535551207\"\r\n     data-ad-format=\"auto\"\r\n     data-full-width-responsive=\"true\"><\/ins>\r\n<script>\r\n     (adsbygoogle = window.adsbygoogle || []).push({});\r\n<\/script><\/div><\/div><br style=\"clear: both; display: block; float: none;\"\/>\n\n\n\n<p>Prema posljednjim podacima Hrvatskog zavoda za mirovinsko osiguranje (HZMO), u svibnju ih je bilo 28.881, \u0161to je za 1.411 osoba vi\u0161e nego mjesec prije i za vi\u0161e od petine (ili 4.733) vi\u0161e nego u istom mjesecu pro\u0161le godine.<\/p>\n\n\n\n<p>Ovih dana sti\u0107i \u0107e i podaci za lipanj, koji \u0107e s obzirom na turisti\u010dku sezonu i op\u0107enito vi\u0161e cijene rada zacijelo donijeti i novi rekordan broj ljudi u mirovini koji i rade. No, unato\u010d ve\u0107 vi\u0161egodi\u0161njem rastu\u0107em trendu umirovljeni\u010dkog rada, u usporedbi s drugim zemljama Europske unije Hrvatska je prema udjelu starijih ljudi u svijetu rada, ukupno gledano, zapravo pri dnu ljestvice.<\/p>\n\n\n\n<h3 class=\"wp-block-heading\">Hrvatska zaostaje i po radu umirovljenika<\/h3>\n\n\n\n<p>Prema posljednjem dostupnom usporednom pregledu Eurostata, za 2021., u dobnoj skupini 65 do 69 godina kod nas radi samo \u0161est posto te populacije, kao i u Belgiji, dok ni\u017eu radnu participaciju ljudi te dobi ima samo Rumunjska (5,2 posto).<\/p>\n\n\n\n<p>U susjednoj nam Sloveniji njihov udio je neznatno ispod devet posto, koliko i u \u0160panjolskoj, a u Austriji je bli\u017ee devet i pol posto. U ve\u0107ini zemalja tzv. Nove Europe, iz prethodna dva kruga pro\u0161irenja EU, udjeli populacije od 65 do 69 godinana koji jo\u0161 rade su dvoznamenkasti, kao i ukupni prosjek EU, od 13,3 posto.<\/p>\n\n\n\n<p>Uvjerljivo najvi\u0161e ljudi iz te skupine koji jo\u0161 rade nalazi se u Estoniji, gdje radi gotovo svaka tre\u0107a osoba umirovljeni\u010dke dobi. Uz tri balti\u010dke zemlje kod kojih je to uvjetovano socijalnim statusom umirovljenika, me\u0111u vode\u0107ima je i \u0160vedska kao jedna od europskih zemalja s natprosje\u010dnim ekonomskim blagostanjem.<\/p>\n<div id=\"mojev-2015177259\" class=\"mojev-kraj-teksta mojev-entity-placement\" style=\"margin-bottom: 20px;margin-left: auto;margin-right: auto;text-align: center;\"><div class=\"mojev-adlabel\">oglas<\/div><div style=\"height: 250px;\"><script async src=\"https:\/\/pagead2.googlesyndication.com\/pagead\/js\/adsbygoogle.js?client=ca-pub-8106111766207173\"\r\n     crossorigin=\"anonymous\"><\/script>\r\n<!-- Display-1 -->\r\n<ins class=\"adsbygoogle\"\r\n     style=\"display:block\"\r\n     data-ad-client=\"ca-pub-8106111766207173\"\r\n     data-ad-slot=\"1465712950\"\r\n     data-ad-format=\"auto\"\r\n     data-full-width-responsive=\"true\"><\/ins>\r\n<script>\r\n     (adsbygoogle = window.adsbygoogle || []).push({});\r\n<\/script><\/div><\/div>","protected":false},"excerpt":{"rendered":"<p>Ovih dana sti\u0107i \u0107e i podaci za lipanj, koji \u0107e s obzirom na turisti\u010dku sezonu i op\u0107enito vi\u0161e cijene rada zacijelo donijeti i novi rekordan broj ljudi u mirovini koji i rade.<\/p>\n","protected":false},"author":1,"featured_media":81203,"comment_status":"closed","ping_status":"closed","sticky":false,"template":"","format":"standard","meta":{"footnotes":""},"categories":[9],"tags":[1342],"class_list":["post-81196","post","type-post","status-publish","format-standard","has-post-thumbnail","hentry","category-vijesti","tag-rad-uz-mirovinu"],"_links":{"self":[{"href":"https:\/\/www.mojevrijeme.hr\/magazin\/wp-json\/wp\/v2\/posts\/81196","targetHints":{"allow":["GET"]}}],"collection":[{"href":"https:\/\/www.mojevrijeme.hr\/magazin\/wp-json\/wp\/v2\/posts"}],"about":[{"href":"https:\/\/www.mojevrijeme.hr\/magazin\/wp-json\/wp\/v2\/types\/post"}],"author":[{"embeddable":true,"href":"https:\/\/www.mojevrijeme.hr\/magazin\/wp-json\/wp\/v2\/users\/1"}],"replies":[{"embeddable":true,"href":"https:\/\/www.mojevrijeme.hr\/magazin\/wp-json\/wp\/v2\/comments?post=81196"}],"version-history":[{"count":0,"href":"https:\/\/www.mojevrijeme.hr\/magazin\/wp-json\/wp\/v2\/posts\/81196\/revisions"}],"wp:featuredmedia":[{"embeddable":true,"href":"https:\/\/www.mojevrijeme.hr\/magazin\/wp-json\/wp\/v2\/media\/81203"}],"wp:attachment":[{"href":"https:\/\/www.mojevrijeme.hr\/magazin\/wp-json\/wp\/v2\/media?parent=81196"}],"wp:term":[{"taxonomy":"category","embeddable":true,"href":"https:\/\/www.mojevrijeme.hr\/magazin\/wp-json\/wp\/v2\/categories?post=81196"},{"taxonomy":"post_tag","embeddable":true,"href":"https:\/\/www.mojevrijeme.hr\/magazin\/wp-json\/wp\/v2\/tags?post=81196"}],"curies":[{"name":"wp","href":"https:\/\/api.w.org\/{rel}","templated":true}]}}