{"id":81213,"date":"2023-07-25T21:05:58","date_gmt":"2023-07-25T19:05:58","guid":{"rendered":"https:\/\/www.mojevrijeme.hr\/magazin\/?p=81213"},"modified":"2023-07-25T21:06:25","modified_gmt":"2023-07-25T19:06:25","slug":"mirovine-su-rasle-cak-40-posto-u-odnosu-na-2016-pomagali-smo-umirovljenicima","status":"publish","type":"post","link":"https:\/\/www.mojevrijeme.hr\/magazin\/2023\/07\/mirovine-su-rasle-cak-40-posto-u-odnosu-na-2016-pomagali-smo-umirovljenicima\/","title":{"rendered":"&#8216;Mirovine su rasle \u010dak 40 posto u odnosu na 2016., pomagali smo umirovljenicima&#8217;"},"content":{"rendered":"\n<p>Premijer <strong>Andrej Plenkovi\u0107<\/strong> (HDZ) komentirao je broj zaposlenih i stanje s mirovinama na po\u010detku sjednice Gospodarsko-socijalnog vije\u0107a. <\/p>\n\n\n\n<p>&#8221;Broj zaposlenih je pove\u0107an za 190 tisu\u0107a, a nezaposlenost je rekordno niska, 5,6 posto u lipnju ove godine. Broj osiguranika je pove\u0107an za 182 tisu\u0107e. Prosje\u010dna neto pla\u0107a bila je 1.130 eura u svibnju. To je nominalni porast od 50 posto u odnosu na po\u010detak na\u0161eg mandata. Minimalna bruto pla\u0107a je danas 700 eura, 560 neto, s tendencijom rasta&#8221;, pohvalio se premijer. <\/p>\n\n\n\n<p>&#8220;Mirovina je prosje\u010dno iznosila 467 eura u lipnju, 40 posto vi\u0161e nego 2016. Napravili smo nekoliko iskoraka koji su velikom broju umirovljenika pomogli. U svakom paketu pomo\u0107i Vlada je vodila ra\u010duna o tome da pomogne umirovljenicima&#8221;, komentirao je. <\/p><div id=\"mojev-2226603012\" class=\"mojev-u-tekstu mojev-entity-placement\" style=\"margin-left: auto;margin-right: auto;text-align: center;\"><div class=\"mojev-adlabel\">oglas<\/div><div style=\"height: 250px;\"><script async src=\"https:\/\/pagead2.googlesyndication.com\/pagead\/js\/adsbygoogle.js?client=ca-pub-8106111766207173\"\r\n     crossorigin=\"anonymous\"><\/script>\r\n<!-- Prikazni 1 u tekstu -->\r\n<ins class=\"adsbygoogle\"\r\n     style=\"display:block\"\r\n     data-ad-client=\"ca-pub-8106111766207173\"\r\n     data-ad-slot=\"8535551207\"\r\n     data-ad-format=\"auto\"\r\n     data-full-width-responsive=\"true\"><\/ins>\r\n<script>\r\n     (adsbygoogle = window.adsbygoogle || []).push({});\r\n<\/script><\/div><\/div><br style=\"clear: both; display: block; float: none;\"\/>\n\n\n\n<p>&#8221;Puno smo truda ulo\u017eili da budemo u poziciji u kojoj smo sada, koja je sigurno izvanredna jer je bolja nego prije. To nije lo\u0161e za napomenuti&#8221;, zaklju\u010dio je Plenkovi\u0107 nakon dugog nizanja uspjeha i namjera svoje vlade; od kori\u0161tenja europskog novca za obnovu nakon potresa preko pregovora s dr\u017eavnim i javnim slu\u017ebenicima do rasta BDP-a<\/p>\n<div id=\"mojev-2905817480\" class=\"mojev-kraj-teksta mojev-entity-placement\" style=\"margin-bottom: 20px;margin-left: auto;margin-right: auto;text-align: center;\"><div class=\"mojev-adlabel\">oglas<\/div><div style=\"height: 250px;\"><script async src=\"https:\/\/pagead2.googlesyndication.com\/pagead\/js\/adsbygoogle.js?client=ca-pub-8106111766207173\"\r\n     crossorigin=\"anonymous\"><\/script>\r\n<!-- Display-1 -->\r\n<ins class=\"adsbygoogle\"\r\n     style=\"display:block\"\r\n     data-ad-client=\"ca-pub-8106111766207173\"\r\n     data-ad-slot=\"1465712950\"\r\n     data-ad-format=\"auto\"\r\n     data-full-width-responsive=\"true\"><\/ins>\r\n<script>\r\n     (adsbygoogle = window.adsbygoogle || []).push({});\r\n<\/script><\/div><\/div>","protected":false},"excerpt":{"rendered":"<p>Po\u010detak sjednice GSV-a premijer Plenkovi\u0107 je iskoristio za jo\u0161 jedno nizanje uspjeha njegove vladavine. Izme\u0111u ostalog, pohvalio se i s onim \u0161to je u\u010dinio za umirovljenike. <\/p>\n","protected":false},"author":1,"featured_media":29680,"comment_status":"closed","ping_status":"closed","sticky":false,"template":"","format":"standard","meta":{"footnotes":""},"categories":[9],"tags":[888,18,77],"class_list":["post-81213","post","type-post","status-publish","format-standard","has-post-thumbnail","hentry","category-vijesti","tag-andrej-plenkovic","tag-mirovine","tag-umirovljenici"],"_links":{"self":[{"href":"https:\/\/www.mojevrijeme.hr\/magazin\/wp-json\/wp\/v2\/posts\/81213","targetHints":{"allow":["GET"]}}],"collection":[{"href":"https:\/\/www.mojevrijeme.hr\/magazin\/wp-json\/wp\/v2\/posts"}],"about":[{"href":"https:\/\/www.mojevrijeme.hr\/magazin\/wp-json\/wp\/v2\/types\/post"}],"author":[{"embeddable":true,"href":"https:\/\/www.mojevrijeme.hr\/magazin\/wp-json\/wp\/v2\/users\/1"}],"replies":[{"embeddable":true,"href":"https:\/\/www.mojevrijeme.hr\/magazin\/wp-json\/wp\/v2\/comments?post=81213"}],"version-history":[{"count":0,"href":"https:\/\/www.mojevrijeme.hr\/magazin\/wp-json\/wp\/v2\/posts\/81213\/revisions"}],"wp:featuredmedia":[{"embeddable":true,"href":"https:\/\/www.mojevrijeme.hr\/magazin\/wp-json\/wp\/v2\/media\/29680"}],"wp:attachment":[{"href":"https:\/\/www.mojevrijeme.hr\/magazin\/wp-json\/wp\/v2\/media?parent=81213"}],"wp:term":[{"taxonomy":"category","embeddable":true,"href":"https:\/\/www.mojevrijeme.hr\/magazin\/wp-json\/wp\/v2\/categories?post=81213"},{"taxonomy":"post_tag","embeddable":true,"href":"https:\/\/www.mojevrijeme.hr\/magazin\/wp-json\/wp\/v2\/tags?post=81213"}],"curies":[{"name":"wp","href":"https:\/\/api.w.org\/{rel}","templated":true}]}}