{"id":81215,"date":"2023-07-25T21:26:27","date_gmt":"2023-07-25T19:26:27","guid":{"rendered":"https:\/\/www.mojevrijeme.hr\/magazin\/?p=81215"},"modified":"2023-07-25T21:26:53","modified_gmt":"2023-07-25T19:26:53","slug":"gabricevic-hsu-i-puljak-dogovarali-vise-radnih-mjesta-za-umirovljenike-u-splitu","status":"publish","type":"post","link":"https:\/\/www.mojevrijeme.hr\/magazin\/2023\/07\/gabricevic-hsu-i-puljak-dogovarali-vise-radnih-mjesta-za-umirovljenike-u-splitu\/","title":{"rendered":"Gabri\u010devi\u0107 (HSU) i Puljak dogovarali vi\u0161e radnih mjesta za umirovljenike u Splitu"},"content":{"rendered":"\n<p>Izaslanstvo Hrvatske stranke umirovljenika (HSU), predvo\u0111eno predsjednikom <strong>Veselkom Gabri\u010devi\u0107em<\/strong>, sastalo se s gradona\u010delnikom Splita <strong>Ivicom Puljkom<\/strong>. Kako je izvijestila ova donedavno parlamentarna umirovljeni\u010dka stranka, prihva\u0107eni su brojni zaklju\u010dci sastanka. <\/p>\n\n\n\n<p>Izme\u0111u ostalog, gradska uprava \u0107e zapo\u010deti s projektom izgradnje umirovljeni\u010dkih dnevnih boravaka obzirom da je oko 48. 000 gra\u0111ana Splita u mirovini te postoji velika potreba za ovakvim oblicima umirovljeni\u010dkog smje\u0161taja.<\/p>\n\n\n\n<p>Korisnicima umirovljeni\u010dke kartice Moj zlatni Split, a koja se godinama primjenjuje u Splitu, pove\u0107at \u0107e se mjese\u010dni iznos potpore za namjensku nabavu namirnica i potrep\u0161tina unutar ograni\u010dene mre\u017ee prodajnih mjesta. Za sada nije objavljeno koliko \u0107e to pove\u0107anje iznositi.<\/p><div id=\"mojev-3156370682\" class=\"mojev-u-tekstu mojev-entity-placement\" style=\"margin-left: auto;margin-right: auto;text-align: center;\"><div class=\"mojev-adlabel\">oglas<\/div><div style=\"height: 250px;\"><script async src=\"https:\/\/pagead2.googlesyndication.com\/pagead\/js\/adsbygoogle.js?client=ca-pub-8106111766207173\"\r\n     crossorigin=\"anonymous\"><\/script>\r\n<!-- Prikazni 1 u tekstu -->\r\n<ins class=\"adsbygoogle\"\r\n     style=\"display:block\"\r\n     data-ad-client=\"ca-pub-8106111766207173\"\r\n     data-ad-slot=\"8535551207\"\r\n     data-ad-format=\"auto\"\r\n     data-full-width-responsive=\"true\"><\/ins>\r\n<script>\r\n     (adsbygoogle = window.adsbygoogle || []).push({});\r\n<\/script><\/div><\/div><br style=\"clear: both; display: block; float: none;\"\/>\n\n\n\n<p>Zbog velikog interesa umirovljenika za rad u mirovini, Grad Split bi trebao i razmotriti mogu\u0107nost njihova zapo\u0161ljavanja u komunalnom redarstvu, naplati parkinga i sli\u010dnim djelatnostima na obostrano zadovoljstvo gradskih slu\u017ebi i umirovljenika, priop\u0107io je HSU.<\/p>\n<div id=\"mojev-1361509054\" class=\"mojev-kraj-teksta mojev-entity-placement\" style=\"margin-bottom: 20px;margin-left: auto;margin-right: auto;text-align: center;\"><div class=\"mojev-adlabel\">oglas<\/div><div style=\"height: 250px;\"><script async src=\"https:\/\/pagead2.googlesyndication.com\/pagead\/js\/adsbygoogle.js?client=ca-pub-8106111766207173\"\r\n     crossorigin=\"anonymous\"><\/script>\r\n<!-- Display-1 -->\r\n<ins class=\"adsbygoogle\"\r\n     style=\"display:block\"\r\n     data-ad-client=\"ca-pub-8106111766207173\"\r\n     data-ad-slot=\"1465712950\"\r\n     data-ad-format=\"auto\"\r\n     data-full-width-responsive=\"true\"><\/ins>\r\n<script>\r\n     (adsbygoogle = window.adsbygoogle || []).push({});\r\n<\/script><\/div><\/div>","protected":false},"excerpt":{"rendered":"<p>Korisnicima umirovljeni\u010dke kartice Moj zlatni Split, a koja se godinama primjenjuje u Splitu, pove\u0107at \u0107e se mjese\u010dni iznos potpore za namjensku nabavu namirnica i potrep\u0161tina unutar ograni\u010dene mre\u017ee prodajnih mjesta.<\/p>\n","protected":false},"author":1,"featured_media":46710,"comment_status":"closed","ping_status":"closed","sticky":false,"template":"","format":"standard","meta":{"footnotes":""},"categories":[9],"tags":[111,3634,1342,143],"class_list":["post-81215","post","type-post","status-publish","format-standard","has-post-thumbnail","hentry","category-vijesti","tag-hrvatska-stranka-umirovljenika","tag-ivica-puljak","tag-rad-uz-mirovinu","tag-split"],"_links":{"self":[{"href":"https:\/\/www.mojevrijeme.hr\/magazin\/wp-json\/wp\/v2\/posts\/81215","targetHints":{"allow":["GET"]}}],"collection":[{"href":"https:\/\/www.mojevrijeme.hr\/magazin\/wp-json\/wp\/v2\/posts"}],"about":[{"href":"https:\/\/www.mojevrijeme.hr\/magazin\/wp-json\/wp\/v2\/types\/post"}],"author":[{"embeddable":true,"href":"https:\/\/www.mojevrijeme.hr\/magazin\/wp-json\/wp\/v2\/users\/1"}],"replies":[{"embeddable":true,"href":"https:\/\/www.mojevrijeme.hr\/magazin\/wp-json\/wp\/v2\/comments?post=81215"}],"version-history":[{"count":0,"href":"https:\/\/www.mojevrijeme.hr\/magazin\/wp-json\/wp\/v2\/posts\/81215\/revisions"}],"wp:featuredmedia":[{"embeddable":true,"href":"https:\/\/www.mojevrijeme.hr\/magazin\/wp-json\/wp\/v2\/media\/46710"}],"wp:attachment":[{"href":"https:\/\/www.mojevrijeme.hr\/magazin\/wp-json\/wp\/v2\/media?parent=81215"}],"wp:term":[{"taxonomy":"category","embeddable":true,"href":"https:\/\/www.mojevrijeme.hr\/magazin\/wp-json\/wp\/v2\/categories?post=81215"},{"taxonomy":"post_tag","embeddable":true,"href":"https:\/\/www.mojevrijeme.hr\/magazin\/wp-json\/wp\/v2\/tags?post=81215"}],"curies":[{"name":"wp","href":"https:\/\/api.w.org\/{rel}","templated":true}]}}