{"id":81228,"date":"2023-07-25T23:28:41","date_gmt":"2023-07-25T21:28:41","guid":{"rendered":"https:\/\/www.mojevrijeme.hr\/magazin\/?p=81228"},"modified":"2023-07-25T23:28:44","modified_gmt":"2023-07-25T21:28:44","slug":"zet-mi-je-najbolji-prijatelj-nisam-punica-koja-se-drzi-ko-mila-gera","status":"publish","type":"post","link":"https:\/\/www.mojevrijeme.hr\/magazin\/2023\/07\/zet-mi-je-najbolji-prijatelj-nisam-punica-koja-se-drzi-ko-mila-gera\/","title":{"rendered":"&#8216;Zet mi je najbolji prijatelj, nisam punica koja se dr\u017ei k&#8217;o Mila Gera&#8217;"},"content":{"rendered":"\n<p>Brojne \u010ditateljice javljaju nam se zbog lo\u0161ih odnosa sa zetovima. Ka\u017eu, otu\u0111ili su njihove k\u0107eri od njih, a &#8220;mir u ku\u0107i&#8221; odr\u017eavaju jedino zbog unuka. Ipak, nisu sve pri\u010de koje sti\u017eu u na\u0161u rubriku Povjerljivo traumati\u010dne ili tu\u017ene.<\/p>\n\n\n\n<p>Potaknuta ispovije\u0161\u0107u na\u0161e \u010ditateljice <a rel=\"noreferrer noopener\" href=\"https:\/\/www.mojevrijeme.hr\/magazin\/2023\/07\/jana-zet-je-olos-okrenuo-je-kci-protiv-mene-jedina-nada-su-mi-unuci\/\" data-type=\"post\" data-id=\"81010\" target=\"_blank\">Jane<\/a>, javila nam se gospo\u0111a <strong>Mira<\/strong> (59). Njeno iskustvo je dijametralno suprotno, posve idili\u010dno. Iako joj se isprva nije dopao, zet je za nju postao ne samo obitelj ve\u0107 i najbolji prijatelj. Takav skladan odnos okolina gleda s \u010du\u0111enjem, no Mira ka\u017ee da su ona i k\u0107i jako sretne da su im se &#8220;poklopile zvijezde&#8221; jer zaista funkcioniraju kao savr\u0161ena obitelj.<\/p>\n\n\n\n<p>&#8220;Nakon \u0161to su se moja k\u0107i i zet vjen\u010dali kratko su \u017eivjeli kod nas u obiteljskoj ku\u0107i u Zagrebu, no ubrzo su se uselili u stan u novogradnji koji smo im napola kupili s njegovim roditeljima. K\u0107i i zet doslovno \u017eive pet minuta hoda od na\u0161e obiteljske ku\u0107e u Dubravi. Tih nekoliko mjeseci su\u017eivota nije mi palo te\u0161ko jer sam shvatila da taj mladi \u010dovjek i ja imamo sli\u010dne interese i stavove o \u017eivotu. Dobro se sla\u017ee i s mojim suprugom&#8221;, ka\u017ee Mira.<\/p><div id=\"mojev-114327626\" class=\"mojev-u-tekstu mojev-entity-placement\" style=\"margin-left: auto;margin-right: auto;text-align: center;\"><div class=\"mojev-adlabel\">oglas<\/div><div style=\"height: 250px;\"><script async src=\"https:\/\/pagead2.googlesyndication.com\/pagead\/js\/adsbygoogle.js?client=ca-pub-8106111766207173\"\r\n     crossorigin=\"anonymous\"><\/script>\r\n<!-- Prikazni 1 u tekstu -->\r\n<ins class=\"adsbygoogle\"\r\n     style=\"display:block\"\r\n     data-ad-client=\"ca-pub-8106111766207173\"\r\n     data-ad-slot=\"8535551207\"\r\n     data-ad-format=\"auto\"\r\n     data-full-width-responsive=\"true\"><\/ins>\r\n<script>\r\n     (adsbygoogle = window.adsbygoogle || []).push({});\r\n<\/script><\/div><\/div><br style=\"clear: both; display: block; float: none;\"\/>\n\n\n\n<p>&#8220;Toliko smo se zbli\u017eili da smo \u010dak po\u010deli zajedno odlaziti u kino \u0161to je postala i na\u0161a tradicija &#8211; jednom mjese\u010dno. Mo\u017eemo otvoreno razgovarati o svim temama. Oboje volimo knjige, tako da \u010desto razmjenjujemo mi\u0161ljenja o pro\u010ditanim djelima i volimo detektivske serije. Ta iskrena komunikacija stvorila je posebnu povezanost me\u0111u nama&#8221;, obja\u0161njava na\u0161a \u010ditateljica. U me\u0111uvremenu je postala baka, no to nije smanjilo njenu povezanost sa zetom.<\/p>\n\n\n\n<p>&#8220;Petkom nave\u010der sastajemo se i s dru\u0161tvom uz pivo u lokalnom kafi\u0107u. \u010cim se otvori terasa krene na\u0161 interni turnir, igramo belu. Za to vrijeme moja k\u0107i izlazi sa svojim prijateljicama, a druga baka vrlo rado \u010duva unu\u010dicu&#8221;, navodi Mira. Svi su, ka\u017ee, zadovoljni takvim aran\u017emanom.<\/p>\n\n\n\n<p>&#8220;Ne bih htjela da pomislite da sam ona punica koja k\u0107eri i zetu ne da disati. Dapa\u010de, uvijek sam im i ja na raspolaganju kada treba pri\u010duvati unu\u010dicu dok oni imaju svoje planove. Ne zavirujem u njihove lonce i ne upadam u stan bez najave ili nepozvana. S druge strane, sretna sam kao oni do\u0111u bez najave ili s najavom. Svejedno mi je. Razumijem da su oni mladi ljudi koji moraju imati svoj \u017eivot, svoje planove i privatnost&#8221;, dodaje.<\/p>\n\n\n\n<p>&#8220;Svim ovim \u017eenama koje se \u017eale na svoje zetove, poru\u010dila bih da razmisle o svojem pona\u0161anju. Mo\u017eda su one te koje su pokazale neprijateljstvo koje zet samo reflektira. Najgore se postaviti kao <em>Mila Gera<\/em> i o\u010dekivati da zet dolazi punici &#8216;na noge&#8217; i daje joj neke bezvezne geste po\u0161tovanja. \u0160to to uop\u0107e zna\u010di?&#8221; pita retori\u010dki i odmah potom nudi savjet.<\/p>\n\n\n\n<p>&#8220;Neka punice prona\u0111u neki zajedni\u010dki interes sa zetom, neka to bude ne\u0161to izvan same obitelji i djece. Moj zet mi je, uz supruga, \u017eivotni oslonac; a moja je k\u0107i i njemu i meni na prvom mjestu. Mo\u017eda \u0107e se okolina i dalje \u010duditi, no ja sam zadovoljna i zahvalna \u0161to imam prijatelja poput njega&#8221;, ka\u017ee Mira.<\/p>\n\n\n\n<div id=\"crveno\"><\/p>\n\n\n\n<h3 class=\"wp-block-heading\">Zanima nas va\u0161a pri\u010da<\/h3>\n\n\n\n<p>\u017delite li i vi, posve anonimno, podijeliti svoje iskustvo i vi\u0111enje ove teme s nama i na\u0161im \u010ditateljima, mo\u017eete to u\u010diniti putem web obrasca <a rel=\"noreferrer noopener\" href=\"https:\/\/www.mojevrijeme.hr\/magazin\/povjerljivo\/\" target=\"_blank\">Povjerljivo<\/a>. Napi\u0161ite svoju pri\u010du!<\/p>\n\n\n\n<p><\/div>\n<div id=\"mojev-3078000202\" class=\"mojev-kraj-teksta mojev-entity-placement\" style=\"margin-bottom: 20px;margin-left: auto;margin-right: auto;text-align: center;\"><div class=\"mojev-adlabel\">oglas<\/div><div style=\"height: 250px;\"><script async src=\"https:\/\/pagead2.googlesyndication.com\/pagead\/js\/adsbygoogle.js?client=ca-pub-8106111766207173\"\r\n     crossorigin=\"anonymous\"><\/script>\r\n<!-- Display-1 -->\r\n<ins class=\"adsbygoogle\"\r\n     style=\"display:block\"\r\n     data-ad-client=\"ca-pub-8106111766207173\"\r\n     data-ad-slot=\"1465712950\"\r\n     data-ad-format=\"auto\"\r\n     data-full-width-responsive=\"true\"><\/ins>\r\n<script>\r\n     (adsbygoogle = window.adsbygoogle || []).push({});\r\n<\/script><\/div><\/div>","protected":false},"excerpt":{"rendered":"<p>Gospo\u0111a Mira sa svojim zetom odlazi i u kino i u lokalni kafi\u0107. Ka\u017ee, da joj je sin ro\u0111eni, njihov odnos ne bi bio bolji. Punicama savjetuje da se potrude oko zetova i prona\u0111u zajedni\u010dke interese koji \u0107e ih povezivati.<\/p>\n","protected":false},"author":1,"featured_media":81226,"comment_status":"closed","ping_status":"closed","sticky":false,"template":"","format":"standard","meta":{"footnotes":""},"categories":[3552],"tags":[3437,3559],"class_list":["post-81228","post","type-post","status-publish","format-standard","has-post-thumbnail","hentry","category-povjerljivo","tag-obiteljski-odnosi","tag-punice-i-zetovi"],"_links":{"self":[{"href":"https:\/\/www.mojevrijeme.hr\/magazin\/wp-json\/wp\/v2\/posts\/81228","targetHints":{"allow":["GET"]}}],"collection":[{"href":"https:\/\/www.mojevrijeme.hr\/magazin\/wp-json\/wp\/v2\/posts"}],"about":[{"href":"https:\/\/www.mojevrijeme.hr\/magazin\/wp-json\/wp\/v2\/types\/post"}],"author":[{"embeddable":true,"href":"https:\/\/www.mojevrijeme.hr\/magazin\/wp-json\/wp\/v2\/users\/1"}],"replies":[{"embeddable":true,"href":"https:\/\/www.mojevrijeme.hr\/magazin\/wp-json\/wp\/v2\/comments?post=81228"}],"version-history":[{"count":0,"href":"https:\/\/www.mojevrijeme.hr\/magazin\/wp-json\/wp\/v2\/posts\/81228\/revisions"}],"wp:featuredmedia":[{"embeddable":true,"href":"https:\/\/www.mojevrijeme.hr\/magazin\/wp-json\/wp\/v2\/media\/81226"}],"wp:attachment":[{"href":"https:\/\/www.mojevrijeme.hr\/magazin\/wp-json\/wp\/v2\/media?parent=81228"}],"wp:term":[{"taxonomy":"category","embeddable":true,"href":"https:\/\/www.mojevrijeme.hr\/magazin\/wp-json\/wp\/v2\/categories?post=81228"},{"taxonomy":"post_tag","embeddable":true,"href":"https:\/\/www.mojevrijeme.hr\/magazin\/wp-json\/wp\/v2\/tags?post=81228"}],"curies":[{"name":"wp","href":"https:\/\/api.w.org\/{rel}","templated":true}]}}