{"id":81334,"date":"2023-07-27T09:24:01","date_gmt":"2023-07-27T07:24:01","guid":{"rendered":"https:\/\/www.mojevrijeme.hr\/magazin\/?p=81334"},"modified":"2023-07-27T11:51:53","modified_gmt":"2023-07-27T09:51:53","slug":"semso-88-se-cijeli-zivot-zrtvovao-za-obitelj-zauzvrat-je-dobio-samo-zlostavljanje","status":"publish","type":"post","link":"https:\/\/www.mojevrijeme.hr\/magazin\/2023\/07\/semso-88-se-cijeli-zivot-zrtvovao-za-obitelj-zauzvrat-je-dobio-samo-zlostavljanje\/","title":{"rendered":"\u0160emso (88) se cijeli \u017eivot \u017ertvovao za obitelj, zauzvrat je dobio samo zlostavljanje"},"content":{"rendered":"\n<p>&#8220;Sve sretne obitelji li\u010de jedna na drugu, svaka nesretna obitelj nesretna je na svoj na\u010din&#8221;, poznate su rije\u010di Lava Tolstoja koje su se u stvarnom \u017eivotu mnogo puta pokazale surovom istinom. Gorka sudbina \u0160emse Ibrahimovi\u0107a (88) iz Bosne ostavlja knedlu u grlu i pitanje je li mogu\u0107e da se ne\u0161to takvo doga\u0111a 2023. godine, pi\u0161e <a href=\"https:\/\/stil.kurir.rs\/celebrities\/205105\/neverovatna-sudbina-dede-iz-bosne-kojeg-su-deca-hteli-da-ubiju\" target=\"_blank\" rel=\"noreferrer noopener\">Kurir<\/a>.<\/p>\n\n\n\n<p>&#8220;Ako \u0107e\u0161 ikad nekoga kleti, kuni ga da nema mira u njegovoj ku\u0107i. Ja sam to do\u017eivio&#8221;, po\u010dinje svoju pri\u010du kroz jecaje i suze mu\u0161karac koji je po\u010detkom srpnja napunio 88 godina. Odrastao je u siroma\u0161tvu, a nakon rata je skoro umro od gladi. Otkako je do\u0161ao na svijet, borio se za opstanak, sanjaju\u0107i da mo\u017ee podmiriti osnovne \u017eivotne potrebe za svoje najmilije i sebe.<\/p>\n\n\n\n<p>Nakon mukotrpnog rada i truda, tek kada je stvorio uvjete za pristojan \u017eivot, o\u017eenio se i nadao se da su pred njim kona\u010dno lijepi dani. No, pokazalo se da njegova supruga ima, prema njegovim rije\u010dima, uro\u0111enu shizofreniju koju on nije odmah primijetio.<\/p><div id=\"mojev-2144782901\" class=\"mojev-u-tekstu mojev-entity-placement\" style=\"margin-left: auto;margin-right: auto;text-align: center;\"><div class=\"mojev-adlabel\">oglas<\/div><div style=\"height: 250px;\"><script async src=\"https:\/\/pagead2.googlesyndication.com\/pagead\/js\/adsbygoogle.js?client=ca-pub-8106111766207173\"\r\n     crossorigin=\"anonymous\"><\/script>\r\n<!-- Prikazni 1 u tekstu -->\r\n<ins class=\"adsbygoogle\"\r\n     style=\"display:block\"\r\n     data-ad-client=\"ca-pub-8106111766207173\"\r\n     data-ad-slot=\"8535551207\"\r\n     data-ad-format=\"auto\"\r\n     data-full-width-responsive=\"true\"><\/ins>\r\n<script>\r\n     (adsbygoogle = window.adsbygoogle || []).push({});\r\n<\/script><\/div><\/div><br style=\"clear: both; display: block; float: none;\"\/>\n\n\n\n<h3 class=\"wp-block-heading\">Dvoje djece je naslijedilo maj\u010dinu bolest<\/h3>\n\n\n\n<p>&#8220;Rodila mi je \u010detvero djece, dvoje ima njezinu bolest, a dvoje nema. U\u017easno sam patio sa svojom k\u0107eri. A ja je ne mogu smjestiti u ustanovu, jer op\u0107ina to ne dopu\u0161ta. Nedavno je dva mjeseca bila na lije\u010denju u Zenici, doktor je rekao da nije za dom i da nije imao te\u017eeg pacijenta. Svezali su je i odveli. Htjela me ubiti. Znate li koliko je te\u0161ko sve to gledati, srce mi se para&#8221;, ka\u017ee, a suze ne mo\u017ee zaustaviti.<\/p>\n\n\n\n<p>Molio je lije\u010dnike da je ostave u bolnici, no nitko ga nije slu\u0161ao. Nakon kra\u0107eg lije\u010denja vra\u0107ena je ku\u0107i. \u0160emso \u017eivi u prizemlju, a k\u0107i na katu. &#8220;Kupio sam joj drva, cijelu zimu nije htjela nalo\u017eiti vatru, ne znam ni kako je pre\u017eivjela tu hladno\u0107u. Odnesem joj jesti, ona baci. Nikada me nije obi\u0161la, ni kad sam bio u\u017easno bolestan, sada nosim kateter.&#8221;<\/p>\n\n\n\n<h3 class=\"wp-block-heading\">Sedam godina \u017eivio u \u0161tali<\/h3>\n\n\n\n<p>Imao je velikih problema i sa suprugom. Ona ga je uz pomo\u0107 ucjena istjerala iz ku\u0107e, pa je u dvori\u0161noj proveo sedam godina. Ka\u017ee, nitko od rodbine nije ga posjetio.<\/p>\n\n\n\n<p>&#8220;Imao sam i sina, koji je godinu dana stariji od moje k\u0107eri, poginuo je u kanalu. Napravio sam mu automehani\u010darsku radionicu. Dva puta me skoro ubio, jer sam branio njegovu \u017eenu od batina. Jedva sam ostao \u017eiv. Tra\u017eio sam spas u srpskim selima, da me ro\u0111eni sin ne ubije. Moja \u017eena ga je podr\u017eavala.&#8221;<\/p>\n\n\n\n<h3 class=\"wp-block-heading\">Nikada nije imao mira<\/h3>\n\n\n\n<p>&#8220;Sagradio sam im ku\u0107u od 900 kvadrata. Bio sam jedan od najboljih radnika u firmi, tri godine sam se \u0161kolovao i polo\u017eio ispit, vozio sam ogroman bager. Mogu raditi na svim strojevima, osim na prometnim. Pet puta sam se selio, od osamdesetih sam po\u010deo primati jako dobru pla\u0107u, onda sam po\u010deo graditi. Nikad si nisam kupio automobil. Vozio sam bicikl kako bih njima mogao vi\u0161e sagraditi. Novaca imam, ali mi nema tko pomo\u0107i.&#8221;<\/p>\n\n\n\n<h3 class=\"wp-block-heading\">K\u0107erka ga potjerala<\/h3>\n\n\n\n<p>Razmi\u0161ljao je o odlasku u stara\u010dki dom, no i tamo je nai\u0161ao na komplikacije. &#8220;\u0160to \u0107e biti, nemam pojma. Sve sam podijelio s djecom prije 15 godina. Moja \u017eena je preminula prije otprilike 4 godine. Kad sam to \u010duo, bio sam tako sretan, jer samo ja znam \u0161to sam do\u017eivio od nje. Bio sam u agoniji. Sam sebi spremim koliko god mogu. Mu\u010dio sam se da se sku\u0107im, a sada nemam mira. Ne biste vjerovali da u ovom prostoru \u017eivi \u010dovjek. Nikad nisam bio luksuzan, ali ovo je katastrofa. Ovdje \u017eivim od sije\u010dnja, kada me k\u0107erka potjerala s kata. Da sa\u010duvam \u017eivu glavu.&#8221;<\/p>\n\n\n\n<p>Misli da bi mu sudbina bila bolja s drugom \u017eenom. &#8220;Cijeli \u017eivot \u017ealim \u0161to mi Bog nije dao normalnu \u017eenu, ni\u0161ta vi\u0161e od toga. Samo nekoga s kim bih mogao prosje\u010dno \u017eivjeti&#8221;, zaklju\u010duje \u0160emso.<\/p>\n\n\n\n<p>\u010cini se da se \u0160emsi, ipak, osmjehnula sre\u0107a. Kako pi\u0161e <a href=\"https:\/\/stil.kurir.rs\/celebrities\/205105\/neverovatna-sudbina-dede-iz-bosne-kojeg-su-deca-hteli-da-ubiju\" target=\"_blank\" rel=\"noreferrer noopener\">Kurir<\/a>, nakon \u0161to je \u010duo za njegovu sudbinu, javio se izvjesni gospodine Kennan iz Austrije koji je \u0160emsu smjestio dom. Sretan je, jer je napokon prona\u0161ao mir. <\/p>\n\n\n\n<figure class=\"wp-block-embed is-type-video is-provider-youtube wp-block-embed-youtube wp-embed-aspect-16-9 wp-has-aspect-ratio\"><div class=\"wp-block-embed__wrapper\">\n<iframe loading=\"lazy\" title=\"&quot;Nemam mira od k\u0107erke, moram oti\u0107i!&quot;\" width=\"740\" height=\"416\" src=\"https:\/\/www.youtube.com\/embed\/OdtMMm87E4I?feature=oembed\" frameborder=\"0\" allow=\"accelerometer; autoplay; clipboard-write; encrypted-media; gyroscope; picture-in-picture; web-share\" allowfullscreen><\/iframe>\n<\/div><\/figure>\n<div id=\"mojev-1669002931\" class=\"mojev-kraj-teksta mojev-entity-placement\" style=\"margin-bottom: 20px;margin-left: auto;margin-right: auto;text-align: center;\"><div class=\"mojev-adlabel\">oglas<\/div><div style=\"height: 250px;\"><script async src=\"https:\/\/pagead2.googlesyndication.com\/pagead\/js\/adsbygoogle.js?client=ca-pub-8106111766207173\"\r\n     crossorigin=\"anonymous\"><\/script>\r\n<!-- Display-1 -->\r\n<ins class=\"adsbygoogle\"\r\n     style=\"display:block\"\r\n     data-ad-client=\"ca-pub-8106111766207173\"\r\n     data-ad-slot=\"1465712950\"\r\n     data-ad-format=\"auto\"\r\n     data-full-width-responsive=\"true\"><\/ins>\r\n<script>\r\n     (adsbygoogle = window.adsbygoogle || []).push({});\r\n<\/script><\/div><\/div>","protected":false},"excerpt":{"rendered":"<p>Cijeli \u017eivot \u017ealim \u0161to mi Bog nije dao normalnu \u017eenu, ni\u0161ta vi\u0161e od toga. Samo nekoga s kim bih mogao prosje\u010dno \u017eivjeti, ka\u017ee \u0160emso Ibrahimovi\u0107, \u017ertva obiteljskog zlostavljanja.<\/p>\n","protected":false},"author":1,"featured_media":81408,"comment_status":"closed","ping_status":"closed","sticky":false,"template":"","format":"standard","meta":{"footnotes":""},"categories":[2],"tags":[1204,1450],"class_list":["post-81334","post","type-post","status-publish","format-standard","has-post-thumbnail","hentry","category-mozaik","tag-mentalno-zdravlje","tag-obiteljsko-nasilje"],"_links":{"self":[{"href":"https:\/\/www.mojevrijeme.hr\/magazin\/wp-json\/wp\/v2\/posts\/81334","targetHints":{"allow":["GET"]}}],"collection":[{"href":"https:\/\/www.mojevrijeme.hr\/magazin\/wp-json\/wp\/v2\/posts"}],"about":[{"href":"https:\/\/www.mojevrijeme.hr\/magazin\/wp-json\/wp\/v2\/types\/post"}],"author":[{"embeddable":true,"href":"https:\/\/www.mojevrijeme.hr\/magazin\/wp-json\/wp\/v2\/users\/1"}],"replies":[{"embeddable":true,"href":"https:\/\/www.mojevrijeme.hr\/magazin\/wp-json\/wp\/v2\/comments?post=81334"}],"version-history":[{"count":0,"href":"https:\/\/www.mojevrijeme.hr\/magazin\/wp-json\/wp\/v2\/posts\/81334\/revisions"}],"wp:featuredmedia":[{"embeddable":true,"href":"https:\/\/www.mojevrijeme.hr\/magazin\/wp-json\/wp\/v2\/media\/81408"}],"wp:attachment":[{"href":"https:\/\/www.mojevrijeme.hr\/magazin\/wp-json\/wp\/v2\/media?parent=81334"}],"wp:term":[{"taxonomy":"category","embeddable":true,"href":"https:\/\/www.mojevrijeme.hr\/magazin\/wp-json\/wp\/v2\/categories?post=81334"},{"taxonomy":"post_tag","embeddable":true,"href":"https:\/\/www.mojevrijeme.hr\/magazin\/wp-json\/wp\/v2\/tags?post=81334"}],"curies":[{"name":"wp","href":"https:\/\/api.w.org\/{rel}","templated":true}]}}