{"id":81337,"date":"2023-07-26T19:58:09","date_gmt":"2023-07-26T17:58:09","guid":{"rendered":"https:\/\/www.mojevrijeme.hr\/magazin\/?p=81337"},"modified":"2023-07-27T17:07:59","modified_gmt":"2023-07-27T15:07:59","slug":"umrla-je-sinead-oconnor-imala-je-samo-56-godina","status":"publish","type":"post","link":"https:\/\/www.mojevrijeme.hr\/magazin\/2023\/07\/umrla-je-sinead-oconnor-imala-je-samo-56-godina\/","title":{"rendered":"Umrla je Sinead O&#8217;Connor, imala je samo 56 godina"},"content":{"rendered":"\n<p><strong>Sinead O&#8217;Connor<\/strong> je preminula u dobi od 56 godina. Irska pjeva\u010dica postala je globalna zvijezda 1990. godine emotivnom izvedbom pjesme <em>Nothing Compares 2 U<\/em> koju je ranije objavio Prince. <\/p>\n\n\n\n<p>Preminula je samo godinu i pol nakon \u0161to si je njen 17-godi\u0161nji sin Shane oduzeo \u017eivot, a nakon \u0161to je pobjegao iz bolnice u kojoj je bio zbog suicidalnih misli. I iza same O&#8217;Connor godine su borbe za vlastito mentalno zdravlje. Bila je majka jedne k\u0107eri i trojice sinova.<\/p>\n\n\n\n<p>U svojoj posljednjoj objavi na Twitteru, O&#8217;Connor je podijelila fotografiju Shanea i napisala: &#8220;\u017divjela sam kao nemrtvo no\u0107no bi\u0107e otkad je oti\u0161ao. Bio je ljubav mog \u017eivota, svjetlost moje du\u0161e. Bili smo jedna du\u0161a u dvije polovice. On je bio jedina osoba koja me ikad bezuvjetno voljela. Ostala sam izgubljena izme\u0111u smrti i ponovnog ro\u0111enja bez njega.&#8221;<\/p><div id=\"mojev-2904915824\" class=\"mojev-u-tekstu mojev-entity-placement\" style=\"margin-left: auto;margin-right: auto;text-align: center;\"><div class=\"mojev-adlabel\">oglas<\/div><div style=\"height: 250px;\"><script async src=\"https:\/\/pagead2.googlesyndication.com\/pagead\/js\/adsbygoogle.js?client=ca-pub-8106111766207173\"\r\n     crossorigin=\"anonymous\"><\/script>\r\n<!-- Prikazni 1 u tekstu -->\r\n<ins class=\"adsbygoogle\"\r\n     style=\"display:block\"\r\n     data-ad-client=\"ca-pub-8106111766207173\"\r\n     data-ad-slot=\"8535551207\"\r\n     data-ad-format=\"auto\"\r\n     data-full-width-responsive=\"true\"><\/ins>\r\n<script>\r\n     (adsbygoogle = window.adsbygoogle || []).push({});\r\n<\/script><\/div><\/div><br style=\"clear: both; display: block; float: none;\"\/>\n\n\n\n<p>Glazbenica koja je 2018. godine pre\u0161la na islam i promijenila ime u Shuhada&#8217; Sadaqat, vrijeme je uglavnom provodila vrijeme izme\u0111u Co Roscommona u Irskoj i Londona, javljaju britanski mediji.<\/p>\n\n\n\n<h3 class=\"wp-block-heading\">Problemi s psihi\u010dkim zdravljem<\/h3>\n\n\n\n<p>Prvi je puta o psihi\u010dkim problemima progovorila u emisiji kod Oprah Winfrey 2007. godine. Tada je objavila da joj je \u010detiri godine ranije postavljena dijagnoza bipolarnog poreme\u0107aja te da je poku\u0161ala izvr\u0161iti samoubojstvo na svoj 33. ro\u0111endan 1999. godine. Tada je za svoje mentalne probleme optu\u017eila majku koja ju je, navodno, zlostavljala u djetinjstvu. <\/p>\n\n\n\n<p>2012. godine O&#8217;Connor je objavila na svojoj internetskoj stranici da se osje\u0107a &#8220;vrlo lo\u0161e&#8221; te da je pretrpjela \u017eiv\u010dani slom krajem 2011. godine. Me\u0111utim, 2014. godine je rekla da zapravo nije bipolarna, a kasnije je krivnju za svoje mentalno stanje pripisala i nedostatku hormonske nadomjesne terapije nakon histerektomije.<\/p>\n\n\n\n<figure class=\"wp-block-image size-large\"><img loading=\"lazy\" decoding=\"async\" width=\"740\" height=\"444\" src=\"https:\/\/www.mojevrijeme.hr\/magazin\/wp-content\/uploads\/2019\/09\/sinead-o-connor-740x444.jpg\" alt=\"Od \u010dega je umrla Sinead O'Connor?\" class=\"wp-image-30231\" srcset=\"https:\/\/www.mojevrijeme.hr\/magazin\/wp-content\/uploads\/2019\/09\/sinead-o-connor-740x444.jpg 740w, https:\/\/www.mojevrijeme.hr\/magazin\/wp-content\/uploads\/2019\/09\/sinead-o-connor-636x382.jpg 636w, https:\/\/www.mojevrijeme.hr\/magazin\/wp-content\/uploads\/2019\/09\/sinead-o-connor-768x461.jpg 768w, https:\/\/www.mojevrijeme.hr\/magazin\/wp-content\/uploads\/2019\/09\/sinead-o-connor-590x354.jpg 590w, https:\/\/www.mojevrijeme.hr\/magazin\/wp-content\/uploads\/2019\/09\/sinead-o-connor-400x240.jpg 400w, https:\/\/www.mojevrijeme.hr\/magazin\/wp-content\/uploads\/2019\/09\/sinead-o-connor-1000x600.jpg 1000w, https:\/\/www.mojevrijeme.hr\/magazin\/wp-content\/uploads\/2019\/09\/sinead-o-connor-820x492.jpg 820w, https:\/\/www.mojevrijeme.hr\/magazin\/wp-content\/uploads\/2019\/09\/sinead-o-connor.jpg 1500w\" sizes=\"auto, (max-width: 740px) 100vw, 740px\" \/><figcaption class=\"wp-element-caption\">Sinead O&#8217;Connor (screenshot: The Late Late Show)<\/figcaption><\/figure>\n\n\n\n<h3 class=\"wp-block-heading\">Ro\u0111ena u problemati\u010dnoj obitelji<\/h3>\n\n\n\n<p>O&#8217;Connor je ro\u0111ena 8. prosinca 1966. u Dublinu. Jedno je od petero djece <strong>Jacka<\/strong> i <strong>Marie O&#8217;Connor<\/strong>. Njezin brat Joseph O&#8217;Connor danas je ugledni romanopisac. Jack i Marie, koji su vrlo rano u\u0161li u brak, vodili su problemati\u010dnu vezu, \u0161to je rezultiralo prekidom kad je O&#8217;Connor imala samo 8 godina. Troje starije djece oti\u0161lo je \u017eivjeti s majkom, gdje su, kako O&#8217;Connor tvrdi, bili podvrgnuti fizi\u010dkom zlostavljanju.<\/p>\n\n\n\n<p>Godine 1979. O&#8217;Connor je napustila majku i oti\u0161la \u017eivjeti s ocem i njegovom novom suprugom. Od 15. godine \u0161kolovala se u Grian\u00e1n Training Centre kojeg su vodile Sestre milosrdnice. O&#8217;Connor je tu na neki na\u010din i napredovala, pogotovo u pisanju i glazbi, ali se \u010desto bunila protiv nametnutog konformizma.<\/p>\n\n\n\n<p>Jedna od volonterki u Griananu bila je sestra <strong>Paula Byrnea<\/strong>, bubnjara u glazbenom sastavu In Tua Nua. \u010cula je O&#8217;Connor kako pjeva <em>Evergreen<\/em> Barbre Streisand te je odmah prepoznala njezin talent. O&#8217;Connor je sa sastavom snimila pjesmu <em>Take My Hand<\/em>, ali su \u010dlanovi sastava smatrali da je ipak premlada da bi im se priklju\u010dila (tada je imala samo 15 godina). <\/p>\n\n\n\n<p>Godine 1983. otac ju je poslao na \u0161kolovanje u Waterford (Newtown School) gdje je razvijala talent uz pomo\u0107 i podr\u0161ku nastavnika irskog jezika, <strong>Josepha Falveyja<\/strong>. Snimila je \u010detiri demo pjesme, me\u0111u kojima su dvije koje je sama napisala. Te \u0107e se pjesme kasnije pojaviti na njezinom prvom albumu.<\/p>\n\n\n\n<figure class=\"wp-block-image size-large\"><img loading=\"lazy\" decoding=\"async\" width=\"740\" height=\"410\" src=\"https:\/\/www.mojevrijeme.hr\/magazin\/wp-content\/uploads\/2018\/10\/sinead-o-connor-740x410.jpg\" alt=\"\" class=\"wp-image-18791\" srcset=\"https:\/\/www.mojevrijeme.hr\/magazin\/wp-content\/uploads\/2018\/10\/sinead-o-connor.jpg 740w, https:\/\/www.mojevrijeme.hr\/magazin\/wp-content\/uploads\/2018\/10\/sinead-o-connor-636x352.jpg 636w\" sizes=\"auto, (max-width: 740px) 100vw, 740px\" \/><figcaption class=\"wp-element-caption\">foto: Shuhada\u2019 Davitt\/Twitter<\/figcaption><\/figure>\n\n\n\n<h3 class=\"wp-block-heading\">Aktivizam<\/h3>\n\n\n\n<p>O&#8217;Connor je bila i politi\u010dka aktivistica, a njezini stavovi o religiji, \u017eenskim pravima, ratu i zlostavljanju djece \u010desto su izazivale kontroverze u Irskoj i svijetu.<\/p>\n\n\n\n<p>Posebice su poznati njezini javni istupi protiv Vatikana. 1992. godine je u emisiji <em>Saturday Night Live<\/em> poderala fotografiju pape Ivana Pavla II. uz rije\u010di &#8220;Borite se protiv pravog neprijatelja&#8221;. Taj joj je nastup, na neki na\u010din, okon\u010dao karijeru.<\/p>\n\n\n\n<p>2009. godine optu\u017eila je papu Benedikta XVI. da zata\u0161kava slu\u010dajeve u kojima su sve\u0107enici seksualno zlostavljali djecu.<\/p>\n\n\n\n<p>Tijekom karijere O&#8217;Connor je sura\u0111ivala s mnogim glazbenicima te sudjelovala na brojnim dobrotvornim koncertima.<\/p>\n\n\n\n<figure class=\"wp-block-embed is-type-video is-provider-youtube wp-block-embed-youtube wp-embed-aspect-4-3 wp-has-aspect-ratio\"><div class=\"wp-block-embed__wrapper\">\n<iframe loading=\"lazy\" title=\"Sin\u00e9ad O&#039;Connor - Nothing Compares 2 U (Official Music Video) [HD]\" width=\"740\" height=\"555\" src=\"https:\/\/www.youtube.com\/embed\/0-EF60neguk?feature=oembed\" frameborder=\"0\" allow=\"accelerometer; autoplay; clipboard-write; encrypted-media; gyroscope; picture-in-picture; web-share\" allowfullscreen><\/iframe>\n<\/div><\/figure>\n<div id=\"mojev-2166226684\" class=\"mojev-kraj-teksta mojev-entity-placement\" style=\"margin-bottom: 20px;margin-left: auto;margin-right: auto;text-align: center;\"><div class=\"mojev-adlabel\">oglas<\/div><div style=\"height: 250px;\"><script async src=\"https:\/\/pagead2.googlesyndication.com\/pagead\/js\/adsbygoogle.js?client=ca-pub-8106111766207173\"\r\n     crossorigin=\"anonymous\"><\/script>\r\n<!-- Display-1 -->\r\n<ins class=\"adsbygoogle\"\r\n     style=\"display:block\"\r\n     data-ad-client=\"ca-pub-8106111766207173\"\r\n     data-ad-slot=\"1465712950\"\r\n     data-ad-format=\"auto\"\r\n     data-full-width-responsive=\"true\"><\/ins>\r\n<script>\r\n     (adsbygoogle = window.adsbygoogle || []).push({});\r\n<\/script><\/div><\/div>","protected":false},"excerpt":{"rendered":"<p>U svojoj posljednjoj objavi na Twitteru, O&#8217;Connor je podijelila fotografiju pokojnog sina Shanea.<\/p>\n","protected":false},"author":1,"featured_media":81370,"comment_status":"closed","ping_status":"closed","sticky":false,"template":"","format":"standard","meta":{"footnotes":""},"categories":[84,9],"tags":[724,270,1419],"class_list":["post-81337","post","type-post","status-publish","format-standard","has-post-thumbnail","hentry","category-show","category-vijesti","tag-in-memoriam","tag-pjevaci","tag-sinead-o-connor"],"_links":{"self":[{"href":"https:\/\/www.mojevrijeme.hr\/magazin\/wp-json\/wp\/v2\/posts\/81337","targetHints":{"allow":["GET"]}}],"collection":[{"href":"https:\/\/www.mojevrijeme.hr\/magazin\/wp-json\/wp\/v2\/posts"}],"about":[{"href":"https:\/\/www.mojevrijeme.hr\/magazin\/wp-json\/wp\/v2\/types\/post"}],"author":[{"embeddable":true,"href":"https:\/\/www.mojevrijeme.hr\/magazin\/wp-json\/wp\/v2\/users\/1"}],"replies":[{"embeddable":true,"href":"https:\/\/www.mojevrijeme.hr\/magazin\/wp-json\/wp\/v2\/comments?post=81337"}],"version-history":[{"count":0,"href":"https:\/\/www.mojevrijeme.hr\/magazin\/wp-json\/wp\/v2\/posts\/81337\/revisions"}],"wp:featuredmedia":[{"embeddable":true,"href":"https:\/\/www.mojevrijeme.hr\/magazin\/wp-json\/wp\/v2\/media\/81370"}],"wp:attachment":[{"href":"https:\/\/www.mojevrijeme.hr\/magazin\/wp-json\/wp\/v2\/media?parent=81337"}],"wp:term":[{"taxonomy":"category","embeddable":true,"href":"https:\/\/www.mojevrijeme.hr\/magazin\/wp-json\/wp\/v2\/categories?post=81337"},{"taxonomy":"post_tag","embeddable":true,"href":"https:\/\/www.mojevrijeme.hr\/magazin\/wp-json\/wp\/v2\/tags?post=81337"}],"curies":[{"name":"wp","href":"https:\/\/api.w.org\/{rel}","templated":true}]}}