{"id":81398,"date":"2023-07-27T10:16:51","date_gmt":"2023-07-27T08:16:51","guid":{"rendered":"https:\/\/www.mojevrijeme.hr\/magazin\/?p=81398"},"modified":"2023-07-27T10:19:47","modified_gmt":"2023-07-27T08:19:47","slug":"baka-zivi-u-susjednom-selu-a-na-cesti-si-ne-bi-prepoznala-unuka","status":"publish","type":"post","link":"https:\/\/www.mojevrijeme.hr\/magazin\/2023\/07\/baka-zivi-u-susjednom-selu-a-na-cesti-si-ne-bi-prepoznala-unuka\/","title":{"rendered":"Baka \u017eivi u susjednom selu, a na cesti si ne bi prepoznala unuka"},"content":{"rendered":"\n<p>&#8220;Moja snaha je divno, ali jako ranjeno bi\u0107e. Iskreno mi ju je \u017eao jer koliko god je sretna s mojim sinom, vidim da ju stra\u0161no izjeda \u0161to su je se roditelji, takore\u0107i, odrekli. Ubrzo nakon udaje i dolaska u na\u0161u ku\u0107u, snaha je rodila i niti tada njeni majka i otac, koji su jo\u0161 mladi ljudi od oko 55 godina, nikad joj nisu do\u0161li u posjetu&#8221;, pri\u010da nam dok te\u0161ko izgovara svaku rije\u010d.<\/p>\n\n\n\n<p>&#8220;Moj petogodi\u0161nji unuk Luka je veseo, umiljat, dobro\u0107udan, privr\u017een svima nama. U na\u0161e \u017eivote unosi neopisivu radost, a zamislite \u0161to propu\u0161taju drugi baka i djed. I da se sretnu negdje na cesti, ne bi si jedino unu\u010de ni prepoznali&#8221;, govori gospo\u0111a Milena \u010dija je snaha, otkriva nam, tako\u0111er jedinica u obitelji.<\/p>\n\n\n\n<h3 class=\"wp-block-heading\">Kad-tad \u0107e naletjeti na unu\u010de<\/h3>\n\n\n\n<p>Rekla je, povjerava nam, snahi da razmisli kada \u0107e i \u0161to re\u0107i djetetu jer \u0107e kad-tad morati saznati da ima jo\u0161 jednu baku. &#8220;A morat \u0107e mu re\u0107i i da u \u017eivotu ima i djeda, jer mog mu\u017ea na\u017ealost nije upoznao, preminuo je prije njegova ro\u0111enja. To bi djetetu moglo izazvati burne emocije, moramo biti oprezni&#8221;, naglasila je.<\/p><div id=\"mojev-1226354514\" class=\"mojev-u-tekstu mojev-entity-placement\" style=\"margin-left: auto;margin-right: auto;text-align: center;\"><div class=\"mojev-adlabel\">oglas<\/div><div style=\"height: 250px;\"><script async src=\"https:\/\/pagead2.googlesyndication.com\/pagead\/js\/adsbygoogle.js?client=ca-pub-8106111766207173\"\r\n     crossorigin=\"anonymous\"><\/script>\r\n<!-- Prikazni 1 u tekstu -->\r\n<ins class=\"adsbygoogle\"\r\n     style=\"display:block\"\r\n     data-ad-client=\"ca-pub-8106111766207173\"\r\n     data-ad-slot=\"8535551207\"\r\n     data-ad-format=\"auto\"\r\n     data-full-width-responsive=\"true\"><\/ins>\r\n<script>\r\n     (adsbygoogle = window.adsbygoogle || []).push({});\r\n<\/script><\/div><\/div><br style=\"clear: both; display: block; float: none;\"\/>\n\n\n\n<p>Kako ka\u017ee, \u017eive u maloj sredini. Ne gravitiraju na ista mjesta, lije\u010dniku, u du\u0107an, na po\u0161tu, kiosk &nbsp;i sli\u010dno, ali opet, jedna je tu op\u0107ina i nekoliko drugih institucija pa je za o\u010dekivati je da \u0107e se sresti.<\/p>\n\n\n\n<p>&#8220;Samo \u010dekam dan kad \u0107e negdje naletjeti na nas dok smo s mali\u0161anom, jako me zanima kako \u0107e ta baka i taj djed reagirati. Ako imaju jo\u0161 imalo srca, pa mora ih to dijete malo dotaknuti, bilo bi lijepo da oproste \u0161to zamjeraju i budu ono \u0161to bi trebali biti \u2013 roditelji, baka i djed, svekrva i svekar. Mi dr\u017eimo do obitelji, mi bi prihvatili njihovu dobru volju za pomirenjem, kad bi je pokazali&#8221;, rekla je gospo\u0111a Milena.<\/p>\n\n\n\n<h3 class=\"wp-block-heading\">Snaha se razboljela na \u0161titnja\u010du<\/h3>\n\n\n\n<p>Od stresa koji je njezina snaha pro\u017eivjela od trenutka kad je kriomice pobjegla k njima, oboljela je na \u0161titnja\u010du koju dr\u017ei pod kontrolom zahvaljuju\u0107i lijekovima. &#8220;Bilo joj je previ\u0161e trpjeti stroge zabrane izlazaka, a sve kako se ne bi vi\u0111ala s mojim sinom, uz obja\u0161njenje da je nije dostojan. Rodila je s 22 godine, bez podr\u0161ke majke, dijete je odrastalo, a njeni za nju ni njega nikad nisu ni pitali&#8221;, doznajemo.<\/p>\n\n\n\n<p>&#8220;Trebate vi \u017eivjeti sa spoznajom da su vam roditelji odnosno baka i djed udaljeni 27 kilometara, a da vas ne \u017eele vidjeti. Stra\u0161no, ne bih nikome po\u017eeljela. Mogu jedino poku\u0161ati biti joj najbolja mogu\u0107a svekrva, i baka na\u0161em Luki, i moliti se da&nbsp; ona duhovno oja\u010da do te mjere, da joj to prestane nagrizati zdravlje&#8221;, rekla je za kraj na\u0161a sugovornica Milena.<\/p>\n\n\n\n<div id=\"crveno\"><\/p>\n\n\n\n<h3 class=\"wp-block-heading\">Zanima nas va\u0161a pri\u010da<\/h3>\n\n\n\n<p>\u017delite li i vi, posve anonimno, podijeliti svoje iskustvo i vi\u0111enje ove teme s nama i na\u0161im \u010ditateljima, mo\u017eete to u\u010diniti putem web obrasca <a rel=\"noreferrer noopener\" href=\"https:\/\/www.mojevrijeme.hr\/magazin\/povjerljivo\/\" target=\"_blank\">Povjerljivo<\/a>. Napi\u0161ite svoju pri\u010du!<\/p>\n\n\n\n<p><\/div>\n<div id=\"mojev-805676600\" class=\"mojev-kraj-teksta mojev-entity-placement\" style=\"margin-bottom: 20px;margin-left: auto;margin-right: auto;text-align: center;\"><div class=\"mojev-adlabel\">oglas<\/div><div style=\"height: 250px;\"><script async src=\"https:\/\/pagead2.googlesyndication.com\/pagead\/js\/adsbygoogle.js?client=ca-pub-8106111766207173\"\r\n     crossorigin=\"anonymous\"><\/script>\r\n<!-- Display-1 -->\r\n<ins class=\"adsbygoogle\"\r\n     style=\"display:block\"\r\n     data-ad-client=\"ca-pub-8106111766207173\"\r\n     data-ad-slot=\"1465712950\"\r\n     data-ad-format=\"auto\"\r\n     data-full-width-responsive=\"true\"><\/ins>\r\n<script>\r\n     (adsbygoogle = window.adsbygoogle || []).push({});\r\n<\/script><\/div><\/div>","protected":false},"excerpt":{"rendered":"<p>Na\u0161a sugovornica Milena iskreno je ispri\u010dala da se snahina majka toliko protivila udaji svoje k\u0107eri za njezina sina, da te\u010de ve\u0107 sedma godina otkako je ne \u017eeli ni vidjeti. Posjete je zabranila i suprugu, a nisu se smek\u0161ali ni kad su saznali da su postali baka i djed.<\/p>\n","protected":false},"author":17,"featured_media":81416,"comment_status":"closed","ping_status":"closed","sticky":false,"template":"","format":"standard","meta":{"footnotes":""},"categories":[3552],"tags":[3549,3600,3437],"class_list":["post-81398","post","type-post","status-publish","format-standard","has-post-thumbnail","hentry","category-povjerljivo","tag-bake-i-unuci","tag-majke-i-kceri","tag-obiteljski-odnosi"],"_links":{"self":[{"href":"https:\/\/www.mojevrijeme.hr\/magazin\/wp-json\/wp\/v2\/posts\/81398","targetHints":{"allow":["GET"]}}],"collection":[{"href":"https:\/\/www.mojevrijeme.hr\/magazin\/wp-json\/wp\/v2\/posts"}],"about":[{"href":"https:\/\/www.mojevrijeme.hr\/magazin\/wp-json\/wp\/v2\/types\/post"}],"author":[{"embeddable":true,"href":"https:\/\/www.mojevrijeme.hr\/magazin\/wp-json\/wp\/v2\/users\/17"}],"replies":[{"embeddable":true,"href":"https:\/\/www.mojevrijeme.hr\/magazin\/wp-json\/wp\/v2\/comments?post=81398"}],"version-history":[{"count":0,"href":"https:\/\/www.mojevrijeme.hr\/magazin\/wp-json\/wp\/v2\/posts\/81398\/revisions"}],"wp:featuredmedia":[{"embeddable":true,"href":"https:\/\/www.mojevrijeme.hr\/magazin\/wp-json\/wp\/v2\/media\/81416"}],"wp:attachment":[{"href":"https:\/\/www.mojevrijeme.hr\/magazin\/wp-json\/wp\/v2\/media?parent=81398"}],"wp:term":[{"taxonomy":"category","embeddable":true,"href":"https:\/\/www.mojevrijeme.hr\/magazin\/wp-json\/wp\/v2\/categories?post=81398"},{"taxonomy":"post_tag","embeddable":true,"href":"https:\/\/www.mojevrijeme.hr\/magazin\/wp-json\/wp\/v2\/tags?post=81398"}],"curies":[{"name":"wp","href":"https:\/\/api.w.org\/{rel}","templated":true}]}}