{"id":81454,"date":"2023-07-27T13:20:44","date_gmt":"2023-07-27T11:20:44","guid":{"rendered":"https:\/\/www.mojevrijeme.hr\/magazin\/?p=81454"},"modified":"2023-07-27T13:21:39","modified_gmt":"2023-07-27T11:21:39","slug":"rastu-mirovine-ide-pozamasno-redovno-uskladivanje","status":"publish","type":"post","link":"https:\/\/www.mojevrijeme.hr\/magazin\/2023\/07\/rastu-mirovine-ide-pozamasno-redovno-uskladivanje\/","title":{"rendered":"Rastu mirovine, sti\u017ee pozama\u0161no redovno uskla\u0111ivanje"},"content":{"rendered":"\n<p>Jo\u0161 nisu objavljeni slu\u017ebeni podaci za prosje\u010dnu mjese\u010dnu bruto pla\u0107u u lipnju, no ekonomski stru\u010dnjaci Hrvatske stranke umirovljenika (HSU) izradili su privremeni izra\u010dun. <\/p>\n\n\n\n<p>Analiziraju\u0107i porast potro\u0161a\u010dkih cijena, prema priop\u0107enjima Dr\u017eavnog zavoda za statistiku, iz HSU-a navode kako su cijene u prvih \u0161est mjeseci ove godine za 3,03 posto ve\u0107e nego u prethodnom polugodi\u0161tu. Navode i kako su prosje\u010dne mjese\u010dne bruto pla\u0107e u prethodnom polugodi\u0161tu bile 10.525 kuna, dok su u prvih \u0161est mjeseci ove godine 11.625,7 kuna.<\/p>\n\n\n\n<p>Odnosno, pla\u0107e su ve\u0107e za 10,46 posto nego u prethodnom polugodi\u0161tu, uz pretpostavku prosje\u010dne bruto pla\u0107e u lipnju od 1.572 eura. Prema tome, Zato ekonomski stru\u010dnjaci HSU-a smatraju da bi stopa uskla\u0111enja mirovina prema takvim dosada\u0161njim podacima iznosila 8,23 posto.<\/p><div id=\"mojev-2835108944\" class=\"mojev-u-tekstu mojev-entity-placement\" style=\"margin-left: auto;margin-right: auto;text-align: center;\"><div class=\"mojev-adlabel\">oglas<\/div><div style=\"height: 250px;\"><script async src=\"https:\/\/pagead2.googlesyndication.com\/pagead\/js\/adsbygoogle.js?client=ca-pub-8106111766207173\"\r\n     crossorigin=\"anonymous\"><\/script>\r\n<!-- Prikazni 1 u tekstu -->\r\n<ins class=\"adsbygoogle\"\r\n     style=\"display:block\"\r\n     data-ad-client=\"ca-pub-8106111766207173\"\r\n     data-ad-slot=\"8535551207\"\r\n     data-ad-format=\"auto\"\r\n     data-full-width-responsive=\"true\"><\/ins>\r\n<script>\r\n     (adsbygoogle = window.adsbygoogle || []).push({});\r\n<\/script><\/div><\/div><br style=\"clear: both; display: block; float: none;\"\/>\n\n\n\n<p>&#8220;Va\u017ee\u0107a formula uskla\u0111ivanja, uz rezervu \u0161estomjese\u010dnog odgo\u0111enog u\u010dinka i dvomjese\u010dne odgode isplate, u okolnostima alterniranja veli\u010dina stopa rasta, odgovara umirovljenicima. Manje, dakako, \u0161to nam je pro\u0161lost pokazala u statisti\u010dkoj teoriji, ali je to propustila u\u010diniti u praksi, nego da se ve\u017ee isklju\u010divo uz pla\u0107u kakav je i bio slu\u010daj, tada u neto ina\u010dici, od o\u017eujka 2004. do &nbsp;prosinca 2005.&#8221;, zaklju\u010dili su iz HSU-a.<\/p>\n<div id=\"mojev-3305630308\" class=\"mojev-kraj-teksta mojev-entity-placement\" style=\"margin-bottom: 20px;margin-left: auto;margin-right: auto;text-align: center;\"><div class=\"mojev-adlabel\">oglas<\/div><div style=\"height: 250px;\"><script async src=\"https:\/\/pagead2.googlesyndication.com\/pagead\/js\/adsbygoogle.js?client=ca-pub-8106111766207173\"\r\n     crossorigin=\"anonymous\"><\/script>\r\n<!-- Display-1 -->\r\n<ins class=\"adsbygoogle\"\r\n     style=\"display:block\"\r\n     data-ad-client=\"ca-pub-8106111766207173\"\r\n     data-ad-slot=\"1465712950\"\r\n     data-ad-format=\"auto\"\r\n     data-full-width-responsive=\"true\"><\/ins>\r\n<script>\r\n     (adsbygoogle = window.adsbygoogle || []).push({});\r\n<\/script><\/div><\/div>","protected":false},"excerpt":{"rendered":"<p>Va\u017ee\u0107a formula uskla\u0111ivanja, uz rezervu \u0161estomjese\u010dnog odgo\u0111enog u\u010dinka i dvomjese\u010dne odgode isplate, u okolnostima alterniranja veli\u010dina stopa rasta, odgovara umirovljenicima, poru\u010duju iz HSU-a.<\/p>\n","protected":false},"author":1,"featured_media":76174,"comment_status":"closed","ping_status":"closed","sticky":false,"template":"","format":"standard","meta":{"footnotes":""},"categories":[9],"tags":[111,18,971],"class_list":["post-81454","post","type-post","status-publish","format-standard","has-post-thumbnail","hentry","category-vijesti","tag-hrvatska-stranka-umirovljenika","tag-mirovine","tag-uskladivanje-mirovina"],"_links":{"self":[{"href":"https:\/\/www.mojevrijeme.hr\/magazin\/wp-json\/wp\/v2\/posts\/81454","targetHints":{"allow":["GET"]}}],"collection":[{"href":"https:\/\/www.mojevrijeme.hr\/magazin\/wp-json\/wp\/v2\/posts"}],"about":[{"href":"https:\/\/www.mojevrijeme.hr\/magazin\/wp-json\/wp\/v2\/types\/post"}],"author":[{"embeddable":true,"href":"https:\/\/www.mojevrijeme.hr\/magazin\/wp-json\/wp\/v2\/users\/1"}],"replies":[{"embeddable":true,"href":"https:\/\/www.mojevrijeme.hr\/magazin\/wp-json\/wp\/v2\/comments?post=81454"}],"version-history":[{"count":0,"href":"https:\/\/www.mojevrijeme.hr\/magazin\/wp-json\/wp\/v2\/posts\/81454\/revisions"}],"wp:featuredmedia":[{"embeddable":true,"href":"https:\/\/www.mojevrijeme.hr\/magazin\/wp-json\/wp\/v2\/media\/76174"}],"wp:attachment":[{"href":"https:\/\/www.mojevrijeme.hr\/magazin\/wp-json\/wp\/v2\/media?parent=81454"}],"wp:term":[{"taxonomy":"category","embeddable":true,"href":"https:\/\/www.mojevrijeme.hr\/magazin\/wp-json\/wp\/v2\/categories?post=81454"},{"taxonomy":"post_tag","embeddable":true,"href":"https:\/\/www.mojevrijeme.hr\/magazin\/wp-json\/wp\/v2\/tags?post=81454"}],"curies":[{"name":"wp","href":"https:\/\/api.w.org\/{rel}","templated":true}]}}