{"id":81491,"date":"2023-07-28T09:21:18","date_gmt":"2023-07-28T07:21:18","guid":{"rendered":"https:\/\/www.mojevrijeme.hr\/magazin\/?p=81491"},"modified":"2023-07-28T16:07:42","modified_gmt":"2023-07-28T14:07:42","slug":"oni-ne-zeli-grobno-mjesto-ovo-su-njihovi-razlozi-i-ispovijedi","status":"publish","type":"post","link":"https:\/\/www.mojevrijeme.hr\/magazin\/2023\/07\/oni-ne-zeli-grobno-mjesto-ovo-su-njihovi-razlozi-i-ispovijedi\/","title":{"rendered":"Oni ne \u017eeli grobove ni grobnice, ovo su njihovi razlozi i ispovijedi"},"content":{"rendered":"\n<p>Komu je namijenjena sahrana i \u010demu slu\u017ei ukop? Mnogi \u0107e se slo\u017eiti da je ovaj ritual opra\u0161tanja i zbrinjavanja zemnih ostataka ne\u0161to \u0161to se iz brojnih razloga organizira za \u017eive, dok je mrtvima \u2013 posve svejedno. Pa ipak, mnogi razmi\u0161ljaju o svojem posljednjem po\u010divali\u0161tu, pripremaju ga za \u017eivota do najsitnijih detalja i tek im treba uklesati godinu smrti pod slikom koju su ve\u0107 davno sami sebi stavili na nadgrobni spomenik.<\/p>\n\n\n\n<p>U novije vrijeme sve su popularniji alternativni na\u010dini zbrinjavanja zemnih ostataka, a i sve je vi\u0161e Hrvata koji ne \u017eele klasi\u010dan grob. I u Zagrebu je sve \u010de\u0161\u0107e kremiranje uz rasipanje pepela na zato predvi\u0111enoj livadi. Razlozi su brojni. Na tom je tragu umjetnica Vlasta Delimar izrazila \u017eelju postati <a rel=\"noreferrer noopener\" href=\"https:\/\/www.mojevrijeme.hr\/magazin\/2023\/03\/slavna-umjetnica-vlasta-delimar-zeli-postati-prva-kompostirana-hrvatica\/\" data-type=\"post\" data-id=\"68813\" target=\"_blank\">prva kompostirana Hrvatica<\/a>. Za\u0161to neki ne \u017eele obi\u010dan zemljani grob ili grobnicu, objasnili su sudionici rasprave na platformi za dijeljenje znanja Quora.<\/p>\n\n\n\n<h3 class=\"wp-block-heading\">Sama ideja je odurna, kremacija je jedina ispravna<\/h3>\n\n\n\n<p>&#8220;Groblja su u\u017easno neekolo\u0161ko rasipanje prostora. Osim toga, ne svi\u0111a mi se ideja raspadanja ili postajanja saponificiranom mumijom. Odvratno. Osim toga, grobovi nisu nikakva vje\u010dna po\u010divali\u0161ta. Ve\u0107ina pokopanih ostataka se iskopa prije ili kasnije i odlo\u017ei u zajedni\u010dku grobnicu. Kremacija mi se \u010dini u\u010dinkovitijim i higijenskim na\u010dinom zbrinjavanja mrtvog tijela&#8221;, napisala je sudionica rasprave koja ka\u017ee da je po obrazovanju doktorica patologije i \u010diji je odgovor ocijenjen najboljim.<\/p><div id=\"mojev-2385181318\" class=\"mojev-u-tekstu mojev-entity-placement\" style=\"margin-left: auto;margin-right: auto;text-align: center;\"><div class=\"mojev-adlabel\">oglas<\/div><div style=\"height: 250px;\"><script async src=\"https:\/\/pagead2.googlesyndication.com\/pagead\/js\/adsbygoogle.js?client=ca-pub-8106111766207173\"\r\n     crossorigin=\"anonymous\"><\/script>\r\n<!-- Prikazni 1 u tekstu -->\r\n<ins class=\"adsbygoogle\"\r\n     style=\"display:block\"\r\n     data-ad-client=\"ca-pub-8106111766207173\"\r\n     data-ad-slot=\"8535551207\"\r\n     data-ad-format=\"auto\"\r\n     data-full-width-responsive=\"true\"><\/ins>\r\n<script>\r\n     (adsbygoogle = window.adsbygoogle || []).push({});\r\n<\/script><\/div><\/div><br style=\"clear: both; display: block; float: none;\"\/>\n\n\n\n<h3 class=\"wp-block-heading\">Suludo tro\u0161enje novca<\/h3>\n\n\n\n<p>&#8220;Nikada to nisam u potpunosti razumio. Istina je da ne mo\u017eemo imati svijet pun trulih tijela posvuda. No, za\u0161to ljudi \u017eele velike i skupe pogrebe koje na kraju obitelj pla\u0107a, samo da bi bili smje\u0161teni u preskupi lijes i zakopani u zemlju? I da bi bili zaboravljeni u godinama koje dolaze?&#8221; drugi je najbolje ocijenjen odgovor.<\/p>\n\n\n\n<h3 class=\"wp-block-heading\">Neka novac potro\u0161e na sebe<\/h3>\n\n\n\n<p>&#8220;Shva\u0107am da gledam stvari malo druga\u010dije od ve\u0107ine ljudi. No, meni je tijelo samo sredstvo koje koristim da pro\u0111em kroz ovaj \u017eivot. Kada umrem, postaje bezvrijedno za mene. Barem vi\u0161e ne\u0107u imati koristi od njega. Za\u0161to bih onda brinuo \u0161to \u0107e se s njime dogoditi? Ve\u0107 sam rekao svojoj obitelji: &#8216;Ne brinite se kako \u0107ete me sahraniti. U\u010dinite \u0161to god je najjeftinija i legalna stvar s kojom mo\u017eete pro\u0107i. Uzmite moje \u017eivotno osiguranje i kupite si ne\u0161to \u0161to ste oduvijek \u017eeljeli. Ali, nemojte tro\u0161iti gomilu novca na iskori\u0161teno mrtvo tijelo.&#8217; To vi\u0161e nisam ja. To je samo ljuska u kojoj sam boravio dok sam bio na Zemlji&#8221;, stoji u tre\u0107em odgovoru.<\/p>\n\n\n\n<figure class=\"wp-block-image size-large\"><img loading=\"lazy\" decoding=\"async\" width=\"740\" height=\"444\" src=\"https:\/\/www.mojevrijeme.hr\/magazin\/wp-content\/uploads\/2023\/07\/franjo-groblje-740x444.jpg\" alt=\"\u0160to kad netko ne \u017eeli grob?\" class=\"wp-image-81517\" srcset=\"https:\/\/www.mojevrijeme.hr\/magazin\/wp-content\/uploads\/2023\/07\/franjo-groblje-740x444.jpg 740w, https:\/\/www.mojevrijeme.hr\/magazin\/wp-content\/uploads\/2023\/07\/franjo-groblje-636x382.jpg 636w, https:\/\/www.mojevrijeme.hr\/magazin\/wp-content\/uploads\/2023\/07\/franjo-groblje-768x461.jpg 768w, https:\/\/www.mojevrijeme.hr\/magazin\/wp-content\/uploads\/2023\/07\/franjo-groblje-1536x922.jpg 1536w, https:\/\/www.mojevrijeme.hr\/magazin\/wp-content\/uploads\/2023\/07\/franjo-groblje-1500x900.jpg 1500w, https:\/\/www.mojevrijeme.hr\/magazin\/wp-content\/uploads\/2023\/07\/franjo-groblje-1600x960.jpg 1600w, https:\/\/www.mojevrijeme.hr\/magazin\/wp-content\/uploads\/2023\/07\/franjo-groblje-590x354.jpg 590w, https:\/\/www.mojevrijeme.hr\/magazin\/wp-content\/uploads\/2023\/07\/franjo-groblje-400x240.jpg 400w, https:\/\/www.mojevrijeme.hr\/magazin\/wp-content\/uploads\/2023\/07\/franjo-groblje.jpg 2000w\" sizes=\"auto, (max-width: 740px) 100vw, 740px\" \/><figcaption class=\"wp-element-caption\">ilustracija: S. Bura\/mj<\/figcaption><\/figure>\n\n\n\n<h3 class=\"wp-block-heading\">Bez lijesa, bez kemikalija<\/h3>\n\n\n\n<p>&#8220;Bit \u0107u mrtav. I zaklinjem se svime \u0161to je sveto, ako potro\u0161e novac na grobno mjesto, lijes i sli\u010dne gluposti, vratit \u0107u se i progonit \u0107u ih. Moj \u0107e se tijelo predati znanosti, za onu znanost kojoj najbolje odgovara. Ako me znanost ne \u017eeli, onda iskopajte rupu na zemlji koju posjedujemo i bacite me tamo. Bez lijesa. Bez kemikalija. Posadite drvo, mo\u017eda crvenu paprat (nemam pojma ho\u0107e li crvena paprat tamo rasti). U\u010dinite to ekonomi\u010dno i ekolo\u0161ki prihvatljivo. No, nemojte me stavljati na groblje. To je ogromno rasipanje resursa&#8221;, jo\u0161 je jedan odgovor ekolo\u0161ki osvije\u0161tene osobe.<\/p>\n\n\n\n<h3 class=\"wp-block-heading\">Moj pepeo bacite u zahod<\/h3>\n\n\n\n<p>&#8220;Ne \u017eelim biti pokopan kada umrem. \u017delim samo da mi ostaci budu kremirani. Stvarno me nije briga gdje \u0107e moj pepeo biti raspr\u0161en. Bit \u0107u mrtav. Prestat \u0107u postojati. Nije mi va\u017eno ako netko pomije\u0161a moj pepeo s gnojivom od \u017eivotinjskog izmeta. Nije mi va\u017eno ako moj pepeo isperu niz WC. Nemam prigovora. \u010cak ni ne mogu prigovoriti jer vi\u0161e nisam ovdje na Zemlji. Da, \u017eelim to zapisati u svojoj oporuci, ali me moj odvjetnik odgovorio od toga. Ako to zapi\u0161em, mogu otvoriti Pandorinu kutiju kad umrem&#8221;, stoji u obrazlo\u017eenju koje su mnogi ocijenili razumnim.<\/p>\n\n\n\n<h3 class=\"wp-block-heading\">Sve, samo ne u grobnicu s \u010dlanovima obitelji<\/h3>\n\n\n\n<p>&#8220;Zapravo, ve\u0107 imam obiteljski grob, no nemam namjeru ikada u\u0107i u njega. Zato \u0161to je prili\u010dno odvratno raspadati se u lijesu. Zato \u0161to su groblja nevjerojatno rasipanje prostora i zahtijevaju ogromne koli\u010dine resursa za odr\u017eavanje. Nemam \u017eelju biti &#8216;s obitelji&#8217; na groblju, jer mi se to \u010dini prili\u010dno beskorisnim. Nije da bi mi posmrtni \u017eivot bio ugodniji, ako me zakopaju pored ujaka Iveka&#8221;, napisao je komentator kojemu o\u010dito nije stalo do obiteljskih dru\u017eenja u vje\u010dnosti.<\/p>\n\n\n\n<div id=\"crveno\"><\/p>\n\n\n\n<h3 class=\"wp-block-heading\">Zanima nas va\u0161a pri\u010da<\/h3>\n\n\n\n<p>\u017delite li i vi, posve anonimno, podijeliti svoje iskustvo i vi\u0111enje ove teme s nama i na\u0161im \u010ditateljima, mo\u017eete to u\u010diniti putem web obrasca <a rel=\"noreferrer noopener\" href=\"https:\/\/www.mojevrijeme.hr\/magazin\/povjerljivo\/\" target=\"_blank\">Povjerljivo<\/a>. Napi\u0161ite svoju pri\u010du!<\/p>\n\n\n\n<p><\/div>\n<div id=\"mojev-3500748299\" class=\"mojev-kraj-teksta mojev-entity-placement\" style=\"margin-bottom: 20px;margin-left: auto;margin-right: auto;text-align: center;\"><div class=\"mojev-adlabel\">oglas<\/div><div style=\"height: 250px;\"><script async src=\"https:\/\/pagead2.googlesyndication.com\/pagead\/js\/adsbygoogle.js?client=ca-pub-8106111766207173\"\r\n     crossorigin=\"anonymous\"><\/script>\r\n<!-- Display-1 -->\r\n<ins class=\"adsbygoogle\"\r\n     style=\"display:block\"\r\n     data-ad-client=\"ca-pub-8106111766207173\"\r\n     data-ad-slot=\"1465712950\"\r\n     data-ad-format=\"auto\"\r\n     data-full-width-responsive=\"true\"><\/ins>\r\n<script>\r\n     (adsbygoogle = window.adsbygoogle || []).push({});\r\n<\/script><\/div><\/div>","protected":false},"excerpt":{"rendered":"<p>&#8216;Shva\u0107am da gledam stvari malo druga\u010dije od ve\u0107ine ljudi. No, meni je tijelo samo sredstvo koje koristim da pro\u0111em kroz ovaj \u017eivot. Kada umrem, postaje bezvrijedno za mene&#8217;, me\u0111u naj\u010de\u0161\u0107im je obja\u0161njenjima.<\/p>\n","protected":false},"author":1,"featured_media":81516,"comment_status":"closed","ping_status":"closed","sticky":false,"template":"","format":"standard","meta":{"footnotes":""},"categories":[2],"tags":[3345,1085],"class_list":["post-81491","post","type-post","status-publish","format-standard","has-post-thumbnail","hentry","category-mozaik","tag-pogrebne-prakse","tag-pogrebni-obicaji"],"_links":{"self":[{"href":"https:\/\/www.mojevrijeme.hr\/magazin\/wp-json\/wp\/v2\/posts\/81491","targetHints":{"allow":["GET"]}}],"collection":[{"href":"https:\/\/www.mojevrijeme.hr\/magazin\/wp-json\/wp\/v2\/posts"}],"about":[{"href":"https:\/\/www.mojevrijeme.hr\/magazin\/wp-json\/wp\/v2\/types\/post"}],"author":[{"embeddable":true,"href":"https:\/\/www.mojevrijeme.hr\/magazin\/wp-json\/wp\/v2\/users\/1"}],"replies":[{"embeddable":true,"href":"https:\/\/www.mojevrijeme.hr\/magazin\/wp-json\/wp\/v2\/comments?post=81491"}],"version-history":[{"count":0,"href":"https:\/\/www.mojevrijeme.hr\/magazin\/wp-json\/wp\/v2\/posts\/81491\/revisions"}],"wp:featuredmedia":[{"embeddable":true,"href":"https:\/\/www.mojevrijeme.hr\/magazin\/wp-json\/wp\/v2\/media\/81516"}],"wp:attachment":[{"href":"https:\/\/www.mojevrijeme.hr\/magazin\/wp-json\/wp\/v2\/media?parent=81491"}],"wp:term":[{"taxonomy":"category","embeddable":true,"href":"https:\/\/www.mojevrijeme.hr\/magazin\/wp-json\/wp\/v2\/categories?post=81491"},{"taxonomy":"post_tag","embeddable":true,"href":"https:\/\/www.mojevrijeme.hr\/magazin\/wp-json\/wp\/v2\/tags?post=81491"}],"curies":[{"name":"wp","href":"https:\/\/api.w.org\/{rel}","templated":true}]}}