{"id":81913,"date":"2023-08-01T10:15:44","date_gmt":"2023-08-01T08:15:44","guid":{"rendered":"https:\/\/www.mojevrijeme.hr\/magazin\/?p=81913"},"modified":"2023-08-01T10:15:48","modified_gmt":"2023-08-01T08:15:48","slug":"benito-mirovine-su-milostinja-cemu-se-mogu-nadati-s-ovako-malo-staza","status":"publish","type":"post","link":"https:\/\/www.mojevrijeme.hr\/magazin\/2023\/08\/benito-mirovine-su-milostinja-cemu-se-mogu-nadati-s-ovako-malo-staza\/","title":{"rendered":"Benito: Mirovine su milostinja, \u010demu se mogu nadati s ovako malo sta\u017ea?"},"content":{"rendered":"\n<p><strong>Gospodin Benito <\/strong>\u0161okiran je izra\u010dunom mirovine svoje biv\u0161e supruge s \u010dijim je prilikama (i neprilikama) upoznat. On se na svoju penziju, povjerava nam, ne usudi ni pomisliti &#8211; prve \u0107e uvjete ste\u0107i za \u0161est godina, ali se tome ne veseli. Uvidio je, naime, da \u010dak i umirovljenici koji imaju vi\u0161e sta\u017ea od njega \u017eive na ozbiljnom i zabrinjavaju\u0107em pragu siroma\u0161tva.<\/p>\n\n\n\n<p>&#8220;Moja biv\u0161a supruga \u00a0je oti\u0161la u mirovinu jer nije vi\u0161e mogla raditi, odnosno nitko ju vi\u0161e nije htio zaposliti. U mirovinu je tako oti\u0161la sa 61 godinom starosti i 33 godine radnog sta\u017ea. Ne posjeduje nikakvu imovinu i nema drugog izvora prihoda. Kada sam \u010duo da dobije mirovinu iz drugog stupa i koliko dobije, bio sam naprosto \u0161okiran. To za njezinu visoku stru\u010dnu spremu nije ni\u0161ta drugo ve\u0107 milostinja&#8221;, obja\u0161njava nam 59-godi\u0161nji \u010ditatelj Benito.<\/p>\n\n\n\n<h3 class=\"wp-block-heading\">Kako to dr\u017eava izra\u010dunava mirovine?!<\/h3>\n\n\n\n<p>Na pragu je svoje \u0161ezdesete, i sada je i on shvatio da se mirovine, kako ka\u017ee, treba bojati. &#8220;Sramota za na\u0161u dr\u017eavu da tako izra\u010dunava koliko nam za \u017eivot treba. Obzirom da ja imam puno manje sta\u017ea od biv\u0161e supruge, a \u010dak pola poslova sam radio kao da imam srednju stru\u010dnu spremu, a tek pola mi se priznala visoka sprema, imam se \u010dega i bojati.&#8221;<\/p><div id=\"mojev-1155603687\" class=\"mojev-u-tekstu mojev-entity-placement\" style=\"margin-left: auto;margin-right: auto;text-align: center;\"><div class=\"mojev-adlabel\">oglas<\/div><div style=\"height: 250px;\"><script async src=\"https:\/\/pagead2.googlesyndication.com\/pagead\/js\/adsbygoogle.js?client=ca-pub-8106111766207173\"\r\n     crossorigin=\"anonymous\"><\/script>\r\n<!-- Prikazni 1 u tekstu -->\r\n<ins class=\"adsbygoogle\"\r\n     style=\"display:block\"\r\n     data-ad-client=\"ca-pub-8106111766207173\"\r\n     data-ad-slot=\"8535551207\"\r\n     data-ad-format=\"auto\"\r\n     data-full-width-responsive=\"true\"><\/ins>\r\n<script>\r\n     (adsbygoogle = window.adsbygoogle || []).push({});\r\n<\/script><\/div><\/div><br style=\"clear: both; display: block; float: none;\"\/>\n\n\n\n<p>&#8220;Smatram da je i za to jednim dijelom odgovorna dr\u017eava zato \u0161to je niz godina dopu\u0161tala da ljudi rade na crno, bez prijave na mirovinsko i zdravstveno osiguranje. K tome se tim neprijavljenim ljudima doga\u0111alo da im poslodavac uop\u0107e ne isplati pla\u0107u&#8221;, izrazio je svoje negodovanje gospodin Benito, prisjetiv\u0161i se negativnih iskustava tijekom svog radnog vijeka.<\/p>\n\n\n\n<h3 class=\"wp-block-heading\">&#8220;\u010cemu se uop\u0107e mogu nadati?&#8221;<\/h3>\n\n\n\n<p>Iako se osje\u0107a sposobnim raditi jo\u0161 najmanje \u0161est godina, na\u0161 je \u010ditatelj svjestan da \u0107e mu za odlazak u punu starosnu mirovinu nedostajati koja godina sta\u017ea, pa \u0107e morati izabrati &#8211; nastaviti raditi, ili se pomiriti s manjim primanjima. A ta manja mirovina je, kako se na po\u010detku izrazio, za njega upravo \u0161okantna.<\/p>\n\n\n\n<p>&#8220;Za \u0161est godina \u0107u imati 65 godina i prvi uvjet za mirovinu, ali drugi uvjet za punu mirovinu ne\u0107u, vjerojatno, uop\u0107e mo\u0107i ispuniti, a to je da napunim 35 godina radnog sta\u017ea. \u010cemu se uop\u0107e mogu nadati?&#8221;, pita se na\u0161 \u010ditatelj Benito.<\/p>\n\n\n\n<div id=\"crveno\"><\/p>\n\n\n\n<h3 class=\"wp-block-heading\">Zanima nas va\u0161a pri\u010da<\/h3>\n\n\n\n<p>\u017delite li i vi, posve anonimno, podijeliti svoje iskustvo i vi\u0111enje ove teme s nama i na\u0161im \u010ditateljima, mo\u017eete to u\u010diniti putem web obrasca <a rel=\"noreferrer noopener\" href=\"https:\/\/www.mojevrijeme.hr\/magazin\/povjerljivo\/\" target=\"_blank\">Povjerljivo<\/a>. Napi\u0161ite svoju pri\u010du!<\/p>\n\n\n\n<p><\/div>\n<div id=\"mojev-1443873495\" class=\"mojev-kraj-teksta mojev-entity-placement\" style=\"margin-bottom: 20px;margin-left: auto;margin-right: auto;text-align: center;\"><div class=\"mojev-adlabel\">oglas<\/div><div style=\"height: 250px;\"><script async src=\"https:\/\/pagead2.googlesyndication.com\/pagead\/js\/adsbygoogle.js?client=ca-pub-8106111766207173\"\r\n     crossorigin=\"anonymous\"><\/script>\r\n<!-- Display-1 -->\r\n<ins class=\"adsbygoogle\"\r\n     style=\"display:block\"\r\n     data-ad-client=\"ca-pub-8106111766207173\"\r\n     data-ad-slot=\"1465712950\"\r\n     data-ad-format=\"auto\"\r\n     data-full-width-responsive=\"true\"><\/ins>\r\n<script>\r\n     (adsbygoogle = window.adsbygoogle || []).push({});\r\n<\/script><\/div><\/div>","protected":false},"excerpt":{"rendered":"<p>Ljudi koji rade za minimalac ili su godinama bili bez posla ili pak prisiljeni raditi na crno i nemaju sta\u017ea za punu starosnu mirovinu, u \u0161oku su kad \u010duju i pro\u010ditaju kakve su hrvatske mirovine. Oni nam iskreno priznaju da ih je strah i pomisliti na umirovljenje, jer su sve svjesniji \u0161to ih \u010deka. Svoje strahove ususret penziji koja ga \u010deka za \u0161est godina, povjerio nam je i na\u0161 \u010ditatelj Benito.<\/p>\n","protected":false},"author":17,"featured_media":81936,"comment_status":"closed","ping_status":"closed","sticky":false,"template":"","format":"standard","meta":{"footnotes":""},"categories":[3552],"tags":[3000],"class_list":["post-81913","post","type-post","status-publish","format-standard","has-post-thumbnail","hentry","category-povjerljivo","tag-prijevremena-mirovina"],"_links":{"self":[{"href":"https:\/\/www.mojevrijeme.hr\/magazin\/wp-json\/wp\/v2\/posts\/81913","targetHints":{"allow":["GET"]}}],"collection":[{"href":"https:\/\/www.mojevrijeme.hr\/magazin\/wp-json\/wp\/v2\/posts"}],"about":[{"href":"https:\/\/www.mojevrijeme.hr\/magazin\/wp-json\/wp\/v2\/types\/post"}],"author":[{"embeddable":true,"href":"https:\/\/www.mojevrijeme.hr\/magazin\/wp-json\/wp\/v2\/users\/17"}],"replies":[{"embeddable":true,"href":"https:\/\/www.mojevrijeme.hr\/magazin\/wp-json\/wp\/v2\/comments?post=81913"}],"version-history":[{"count":0,"href":"https:\/\/www.mojevrijeme.hr\/magazin\/wp-json\/wp\/v2\/posts\/81913\/revisions"}],"wp:featuredmedia":[{"embeddable":true,"href":"https:\/\/www.mojevrijeme.hr\/magazin\/wp-json\/wp\/v2\/media\/81936"}],"wp:attachment":[{"href":"https:\/\/www.mojevrijeme.hr\/magazin\/wp-json\/wp\/v2\/media?parent=81913"}],"wp:term":[{"taxonomy":"category","embeddable":true,"href":"https:\/\/www.mojevrijeme.hr\/magazin\/wp-json\/wp\/v2\/categories?post=81913"},{"taxonomy":"post_tag","embeddable":true,"href":"https:\/\/www.mojevrijeme.hr\/magazin\/wp-json\/wp\/v2\/tags?post=81913"}],"curies":[{"name":"wp","href":"https:\/\/api.w.org\/{rel}","templated":true}]}}