{"id":81968,"date":"2023-08-02T17:18:15","date_gmt":"2023-08-02T15:18:15","guid":{"rendered":"https:\/\/www.mojevrijeme.hr\/magazin\/?p=81968"},"modified":"2023-08-02T17:19:21","modified_gmt":"2023-08-02T15:19:21","slug":"u-mirovini-nisam-vise-tip-top-skockana-dosta-sam-se-mucila","status":"publish","type":"post","link":"https:\/\/www.mojevrijeme.hr\/magazin\/2023\/08\/u-mirovini-nisam-vise-tip-top-skockana-dosta-sam-se-mucila\/","title":{"rendered":"\u2018U mirovini nisam vi\u0161e tip-top skockana, dosta sam se mu\u010dila\u2019"},"content":{"rendered":"\n<p><strong>Umirovljenica Barbara<\/strong>, \u010ditateljica platforme Quora, otkriva da nije od onih koji su totalno smanjili izbor u ormaru, ali se ipak odijeva udobnije.<\/p>\n\n\n\n<p>&#8220;Imam dosta stvari jer ne volim stalno biti u istom. Zato \u010desto odem u <em>second hand<\/em> trgovinu i na\u0111em si ne\u0161to lijepo u mojoj omiljenoj boji. U potpunosti sam ostala vjerna jakim bojama, volim crvenu i naran\u010dastu boju, a ima tu mjesta i za zelenu, plavu i ljubi\u010dastu. Za dan uvijek biram majicu bez rukava ili  bluzu bez rukava, ali na kop\u010danje i to kombiniram s hla\u010dama. Svi me mogu nadaleko vidjeti da dolazim, ba\u0161 zbog tropske rapsodije boja na meni&#8221;, opisuje.<\/p>\n\n\n\n<p>\u0160to se ti\u010de samog ormara, otkriva da \u010distu odje\u0107u stavlja s lijeve strane, a onu koju je ve\u0107 nosila, a jo\u0161 je dobra za jednom obu\u0107i, s desne strane. &#8220;A ako iz lijevog odjeljka ne\u0161to dugo ne odjenem, to ide u donaciju. Tako\u0111er imam zbilja puno \u0161arenih \u010darapa, podijeljenih na kratke stopalice i na du\u017ee zimske \u010darape. Zbog \u010dukljeva ne mogu nositi cipele koje nisu ekstremno \u0161iroke, pa sam se na\u017ealost morala oprostiti od nekih omiljenih. Kako bilo, vi\u0161e ne moram biti ba\u0161 tip-top skockana, opametila sam se i opustila, a opet smatram da ne izgledam dosadno&#8221;, napisala je.<\/p><div id=\"mojev-579965620\" class=\"mojev-u-tekstu mojev-entity-placement\" style=\"margin-left: auto;margin-right: auto;text-align: center;\"><div class=\"mojev-adlabel\">oglas<\/div><div style=\"height: 250px;\"><script async src=\"https:\/\/pagead2.googlesyndication.com\/pagead\/js\/adsbygoogle.js?client=ca-pub-8106111766207173\"\r\n     crossorigin=\"anonymous\"><\/script>\r\n<!-- Prikazni 1 u tekstu -->\r\n<ins class=\"adsbygoogle\"\r\n     style=\"display:block\"\r\n     data-ad-client=\"ca-pub-8106111766207173\"\r\n     data-ad-slot=\"8535551207\"\r\n     data-ad-format=\"auto\"\r\n     data-full-width-responsive=\"true\"><\/ins>\r\n<script>\r\n     (adsbygoogle = window.adsbygoogle || []).push({});\r\n<\/script><\/div><\/div><br style=\"clear: both; display: block; float: none;\"\/>\n\n\n\n<h3 class=\"wp-block-heading\">Izgorjela od mode&nbsp;<\/h3>\n\n\n\n<p><strong>Joanna<\/strong> je pak otkrila da je jedna od onih \u017eena koje su u mirovini shvatile da su bile potpuno izgorjele zbog toga \u0161to su slijedile sve modne trendove.<\/p>\n\n\n\n<p>&#8220;Provela sam nenormalno puno vremena i potro\u0161ila bezobraznu svotu novaca kako bih bila u skladu s trendovima. Obilazila sam du\u0107ane, naru\u010divala preko interneta, nosila na kemijsko \u010di\u0161\u0107enje, prala i peglala. I naravno, konstantno sam procjenjivala kako u tome izgledam, nisam li proma\u0161ila s ne\u010dim u stajlingu. Tek kad sam oti\u0161la u mirovinu, shvatila sam koliko je to sve skupa bilo tragikomi\u010dno. I zato danas imam vrlo malo udobne i ne preskupe odje\u0107e. Ponekad \u010dak ne\u0161to kupim i u <em>second hand<\/em> du\u0107anu. Napokon sam slobodna!&#8221; priznala je.<\/p>\n\n\n\n<h3 class=\"wp-block-heading\">&#8220;Da, mogu dva dana nositi isto&#8221;<\/h3>\n\n\n\n<p>Evo \u0161to je o tome napisala <strong>umirovljenica Margie<\/strong>: &#8220;Dogodi mi se da sam \u010de\u0161\u0107e u istoj odje\u0107i jer ne\u0161to primjerice nosim samo nave\u010der, a onda ostavim prozra\u010diti pa kad sutradan opet gledam \u0161to \u0107u odjenuti, prvo mi to upadne u o\u010di. Ako me netko u tome vidi dva dana zaredom, sigurno pomisli da sam stalno u istom&#8221;, napisala je.<\/p>\n\n\n\n<p>&#8220;A drugi problem kod nas u mirovini \u2013 barem je kod mene tako \u2013 je taj \u0161to si prona\u0111emo ne\u0161to \u0161to nam se svi\u0111a i po svemu nam odgovara, i onda si to kupimo u vi\u0161e boja. Neke sam si stvari tako kupila \u010dak i u istoj boji, pa mo\u017eda netko misli da sam svaki dan u istome, a zapravo nisam&#8221;, otkriva Margie.<\/p>\n\n\n\n<h3 class=\"wp-block-heading\">&#8220;Peremo i sebe i odje\u0107u, hvala na pitanju&#8221;<\/h3>\n\n\n\n<p><strong>Vicki<\/strong> se uznemirila na pitanje je li stalno u istoj odje\u0107i jer je prvo pomislila ne odnosi li se to na predrasudu da se stariji ne peru, ili da ne peru redovito odje\u0107u. &#8220;Peremo i sebe i odje\u0107u. No, ako ste mislili nosim li stalno isti tip odje\u0107e, o da, to je svakako istina. Ljeti stalno nosim hla\u010de do ispod koljena i topove koji pristaju uz njih. Takvih hla\u010da imam u \u0161irokoj paleti boja, materijala i stilova. U hladnijim mjesecima pak nosim traperice ili kakav lijep donji dio trenirke i uvijek ih sli\u010dno kombiniram, no ponavljam da svaki dan odjenem \u010disto&#8221;, napisala je.<\/p>\n\n\n\n<p>U svakom slu\u010daju, obja\u0161njava, nije vi\u0161e pod pritiskom da to mora biti neki poseban stajling. &#8220;Nakon \u0161to smo oti\u0161le u mirovinu, moja najbolja prijateljica i ja spakirale smo odje\u0107u koju smo nosile za posao i donirale tijekom jedne akcije kad se pomagalo \u017eenama bez primanja i posla, da se mogu pristojno obu\u0107i za intervju za posao, i onda na poslu&#8221;, iskreno je otkrila i naglasila da je i \u0161tiklama definitivno rekla &#8220;zbogom&#8221;, dosta se maltretirala.<\/p>\n\n\n\n<h3 class=\"wp-block-heading\">&#8220;Trebao bih ne\u0161to finije za sprovode&#8221;<\/h3>\n\n\n\n<p><strong>Philip<\/strong> je pak napisao da se kod njega doista \u010dini da je svaki dan u istome. &#8220;Rije\u0161io sam jo\u0161 davno svih odijela osim jednog dobrog sakoa za slu\u010daj da me netko pozove na ples. Znam i da \u0107u morati na kakav sprovod (uklju\u010duju\u0107i svoj) i trebao bih kupiti ne\u0161to finije odje\u0107e za takve prigode, ali za\u0161to bih to u\u010dinio sada? Ne trebam to jo\u0161\u201d, smatra Philip.<\/p>\n\n\n\n<div id=\"crveno\"><\/p>\n\n\n\n<h3 class=\"wp-block-heading\">Zanima nas va\u0161a pri\u010da<\/h3>\n\n\n\n<p>\u017delite li i vi, posve anonimno, podijeliti svoje iskustvo i vi\u0111enje ove teme s nama i na\u0161im \u010ditateljima, mo\u017eete to u\u010diniti putem web obrasca <a rel=\"noreferrer noopener\" href=\"https:\/\/www.mojevrijeme.hr\/magazin\/povjerljivo\/\" target=\"_blank\">Povjerljivo<\/a>. Napi\u0161ite svoju pri\u010du!<\/p>\n\n\n\n<p><\/div>\n<div id=\"mojev-4077133265\" class=\"mojev-kraj-teksta mojev-entity-placement\" style=\"margin-bottom: 20px;margin-left: auto;margin-right: auto;text-align: center;\"><div class=\"mojev-adlabel\">oglas<\/div><div style=\"height: 250px;\"><script async src=\"https:\/\/pagead2.googlesyndication.com\/pagead\/js\/adsbygoogle.js?client=ca-pub-8106111766207173\"\r\n     crossorigin=\"anonymous\"><\/script>\r\n<!-- Display-1 -->\r\n<ins class=\"adsbygoogle\"\r\n     style=\"display:block\"\r\n     data-ad-client=\"ca-pub-8106111766207173\"\r\n     data-ad-slot=\"1465712950\"\r\n     data-ad-format=\"auto\"\r\n     data-full-width-responsive=\"true\"><\/ins>\r\n<script>\r\n     (adsbygoogle = window.adsbygoogle || []).push({});\r\n<\/script><\/div><\/div>","protected":false},"excerpt":{"rendered":"<p>Na pitanje o tome jesu li u mirovini svoj ormar s odje\u0107om sveli na razumniju mjeru te odijevaju li se jednostavnije nego dok su radili, i \u017eene i mu\u0161karci dali su vrlo zanimljive odgovore. \u017dene su se mahom rije\u0161ile uskih haljina i \u0161tikli, a mu\u0161karci ko\u0161ulja i odijela i ormar slo\u017eili tako da vi\u0161e niti jedno jutro ne moraju razbijati glavu \u0161to \u0107e ih stiskati ili na\u017euljati, ili \u0161to \u0107e s \u010dime kombinirati.<\/p>\n","protected":false},"author":17,"featured_media":82087,"comment_status":"closed","ping_status":"closed","sticky":false,"template":"","format":"standard","meta":{"footnotes":""},"categories":[86],"tags":[276,374],"class_list":["post-81968","post","type-post","status-publish","format-standard","has-post-thumbnail","hentry","category-stil-i-ljepota","tag-moda","tag-odjeca"],"_links":{"self":[{"href":"https:\/\/www.mojevrijeme.hr\/magazin\/wp-json\/wp\/v2\/posts\/81968","targetHints":{"allow":["GET"]}}],"collection":[{"href":"https:\/\/www.mojevrijeme.hr\/magazin\/wp-json\/wp\/v2\/posts"}],"about":[{"href":"https:\/\/www.mojevrijeme.hr\/magazin\/wp-json\/wp\/v2\/types\/post"}],"author":[{"embeddable":true,"href":"https:\/\/www.mojevrijeme.hr\/magazin\/wp-json\/wp\/v2\/users\/17"}],"replies":[{"embeddable":true,"href":"https:\/\/www.mojevrijeme.hr\/magazin\/wp-json\/wp\/v2\/comments?post=81968"}],"version-history":[{"count":0,"href":"https:\/\/www.mojevrijeme.hr\/magazin\/wp-json\/wp\/v2\/posts\/81968\/revisions"}],"wp:featuredmedia":[{"embeddable":true,"href":"https:\/\/www.mojevrijeme.hr\/magazin\/wp-json\/wp\/v2\/media\/82087"}],"wp:attachment":[{"href":"https:\/\/www.mojevrijeme.hr\/magazin\/wp-json\/wp\/v2\/media?parent=81968"}],"wp:term":[{"taxonomy":"category","embeddable":true,"href":"https:\/\/www.mojevrijeme.hr\/magazin\/wp-json\/wp\/v2\/categories?post=81968"},{"taxonomy":"post_tag","embeddable":true,"href":"https:\/\/www.mojevrijeme.hr\/magazin\/wp-json\/wp\/v2\/tags?post=81968"}],"curies":[{"name":"wp","href":"https:\/\/api.w.org\/{rel}","templated":true}]}}