{"id":82050,"date":"2023-08-02T09:26:51","date_gmt":"2023-08-02T07:26:51","guid":{"rendered":"https:\/\/www.mojevrijeme.hr\/magazin\/?p=82050"},"modified":"2023-08-02T09:28:34","modified_gmt":"2023-08-02T07:28:34","slug":"umirovljenici-zajedno-podignite-doprinose-za-i-mirovinski-stup-ii-stup-ne-daje-rezultate","status":"publish","type":"post","link":"https:\/\/www.mojevrijeme.hr\/magazin\/2023\/08\/umirovljenici-zajedno-podignite-doprinose-za-i-mirovinski-stup-ii-stup-ne-daje-rezultate\/","title":{"rendered":"&#8216;Podignite doprinose za I. mirovinski stup, II. stup ne daje rezultate&#8217;"},"content":{"rendered":"\n<p>Politi\u010dka platforma Umirovljenici zajedno predla\u017ee Vladi RH odbacivanje sve glasnijih razmi\u0161ljanja za pove\u0107anje stope doprinosa za II. mirovinski stup te predla\u017ee da \u0161to prije za 1 \u2013 2 posto pove\u0107a izdvajanje za I. mirovinski stup. <\/p>\n\n\n\n<p>Taj doprinos bi, smatra umirovljeni\u010dka koalicija, u slijede\u0107ih nekoliko godinama trebalo pove\u0107ati sa sada\u0161njih 15 posto do ukupnih 20 posto ili jo\u0161 vi\u0161e. &#8220;Treba imati na umu da je Hrvatska u skupini zapadnoeuropskih zemalja sa najmanjim ukupnim stopama doprinosa za mirovine \u0161to se radi mogu\u0107e neodr\u017eivosti mirovinskog sustava mora \u017eurno mijenjati&#8221;, pi\u0161e u priop\u0107enju ova koalicija umirovljenika.<\/p>\n\n\n\n<p>&#8220;Umirovljenici zajedno (SU, BUZ, DSU) predla\u017eu Vladi pove\u0107anje izdvajanja za I. mirovinski stup uz redefiniranje statusa II. stupa koji nije polu\u010dio najavljene efekte. Za II. stup je dovoljno kazati da se preko 80 posto svih koji odlaze u mirovinu odlu\u010duje za prijenos sredstava u I. stup a tek manji dio ostaje i u II. stupu, i to uglavnom radi mogu\u0107nosti povla\u010denja 15 posto gotovine koja im u ve\u0107ini slu\u010dajeva slu\u017ei za pokrivanje minusa na osobnim ra\u010dunima. Kada ne bi bilo mogu\u0107nosti povla\u010denja gotovine samo bi rijetki prilikom umirovljenja ostali u II. stupu \u0161to samo po sebi sugerira kako se sa II. stupom ne\u0161to&nbsp; treba uraditi, i to doslovno odmah.&#8221;<\/p><div id=\"mojev-2150330779\" class=\"mojev-u-tekstu mojev-entity-placement\" style=\"margin-left: auto;margin-right: auto;text-align: center;\"><div class=\"mojev-adlabel\">oglas<\/div><div style=\"height: 250px;\"><script async src=\"https:\/\/pagead2.googlesyndication.com\/pagead\/js\/adsbygoogle.js?client=ca-pub-8106111766207173\"\r\n     crossorigin=\"anonymous\"><\/script>\r\n<!-- Prikazni 1 u tekstu -->\r\n<ins class=\"adsbygoogle\"\r\n     style=\"display:block\"\r\n     data-ad-client=\"ca-pub-8106111766207173\"\r\n     data-ad-slot=\"8535551207\"\r\n     data-ad-format=\"auto\"\r\n     data-full-width-responsive=\"true\"><\/ins>\r\n<script>\r\n     (adsbygoogle = window.adsbygoogle || []).push({});\r\n<\/script><\/div><\/div><br style=\"clear: both; display: block; float: none;\"\/>\n\n\n\n<p>&#8220;Budu\u0107i ve\u0107 imamo cijene roba i usluga na razini EU tako ne vidimo opravdane razloge radi kojih u Hrvatskoj ne bi trebali imati europske pla\u0107e i mirovine. Ako je minimalna pla\u0107a, minimalna mirovina, cijena sata rada, kao i jo\u0161 puno toga isklju\u010divo posljedica politi\u010dke volje i u potpunoj nadle\u017enosti Vlade odnosno Hrvatskog sabora, onda je logi\u010dan zaklju\u010dak kako je i siroma\u0161tvo posljedica politi\u010dkih odluka ili volje a ne financijskih nemogu\u0107nosti dr\u017eave.&nbsp;&#8220;<\/p>\n\n\n\n<p>&#8220;Umirovljenici zajedno uz najve\u0107e umirovljeni\u010dke udruge MUH-a i SUH-a, kao i radni\u010dki sindikati, dijeli mi\u0161ljenje kako je iscrpljen prostor za pove\u0107anje neoporezivog dijela pla\u0107e stoga je jedino rje\u0161enje u pove\u0107anju bruto pla\u0107a koje se treba uraditi kroz pove\u0107anje minimalne cijene satnice rada koje su u Hrvatskoj me\u0111u trima najmanjima u EU. Hrvatska \u0107e ove godine za mirovine isplati cca 6,5 milijardi eura s tim \u0107e uplate u oba stupa iznositi 4,3 milijarde eura \u0161to zna\u010di da \u0107e se 2,2 milijarde eura pokriti drugim prihodima prora\u010duna.&#8221;<\/p>\n\n\n\n<p>&#8220;Izdvajanjem mirovina po posebnim propisima koje \u010dine 25 posto ili cca 1,65 milijardi eura dolazimo do &#8216;samo&#8217; 0,55 milijardi eura koji nedostaje da bi se \u010dak i uz va\u017ee\u0107e stope doprinosa uplatama pokrile isplate svih preostalih mirovina. Ako su u nizu zemalja EU koje imaju znatno ve\u0107e prosje\u010dne mirovine od Hrvatske i ukupne stope doprinosa za mirovine ve\u0107e poput npr. 24,4 u Sloveniji, Francuskoj 27,8 posto ili Italiji \u010dak 33 posto onda nema zapreke da se stope doprinosa za mirovine uz pove\u0107anje bruto pla\u0107a pove\u0107aju i u Hrvatskoj.&#8221;<\/p>\n\n\n\n<p>&#8220;Pove\u0107anjem bruto pla\u0107a kroz pove\u0107anje cijene satnice rada, uz pove\u0107anje stope doprinosa za I. mirovinski stup i resetiranjem II stupa, se otvora prostor i za zna\u010dajan rast mirovina \u0161to su u javno iznesenim zahtjevima ve\u0107 najavile sve relevantne umirovljeni\u010dke udruge i stranke.&#8221;<\/p>\n<div id=\"mojev-2409740580\" class=\"mojev-kraj-teksta mojev-entity-placement\" style=\"margin-bottom: 20px;margin-left: auto;margin-right: auto;text-align: center;\"><div class=\"mojev-adlabel\">oglas<\/div><div style=\"height: 250px;\"><script async src=\"https:\/\/pagead2.googlesyndication.com\/pagead\/js\/adsbygoogle.js?client=ca-pub-8106111766207173\"\r\n     crossorigin=\"anonymous\"><\/script>\r\n<!-- Display-1 -->\r\n<ins class=\"adsbygoogle\"\r\n     style=\"display:block\"\r\n     data-ad-client=\"ca-pub-8106111766207173\"\r\n     data-ad-slot=\"1465712950\"\r\n     data-ad-format=\"auto\"\r\n     data-full-width-responsive=\"true\"><\/ins>\r\n<script>\r\n     (adsbygoogle = window.adsbygoogle || []).push({});\r\n<\/script><\/div><\/div>","protected":false},"excerpt":{"rendered":"<p>&#8216;Pove\u0107anjem bruto pla\u0107a kroz pove\u0107anje cijene satnice rada, uz pove\u0107anje stope doprinosa za I. mirovinski stup i resetiranjem II stupa, se otvora prostor i za zna\u010dajan rast mirovina \u0161to su u javno iznesenim zahtjevima ve\u0107 najavile sve relevantne umirovljeni\u010dke udruge i stranke.&#8217;<\/p>\n","protected":false},"author":1,"featured_media":62148,"comment_status":"closed","ping_status":"closed","sticky":false,"template":"","format":"standard","meta":{"footnotes":""},"categories":[9],"tags":[1133,3306],"class_list":["post-82050","post","type-post","status-publish","format-standard","has-post-thumbnail","hentry","category-vijesti","tag-drugi-stup","tag-umirovljenici-zajedno"],"_links":{"self":[{"href":"https:\/\/www.mojevrijeme.hr\/magazin\/wp-json\/wp\/v2\/posts\/82050","targetHints":{"allow":["GET"]}}],"collection":[{"href":"https:\/\/www.mojevrijeme.hr\/magazin\/wp-json\/wp\/v2\/posts"}],"about":[{"href":"https:\/\/www.mojevrijeme.hr\/magazin\/wp-json\/wp\/v2\/types\/post"}],"author":[{"embeddable":true,"href":"https:\/\/www.mojevrijeme.hr\/magazin\/wp-json\/wp\/v2\/users\/1"}],"replies":[{"embeddable":true,"href":"https:\/\/www.mojevrijeme.hr\/magazin\/wp-json\/wp\/v2\/comments?post=82050"}],"version-history":[{"count":0,"href":"https:\/\/www.mojevrijeme.hr\/magazin\/wp-json\/wp\/v2\/posts\/82050\/revisions"}],"wp:featuredmedia":[{"embeddable":true,"href":"https:\/\/www.mojevrijeme.hr\/magazin\/wp-json\/wp\/v2\/media\/62148"}],"wp:attachment":[{"href":"https:\/\/www.mojevrijeme.hr\/magazin\/wp-json\/wp\/v2\/media?parent=82050"}],"wp:term":[{"taxonomy":"category","embeddable":true,"href":"https:\/\/www.mojevrijeme.hr\/magazin\/wp-json\/wp\/v2\/categories?post=82050"},{"taxonomy":"post_tag","embeddable":true,"href":"https:\/\/www.mojevrijeme.hr\/magazin\/wp-json\/wp\/v2\/tags?post=82050"}],"curies":[{"name":"wp","href":"https:\/\/api.w.org\/{rel}","templated":true}]}}