{"id":82102,"date":"2023-08-03T09:02:30","date_gmt":"2023-08-03T07:02:30","guid":{"rendered":"https:\/\/www.mojevrijeme.hr\/magazin\/?p=82102"},"modified":"2023-08-03T09:02:33","modified_gmt":"2023-08-03T07:02:33","slug":"hrvatska-stranka-umirovljenika-idemo-prema-izbornom-pragu","status":"publish","type":"post","link":"https:\/\/www.mojevrijeme.hr\/magazin\/2023\/08\/hrvatska-stranka-umirovljenika-idemo-prema-izbornom-pragu\/","title":{"rendered":"Hrvatska stranka umirovljenika: Idemo prema izbornom pragu!"},"content":{"rendered":"\n<p>&#8220;Prema svim anketama u ispitivanju preferencija javnog mnijenja prema politi\u010dkim strankama Hrvatska stranka umirovljenika zauzima \u010dvrsto 6. mjesto! I to unato\u010d tome \u0161to nemamo predstavnika u Hrvatskom saboru koji predstavlja najsna\u017eniju polugu u javnom djelovanju&#8221;, pohvalila se objavom na dru\u0161tvenim mre\u017eama Hrvatska stranka umirovljenika (HSU).<\/p>\n\n\n\n<p>&#8220;Gledaju\u0107i na taj na\u010din mo\u017eemo biti zadovoljni jer brojne stranke iza nas imaju ne samo jednog ve\u0107 i vi\u0161e saborskih zastupnika. Ipak u kontaktima s umirovljenicima i osobama starije \u017eivotne dobi koji nam se svakodnevno obra\u0107aju i tra\u017ee na\u0161u pomo\u0107 ne mo\u017eemo i ne smijemo biti zadovoljni&#8221;, pi\u0161e stranka. <\/p>\n\n\n\n<p>&#8220;Zbog toga \u0107emo i dalje graditi na\u0161u politi\u010dku pri\u010du tako da dohvatimo izborni prag u parlamentarnim izborima. Jer samo s vi\u0161e zastupnika u Hrvatskom saboru mo\u0107i \u0107emo uspje\u0161nije realizirati na\u0161e politi\u010dke planove i ciljeve i to u interesu svih umirovljenika. Dobro je ponoviti u interesu svih umirovljenika, a ne samo koji \u0107e glasati za nas ve\u0107 i druge stranke pa i one koji ne\u0107e iz razno raznih razloga iza\u0107i na birali\u0161ta&#8221;, zaklju\u010duje HSU u objavi na Facebooku.<\/p><div id=\"mojev-3291917697\" class=\"mojev-u-tekstu mojev-entity-placement\" style=\"margin-left: auto;margin-right: auto;text-align: center;\"><div class=\"mojev-adlabel\">oglas<\/div><div style=\"height: 250px;\"><script async src=\"https:\/\/pagead2.googlesyndication.com\/pagead\/js\/adsbygoogle.js?client=ca-pub-8106111766207173\"\r\n     crossorigin=\"anonymous\"><\/script>\r\n<!-- Prikazni 1 u tekstu -->\r\n<ins class=\"adsbygoogle\"\r\n     style=\"display:block\"\r\n     data-ad-client=\"ca-pub-8106111766207173\"\r\n     data-ad-slot=\"8535551207\"\r\n     data-ad-format=\"auto\"\r\n     data-full-width-responsive=\"true\"><\/ins>\r\n<script>\r\n     (adsbygoogle = window.adsbygoogle || []).push({});\r\n<\/script><\/div><\/div><br style=\"clear: both; display: block; float: none;\"\/>\n\n\n\n<iframe loading=\"lazy\" src=\"https:\/\/www.facebook.com\/plugins\/post.php?href=https%3A%2F%2Fwww.facebook.com%2Fhrvatskastrankaumirovljenika%2Fposts%2Fpfbid03RCo2H3njtHn3iWp6gAKiRLyKr7sgaanAxdEYuAoFdjjkV2kZKKggFp2EpoJDx4Yl&#038;width=740&#038;show_text=true&#038;appId=702830876459350&#038;height=691\" width=\"740\" height=\"691\" style=\"border:none;overflow:hidden\" scrolling=\"no\" frameborder=\"0\" allowfullscreen=\"true\" allow=\"autoplay; clipboard-write; encrypted-media; picture-in-picture; web-share\"><\/iframe>\n\n\n\n\n<p><a href=\"https:\/\/www.facebook.com\/photo\/?fbid=686033546903648&amp;set=a.216055367234804&amp;__cft__[0]=AZUUyzICfB9ITc2eA7tHS06d5vzz9opQ3LqPBACiBBcZNkTMCYmdjSPh-uzWkgPQRwVXpYsbdEz7F7EdXrgvbbg9jn4L57_UhcU_7AZIk7E8wsxLZTyNomKr_9-H23kbeT-Hc67nQ57T1OqE1H8D9G5n6Qv4CyjLgVvSxqPM37jGIcJN8jYbidBbNnIuuFcUkxQ&amp;__tn__=EH-R\"><\/a><\/p>\n\n\n\n<p><\/p>\n<div id=\"mojev-1254110402\" class=\"mojev-kraj-teksta mojev-entity-placement\" style=\"margin-bottom: 20px;margin-left: auto;margin-right: auto;text-align: center;\"><div class=\"mojev-adlabel\">oglas<\/div><div style=\"height: 250px;\"><script async src=\"https:\/\/pagead2.googlesyndication.com\/pagead\/js\/adsbygoogle.js?client=ca-pub-8106111766207173\"\r\n     crossorigin=\"anonymous\"><\/script>\r\n<!-- Display-1 -->\r\n<ins class=\"adsbygoogle\"\r\n     style=\"display:block\"\r\n     data-ad-client=\"ca-pub-8106111766207173\"\r\n     data-ad-slot=\"1465712950\"\r\n     data-ad-format=\"auto\"\r\n     data-full-width-responsive=\"true\"><\/ins>\r\n<script>\r\n     (adsbygoogle = window.adsbygoogle || []).push({});\r\n<\/script><\/div><\/div>","protected":false},"excerpt":{"rendered":"<p>Samo s vi\u0161e zastupnika u Hrvatskom saboru mo\u0107i \u0107emo uspje\u0161nije realizirati na\u0161e politi\u010dke planove i ciljeve i to u interesu svih umirovljenika, poru\u010duju iz HSU-a.<\/p>\n","protected":false},"author":1,"featured_media":46710,"comment_status":"closed","ping_status":"closed","sticky":false,"template":"","format":"standard","meta":{"footnotes":""},"categories":[9],"tags":[111,223],"class_list":["post-82102","post","type-post","status-publish","format-standard","has-post-thumbnail","hentry","category-vijesti","tag-hrvatska-stranka-umirovljenika","tag-izbori"],"_links":{"self":[{"href":"https:\/\/www.mojevrijeme.hr\/magazin\/wp-json\/wp\/v2\/posts\/82102","targetHints":{"allow":["GET"]}}],"collection":[{"href":"https:\/\/www.mojevrijeme.hr\/magazin\/wp-json\/wp\/v2\/posts"}],"about":[{"href":"https:\/\/www.mojevrijeme.hr\/magazin\/wp-json\/wp\/v2\/types\/post"}],"author":[{"embeddable":true,"href":"https:\/\/www.mojevrijeme.hr\/magazin\/wp-json\/wp\/v2\/users\/1"}],"replies":[{"embeddable":true,"href":"https:\/\/www.mojevrijeme.hr\/magazin\/wp-json\/wp\/v2\/comments?post=82102"}],"version-history":[{"count":0,"href":"https:\/\/www.mojevrijeme.hr\/magazin\/wp-json\/wp\/v2\/posts\/82102\/revisions"}],"wp:featuredmedia":[{"embeddable":true,"href":"https:\/\/www.mojevrijeme.hr\/magazin\/wp-json\/wp\/v2\/media\/46710"}],"wp:attachment":[{"href":"https:\/\/www.mojevrijeme.hr\/magazin\/wp-json\/wp\/v2\/media?parent=82102"}],"wp:term":[{"taxonomy":"category","embeddable":true,"href":"https:\/\/www.mojevrijeme.hr\/magazin\/wp-json\/wp\/v2\/categories?post=82102"},{"taxonomy":"post_tag","embeddable":true,"href":"https:\/\/www.mojevrijeme.hr\/magazin\/wp-json\/wp\/v2\/tags?post=82102"}],"curies":[{"name":"wp","href":"https:\/\/api.w.org\/{rel}","templated":true}]}}