{"id":82185,"date":"2023-08-03T20:38:17","date_gmt":"2023-08-03T18:38:17","guid":{"rendered":"https:\/\/www.mojevrijeme.hr\/magazin\/?p=82185"},"modified":"2023-08-04T00:09:00","modified_gmt":"2023-08-03T22:09:00","slug":"zagreb-gradi-novi-dom-umirovljenika-u-dubravi-skrbimo-o-gradanima-trece-dobi","status":"publish","type":"post","link":"https:\/\/www.mojevrijeme.hr\/magazin\/2023\/08\/zagreb-gradi-novi-dom-umirovljenika-u-dubravi-skrbimo-o-gradanima-trece-dobi\/","title":{"rendered":"Zagreb gradi novi dom umirovljenika u Dubravi: &#8216;Skrbimo o gra\u0111anima tre\u0107e dobi&#8217;"},"content":{"rendered":"\n<p>&#8220;Grad Zagreb raspisao je a Dru\u0161tvo arhitekata provelo javni urbanisti\u010dko-arhitektonski natje\u010daj za idejno rje\u0161enje nove zgrade Doma za starije u Dubravi, u sjevernom dijelu naselja Studentski grad&#8221;, izvijestio je na svom profilu na Facebooku dogradona\u010delnik Zagreba <strong>Luka Korlaet<\/strong> ispod simulacije koja pokazuje kako \u0107e budu\u0107i objekt izgledati.<\/p>\n\n\n\n<p>Prema dostupnoj dokumentaciji objekt bi se trebao graditi na velikoj livadi pored Tvornice \u010darapa Jadran, na kri\u017eanju ulica Vinka \u017dganeca i Milovana Gavazzija.<\/p>\n\n\n\n<p>&#8220;Odabrani projekt autorskog tima Jura\u010di\u0107\/Skorup\/Grkovi\u0107 jest polublok zemljanocrvene boje koji tvori vlastiti mikrourbanitet, pritvaraju\u0107i i prisvajaju\u0107i unutarnje dvori\u0161te. Slijedi razrada projektne dokumentacije (idejni, glavni i izvedbeni projekt) s pripadaju\u0107im dozvolama. Pored ja\u010danja mre\u017ee dje\u010djih vrti\u0107a, ova uprava itekako skrbi i za gra\u0111ane tre\u0107e dobi&#8221;, pohvalio se Korlaet. <\/p><div id=\"mojev-986976776\" class=\"mojev-u-tekstu mojev-entity-placement\" style=\"margin-left: auto;margin-right: auto;text-align: center;\"><div class=\"mojev-adlabel\">oglas<\/div><div style=\"height: 250px;\"><script async src=\"https:\/\/pagead2.googlesyndication.com\/pagead\/js\/adsbygoogle.js?client=ca-pub-8106111766207173\"\r\n     crossorigin=\"anonymous\"><\/script>\r\n<!-- Prikazni 1 u tekstu -->\r\n<ins class=\"adsbygoogle\"\r\n     style=\"display:block\"\r\n     data-ad-client=\"ca-pub-8106111766207173\"\r\n     data-ad-slot=\"8535551207\"\r\n     data-ad-format=\"auto\"\r\n     data-full-width-responsive=\"true\"><\/ins>\r\n<script>\r\n     (adsbygoogle = window.adsbygoogle || []).push({});\r\n<\/script><\/div><\/div><br style=\"clear: both; display: block; float: none;\"\/>\n\n\n\n<p>Ovaj rad je na natje\u010daju autorima osvojio nagradu od <strong>15.820,56 eura<\/strong>. Odabralo ga je povjerenstvo u kojem su sjedili Darko Manestar, dipl. ing. arh. predsjednik OS-a, predstavnik Provoditelja,Tomislav Petrinjak, dipl. ing. arh., dopredsjednik OS-a, predstavnik Provoditelja, , prof. Tin Sven Frani\u0107, dipl. ing. arh., predstavnik Provoditelja, Iva Bedenko, dipl. ing. arh., predstavnik Naru\u010ditelja, Boris Greguri\u0107, dipl. ing. arh.<\/p>\n<div id=\"mojev-2843459862\" class=\"mojev-kraj-teksta mojev-entity-placement\" style=\"margin-bottom: 20px;margin-left: auto;margin-right: auto;text-align: center;\"><div class=\"mojev-adlabel\">oglas<\/div><div style=\"height: 250px;\"><script async src=\"https:\/\/pagead2.googlesyndication.com\/pagead\/js\/adsbygoogle.js?client=ca-pub-8106111766207173\"\r\n     crossorigin=\"anonymous\"><\/script>\r\n<!-- Display-1 -->\r\n<ins class=\"adsbygoogle\"\r\n     style=\"display:block\"\r\n     data-ad-client=\"ca-pub-8106111766207173\"\r\n     data-ad-slot=\"1465712950\"\r\n     data-ad-format=\"auto\"\r\n     data-full-width-responsive=\"true\"><\/ins>\r\n<script>\r\n     (adsbygoogle = window.adsbygoogle || []).push({});\r\n<\/script><\/div><\/div>","protected":false},"excerpt":{"rendered":"<p>Nakon nove gimnazije, Dubrava \u0107e dobiti i novi dom za starije i nemo\u0107ne osobe.<\/p>\n","protected":false},"author":1,"featured_media":82186,"comment_status":"closed","ping_status":"closed","sticky":false,"template":"","format":"standard","meta":{"footnotes":""},"categories":[9],"tags":[2669,39],"class_list":["post-82185","post","type-post","status-publish","format-standard","has-post-thumbnail","hentry","category-vijesti","tag-domovi","tag-zagreb"],"_links":{"self":[{"href":"https:\/\/www.mojevrijeme.hr\/magazin\/wp-json\/wp\/v2\/posts\/82185","targetHints":{"allow":["GET"]}}],"collection":[{"href":"https:\/\/www.mojevrijeme.hr\/magazin\/wp-json\/wp\/v2\/posts"}],"about":[{"href":"https:\/\/www.mojevrijeme.hr\/magazin\/wp-json\/wp\/v2\/types\/post"}],"author":[{"embeddable":true,"href":"https:\/\/www.mojevrijeme.hr\/magazin\/wp-json\/wp\/v2\/users\/1"}],"replies":[{"embeddable":true,"href":"https:\/\/www.mojevrijeme.hr\/magazin\/wp-json\/wp\/v2\/comments?post=82185"}],"version-history":[{"count":0,"href":"https:\/\/www.mojevrijeme.hr\/magazin\/wp-json\/wp\/v2\/posts\/82185\/revisions"}],"wp:featuredmedia":[{"embeddable":true,"href":"https:\/\/www.mojevrijeme.hr\/magazin\/wp-json\/wp\/v2\/media\/82186"}],"wp:attachment":[{"href":"https:\/\/www.mojevrijeme.hr\/magazin\/wp-json\/wp\/v2\/media?parent=82185"}],"wp:term":[{"taxonomy":"category","embeddable":true,"href":"https:\/\/www.mojevrijeme.hr\/magazin\/wp-json\/wp\/v2\/categories?post=82185"},{"taxonomy":"post_tag","embeddable":true,"href":"https:\/\/www.mojevrijeme.hr\/magazin\/wp-json\/wp\/v2\/tags?post=82185"}],"curies":[{"name":"wp","href":"https:\/\/api.w.org\/{rel}","templated":true}]}}