{"id":82287,"date":"2023-08-14T07:24:59","date_gmt":"2023-08-14T05:24:59","guid":{"rendered":"https:\/\/www.mojevrijeme.hr\/magazin\/?p=82287"},"modified":"2023-08-14T12:28:46","modified_gmt":"2023-08-14T10:28:46","slug":"kao-onkoloski-bolesnik-zivim-s-350-eura-mirovine-gdje-su-moja-prava","status":"publish","type":"post","link":"https:\/\/www.mojevrijeme.hr\/magazin\/2023\/08\/kao-onkoloski-bolesnik-zivim-s-350-eura-mirovine-gdje-su-moja-prava\/","title":{"rendered":"&#8216;Kao onkolo\u0161ki bolesnik \u017eivim s 350 eura mirovine, gdje su moja prava?&#8217;"},"content":{"rendered":"\n<p>Gospo\u0111a Marija nije ra\u010dunala na te\u0161ku bolest u toj dobi, ranije je u \u017eivotu digla kredit koji jo\u0161 nije bila otplatila. &#8220;U trenutku kad sam trebala i\u0107i u mirovinu otpla\u0107ivala sam \u010dak dva kredita. Jedina sre\u0107a u svemu tome bila je \u0161to sam uspjela dobiti otpremninu i s time sam sve dugove svela na nulu, a ono zbilja malo \u0161to mi je ostalo ostavila sam za pre\u017eivjeti&#8221;,&nbsp; objasnila je.<\/p>\n\n\n\n<p>A da \u0107e joj itekako trebati svaka tada\u0161nja kuna da bi pre\u017eivjela, shvatila kad je dobila sudbonosni papir s izra\u010dunom prijevremene mirovine. Na njemu je pisalo: 1.170 kuna penzije. &#8220;Sa svim dosada\u0161njim uskla\u0111ivanjima, sada primam 350 eura. To su svi moji prihodi, sve od \u010dega ja danas, kao onkolo\u0161ki bolesnik, \u017eivim&#8221;, povjerila nam je. <\/p>\n\n\n\n<p>Potom je dodala: &#8220;S obzirom na to da \u017eivim sama i da nisam imala apsolutno nikakvu potporu u bilo kojem smislu, ja godinama nisam znala tra\u017eiti neka svoja prava koja imam kao te\u0161ki bolesnik, ali i samac, s tako mizernim primanjima.&#8221;<\/p><div id=\"mojev-465229278\" class=\"mojev-u-tekstu mojev-entity-placement\" style=\"margin-left: auto;margin-right: auto;text-align: center;\"><div class=\"mojev-adlabel\">oglas<\/div><div style=\"height: 250px;\"><script async src=\"https:\/\/pagead2.googlesyndication.com\/pagead\/js\/adsbygoogle.js?client=ca-pub-8106111766207173\"\r\n     crossorigin=\"anonymous\"><\/script>\r\n<!-- Prikazni 1 u tekstu -->\r\n<ins class=\"adsbygoogle\"\r\n     style=\"display:block\"\r\n     data-ad-client=\"ca-pub-8106111766207173\"\r\n     data-ad-slot=\"8535551207\"\r\n     data-ad-format=\"auto\"\r\n     data-full-width-responsive=\"true\"><\/ins>\r\n<script>\r\n     (adsbygoogle = window.adsbygoogle || []).push({});\r\n<\/script><\/div><\/div><br style=\"clear: both; display: block; float: none;\"\/>\n\n\n\n<p>I tu je ukazala na jedan poprili\u010dno velik problem \u2013 nisu svi na internetu, ne znaju se gdje informirati o svojim pravima, ne znaju se zauzeti za sebe, a mo\u017eda su i smrtno bolesni pa im to ne do\u0111e u fokus, ve\u0107 o\u010dekuju da ih upozore u institucijama, primjerice lije\u010dnik. Tako gospo\u0111a Marija svajedo\u010di da je kao te\u0161ki bolesnik upravo zbog neinformiranosti godinama bila zakinuta.<\/p>\n\n\n\n<p>&#8220;Nisam znala kakva imam prava na bilo \u0161to. Ako mi netko i da poneki savjet i ja odem za to pitati, samo mi uvijek ka\u017eu da nemam nikakvih prava&#8221;, obja\u0161njava. <\/p>\n\n\n\n<p>&#8220;Ove godine sam prvi put dobila dodatak i uskrsnicu, ali na koji na\u010din? Tako \u0161to sam se slu\u010dajno na\u0161la u prostoriji u kojoj se razgovaralo o tom dodatku, to je do\u0161la pitati gospo\u0111a ispred mene. I kad sam i ja pitala za to, opet su mi rekli da ja to pravo nemam. Onda sam se uzrujala, pobunila i pitala kako mo\u017ee dobiti gospo\u0111a \u2013 koju i osobno poznajem \u2013 a koja ima puno ve\u0107u mirovinu od mene i k tome ne \u017eivi sama?! Odgovor je bio: &#8216;Pa eto, dat \u0107u i vama taj papir, pa idite s tim u op\u0107inu&#8217;. U op\u0107ini su bili za\u010du\u0111eni \u0161to do tada nisam ni\u0161ta dobivala. Toliko o nama koji ne znamo svoja prava i nemo\u0107ni smo&#8221;, napisala je na kraju svog pisma gospo\u0111a Marija. Njezina je poruka umirovljenicima &#8211; informirajte se!<\/p>\n\n\n\n<div id=\"crveno\"><\/p>\n\n\n\n<h3 class=\"wp-block-heading\">Zanima nas va\u0161a pri\u010da<\/h3>\n\n\n\n<p>\u017delite li i vi, posve anonimno, podijeliti svoje iskustvo i vi\u0111enje ove teme s nama i na\u0161im \u010ditateljima, mo\u017eete to u\u010diniti putem web obrasca <a rel=\"noreferrer noopener\" href=\"https:\/\/www.mojevrijeme.hr\/magazin\/povjerljivo\/\" target=\"_blank\">Povjerljivo<\/a>. Napi\u0161ite svoju pri\u010du!<\/p>\n\n\n\n<p><\/div>\n<div id=\"mojev-3002767695\" class=\"mojev-kraj-teksta mojev-entity-placement\" style=\"margin-bottom: 20px;margin-left: auto;margin-right: auto;text-align: center;\"><div class=\"mojev-adlabel\">oglas<\/div><div style=\"height: 250px;\"><script async src=\"https:\/\/pagead2.googlesyndication.com\/pagead\/js\/adsbygoogle.js?client=ca-pub-8106111766207173\"\r\n     crossorigin=\"anonymous\"><\/script>\r\n<!-- Display-1 -->\r\n<ins class=\"adsbygoogle\"\r\n     style=\"display:block\"\r\n     data-ad-client=\"ca-pub-8106111766207173\"\r\n     data-ad-slot=\"1465712950\"\r\n     data-ad-format=\"auto\"\r\n     data-full-width-responsive=\"true\"><\/ins>\r\n<script>\r\n     (adsbygoogle = window.adsbygoogle || []).push({});\r\n<\/script><\/div><\/div>","protected":false},"excerpt":{"rendered":"<p>Gospo\u0111a Marija ima 73 godine i \u017eivi u lijepom malom turisti\u010dkom gradu u kojem je radila u kuhinji jednog ugostiteljskog objekta. Radila je sve dok nije te\u0161ko oboljela &#8211; imala je tada 33 i pol godine radnog sta\u017ea i 56 godina \u017eivota i bila je primorana oti\u0107i u prijevremenu mirovinu. Tada po\u010dinju njezine muke po maloj penziji kao i muke po nepoznavanju svojih prava.<\/p>\n","protected":false},"author":17,"featured_media":82996,"comment_status":"closed","ping_status":"closed","sticky":false,"template":"","format":"standard","meta":{"footnotes":""},"categories":[3552],"tags":[18,236],"class_list":["post-82287","post","type-post","status-publish","format-standard","has-post-thumbnail","hentry","category-povjerljivo","tag-mirovine","tag-standard"],"_links":{"self":[{"href":"https:\/\/www.mojevrijeme.hr\/magazin\/wp-json\/wp\/v2\/posts\/82287","targetHints":{"allow":["GET"]}}],"collection":[{"href":"https:\/\/www.mojevrijeme.hr\/magazin\/wp-json\/wp\/v2\/posts"}],"about":[{"href":"https:\/\/www.mojevrijeme.hr\/magazin\/wp-json\/wp\/v2\/types\/post"}],"author":[{"embeddable":true,"href":"https:\/\/www.mojevrijeme.hr\/magazin\/wp-json\/wp\/v2\/users\/17"}],"replies":[{"embeddable":true,"href":"https:\/\/www.mojevrijeme.hr\/magazin\/wp-json\/wp\/v2\/comments?post=82287"}],"version-history":[{"count":0,"href":"https:\/\/www.mojevrijeme.hr\/magazin\/wp-json\/wp\/v2\/posts\/82287\/revisions"}],"wp:featuredmedia":[{"embeddable":true,"href":"https:\/\/www.mojevrijeme.hr\/magazin\/wp-json\/wp\/v2\/media\/82996"}],"wp:attachment":[{"href":"https:\/\/www.mojevrijeme.hr\/magazin\/wp-json\/wp\/v2\/media?parent=82287"}],"wp:term":[{"taxonomy":"category","embeddable":true,"href":"https:\/\/www.mojevrijeme.hr\/magazin\/wp-json\/wp\/v2\/categories?post=82287"},{"taxonomy":"post_tag","embeddable":true,"href":"https:\/\/www.mojevrijeme.hr\/magazin\/wp-json\/wp\/v2\/tags?post=82287"}],"curies":[{"name":"wp","href":"https:\/\/api.w.org\/{rel}","templated":true}]}}