{"id":82399,"date":"2023-08-06T11:40:22","date_gmt":"2023-08-06T09:40:22","guid":{"rendered":"https:\/\/www.mojevrijeme.hr\/magazin\/?p=82399"},"modified":"2023-08-06T12:43:08","modified_gmt":"2023-08-06T10:43:08","slug":"djeca-starija-od-5-godina-trebaju-se-ustati-starijima-u-javnom-prijevozu-zar-ne","status":"publish","type":"post","link":"https:\/\/www.mojevrijeme.hr\/magazin\/2023\/08\/djeca-starija-od-5-godina-trebaju-se-ustati-starijima-u-javnom-prijevozu-zar-ne\/","title":{"rendered":"&#8216;Djeca starija od 5 godina trebaju se ustati starijima u javnom prijevozu, zar ne?&#8217;"},"content":{"rendered":"\n<p>Kada se dijete treba po\u010deti ustajati starijima u javnom prijevozu? Debatu o ovoj temi pokrenula je jedna majka koja se na <a href=\"https:\/\/www.mumsnet.com\/\" target=\"_blank\" rel=\"noreferrer noopener\">Mumsnetu<\/a> po\u017ealila na pona\u0161anje djece i roditelja koji su njenoj starijoj prijateljici odbili ustupiti mjesto u autobusu.<\/p>\n\n\n\n<p>Naime, radi se o \u017eeni u sedamdesetim godinama \u017eivota koja je nesigurna na nogama, iako, tvrdi to pokreta\u010dica teme, ne pati od stara\u010dke krhkosti. Ljutita majka je ustvrdila da &#8220;djeca starija od pet godina mogu stajati u javnom prijevozu&#8221;, a temu je nazvala &#8220;Jesam li nerazumna?&#8221;<\/p>\n\n\n\n<p>Njih su dvije bile u autobusu koji je krenuo na more prvog dana \u0161kolskih praznika. O\u010dekivano, u sjedalima su bila djeca; od posve male do ranih tinejd\u017eera. &#8220;Apsolutno nitko od njih nije starijoj \u017eeni ponudio svoje mjesto. Niti su im njihovi roditelji rekli da to trebaju u\u010diniti. Ni oni nisu ponudili svoje mjesto&#8221;, ustvrdila je.<\/p><div id=\"mojev-800822879\" class=\"mojev-u-tekstu mojev-entity-placement\" style=\"margin-left: auto;margin-right: auto;text-align: center;\"><div class=\"mojev-adlabel\">oglas<\/div><div style=\"height: 250px;\"><script async src=\"https:\/\/pagead2.googlesyndication.com\/pagead\/js\/adsbygoogle.js?client=ca-pub-8106111766207173\"\r\n     crossorigin=\"anonymous\"><\/script>\r\n<!-- Prikazni 1 u tekstu -->\r\n<ins class=\"adsbygoogle\"\r\n     style=\"display:block\"\r\n     data-ad-client=\"ca-pub-8106111766207173\"\r\n     data-ad-slot=\"8535551207\"\r\n     data-ad-format=\"auto\"\r\n     data-full-width-responsive=\"true\"><\/ins>\r\n<script>\r\n     (adsbygoogle = window.adsbygoogle || []).push({});\r\n<\/script><\/div><\/div><br style=\"clear: both; display: block; float: none;\"\/>\n\n\n\n<p>Obru\u0161iv\u0161i se na mlade koji su sjedili, \u017eena je rekla: &#8220;Mislite li da bi dijete trebalo sjediti kad kraj njega stoji netko kome je to sjedali potrebnije? Ako je tako, za\u0161to?&#8221; Iako je rekla da razumije da neka djeca s te\u0161ko\u0107ama u razvoju ili drugim bolestima moraju sjediti, bila je nepokolebljiva u tome da &#8220;ve\u0107ina pred\u0161kolske djece mo\u017ee sjediti u krilu svojih roditelja&#8221;.<\/p>\n\n\n\n<h3 class=\"wp-block-heading\">&#8220;Sebi\u010dni roditelji odgajaju sebi\u010dnu djecu&#8221;<\/h3>\n\n\n\n<p>&#8220;Ve\u0107ina djece starije od pet godina mo\u017ee stajati u autobusu, zar ne?&#8221; dodala je. Upravo je ta tvrdnja izazvala brojne reakcije. Mnoge od tih reakcija na tragu su reakcije bijesne majke.<\/p>\n\n\n\n<p>Jedna korisnica Mumsneta je napisala: &#8220;Da, starija djeca i mladi tinejd\u017eeri definitivno su trebali ponuditi svoje mjesto. Razina empatije je pala u posljednjih desetak godina otkako su djeca bacila knjige i prihvatila se pametnih telefona. Previ\u0161e ljudi gleda samo na sebe.&#8221;<\/p>\n\n\n\n<p>Druga se \u017eena slo\u017eila: &#8220;Djeca, tinejd\u017eeri i odrasli zdravi ljudi trebali bi se ustati. Kao djeca, uvijek smo ustupali mjesto odraslima ili bilo kome tko je trebao sjedalo. Ovih dana djecu u\u010de da budu sebi\u010dna i razma\u017eena, a odgajaju ih roditelji koji nemaju nimalo empatije.&#8221;<\/p>\n\n\n\n<h3 class=\"wp-block-heading\">&#8220;Platili smo kartu, ne \u017eelimo stajati!&#8221;<\/h3>\n\n\n\n<p>Ipak, ne sla\u017eu se svi da bolest i starost zna\u010de i automatsko pravo na sjedenje u javnom prijevozu. Jedan je korisnik napisao: &#8220;Ako sam kartu platio 8 eura, onda \u0107u sjediti ako uspijem uhvatiti sjedalo. Ako imate problem s nedostatkom sjedala, rije\u0161ite to s autobusnom tvrtkom i njihovim dobro pla\u0107enim direktorom.&#8221;<\/p>\n\n\n\n<p>Starost i nemo\u0107 nisu problem mladih niti njihovih roditelja koji su uredno platili kartu, zaklju\u010dili su mnogi koji misle da djeca imaju pravo sjediti dok stari i nemo\u0107ni stoje pored njih.<\/p>\n\n\n\n<div id=\"crveno\"><\/p>\n\n\n\n<h3 class=\"wp-block-heading\">Zanima nas va\u0161a pri\u010da<\/h3>\n\n\n\n<p>\u017delite li i vi, posve anonimno, podijeliti svoje iskustvo i vi\u0111enje ove teme s nama i na\u0161im \u010ditateljima, mo\u017eete to u\u010diniti putem web obrasca <a rel=\"noreferrer noopener\" href=\"https:\/\/www.mojevrijeme.hr\/magazin\/povjerljivo\/\" target=\"_blank\">Povjerljivo<\/a>. Napi\u0161ite svoju pri\u010du!<\/p>\n\n\n\n<p><\/div>\n<div id=\"mojev-2284176455\" class=\"mojev-kraj-teksta mojev-entity-placement\" style=\"margin-bottom: 20px;margin-left: auto;margin-right: auto;text-align: center;\"><div class=\"mojev-adlabel\">oglas<\/div><div style=\"height: 250px;\"><script async src=\"https:\/\/pagead2.googlesyndication.com\/pagead\/js\/adsbygoogle.js?client=ca-pub-8106111766207173\"\r\n     crossorigin=\"anonymous\"><\/script>\r\n<!-- Display-1 -->\r\n<ins class=\"adsbygoogle\"\r\n     style=\"display:block\"\r\n     data-ad-client=\"ca-pub-8106111766207173\"\r\n     data-ad-slot=\"1465712950\"\r\n     data-ad-format=\"auto\"\r\n     data-full-width-responsive=\"true\"><\/ins>\r\n<script>\r\n     (adsbygoogle = window.adsbygoogle || []).push({});\r\n<\/script><\/div><\/div>","protected":false},"excerpt":{"rendered":"<p>&#8216;Razina empatije je pala u posljednjih desetak godina otkako su djeca bacila knjige i prihvatila se pametnih telefona. Previ\u0161e ljudi gleda samo na sebe&#8217;, ka\u017ee jedna majka.<\/p>\n","protected":false},"author":1,"featured_media":82409,"comment_status":"closed","ping_status":"closed","sticky":false,"template":"","format":"standard","meta":{"footnotes":""},"categories":[2],"tags":[613,878],"class_list":["post-82399","post","type-post","status-publish","format-standard","has-post-thumbnail","hentry","category-mozaik","tag-bonton","tag-javni-prijevoz"],"_links":{"self":[{"href":"https:\/\/www.mojevrijeme.hr\/magazin\/wp-json\/wp\/v2\/posts\/82399","targetHints":{"allow":["GET"]}}],"collection":[{"href":"https:\/\/www.mojevrijeme.hr\/magazin\/wp-json\/wp\/v2\/posts"}],"about":[{"href":"https:\/\/www.mojevrijeme.hr\/magazin\/wp-json\/wp\/v2\/types\/post"}],"author":[{"embeddable":true,"href":"https:\/\/www.mojevrijeme.hr\/magazin\/wp-json\/wp\/v2\/users\/1"}],"replies":[{"embeddable":true,"href":"https:\/\/www.mojevrijeme.hr\/magazin\/wp-json\/wp\/v2\/comments?post=82399"}],"version-history":[{"count":0,"href":"https:\/\/www.mojevrijeme.hr\/magazin\/wp-json\/wp\/v2\/posts\/82399\/revisions"}],"wp:featuredmedia":[{"embeddable":true,"href":"https:\/\/www.mojevrijeme.hr\/magazin\/wp-json\/wp\/v2\/media\/82409"}],"wp:attachment":[{"href":"https:\/\/www.mojevrijeme.hr\/magazin\/wp-json\/wp\/v2\/media?parent=82399"}],"wp:term":[{"taxonomy":"category","embeddable":true,"href":"https:\/\/www.mojevrijeme.hr\/magazin\/wp-json\/wp\/v2\/categories?post=82399"},{"taxonomy":"post_tag","embeddable":true,"href":"https:\/\/www.mojevrijeme.hr\/magazin\/wp-json\/wp\/v2\/tags?post=82399"}],"curies":[{"name":"wp","href":"https:\/\/api.w.org\/{rel}","templated":true}]}}