{"id":82442,"date":"2023-08-07T09:30:57","date_gmt":"2023-08-07T07:30:57","guid":{"rendered":"https:\/\/www.mojevrijeme.hr\/magazin\/?p=82442"},"modified":"2023-08-07T09:31:01","modified_gmt":"2023-08-07T07:31:01","slug":"ima-i-toga-majka-tuzila-djecu-sud-im-je-naredio-da-je-moraju-posjecivati","status":"publish","type":"post","link":"https:\/\/www.mojevrijeme.hr\/magazin\/2023\/08\/ima-i-toga-majka-tuzila-djecu-sud-im-je-naredio-da-je-moraju-posjecivati\/","title":{"rendered":"Ima i toga: Majka tu\u017eila djecu, sud im je naredio da je moraju posje\u0107ivati!"},"content":{"rendered":"\n<p>Majka, koja nosi prezime Song, ima vi\u0161e od 70 godina i \u017eivi sama u ku\u0107i koju joj je osigurala dr\u017eava te \u017eivi od vrlo skromne mirovine.<\/p>\n\n\n\n<p>Zdravlje joj se posljednjih godina pogor\u0161alo, osje\u0107ala se usamljeno i tu\u017eno jer je djeca rijetko posje\u0107uju. Song je stoga tu\u017eila svoju djecu Narodnom sudu svoje pokrajine, zahtijevaju\u0107i da je posje\u0107uju barem jednom mjese\u010dno. Sud je presudio u njezinu korist, rekav\u0161i da su \u010dlanovi obitelji du\u017eni brinuti se za svoje starije roditelje, kako fizi\u010dkim kontaktima, tako i emocionalnom podr\u0161kom.<\/p>\n\n\n\n<h3 class=\"wp-block-heading\">Ra\u0161iren problem starijih<\/h3>\n\n\n\n<p>Slu\u010daj je pozdravljen kao pobjeda <em><strong>sinovske pobo\u017enosti<\/strong>,<\/em> tradicionalne kineske vrline koja nagla\u0161ava va\u017enost po\u0161tivanja i brige za roditelje. Ovaj je slu\u010daj dospio u medije jer se smatra podsjetnikom na sve ve\u0107u potrebu za rje\u0161avanjem problema skrbi za starije osobe u Kini, gdje stanovni\u0161tvo ubrzano stari.<\/p><div id=\"mojev-3400863801\" class=\"mojev-u-tekstu mojev-entity-placement\" style=\"margin-left: auto;margin-right: auto;text-align: center;\"><div class=\"mojev-adlabel\">oglas<\/div><div style=\"height: 250px;\"><script async src=\"https:\/\/pagead2.googlesyndication.com\/pagead\/js\/adsbygoogle.js?client=ca-pub-8106111766207173\"\r\n     crossorigin=\"anonymous\"><\/script>\r\n<!-- Prikazni 1 u tekstu -->\r\n<ins class=\"adsbygoogle\"\r\n     style=\"display:block\"\r\n     data-ad-client=\"ca-pub-8106111766207173\"\r\n     data-ad-slot=\"8535551207\"\r\n     data-ad-format=\"auto\"\r\n     data-full-width-responsive=\"true\"><\/ins>\r\n<script>\r\n     (adsbygoogle = window.adsbygoogle || []).push({});\r\n<\/script><\/div><\/div><br style=\"clear: both; display: block; float: none;\"\/>\n\n\n\n<p>Narodni vrhovni sud Kine odabrao je slu\u010daj kao jedan od 15 uzornih slu\u010dajeva koje \u0107e koristiti za promicanje pravednosti i u\u010dinkovitosti u pravosudnom sustavu. Predmeti su odabrani zato \u0161to su &#8220;uvjerljivi i reprezentativni&#8221; za ovakve slu\u010dajeve i zato \u0161to ukazuju na \u010dinjenicu da je rije\u010d o veoma ra\u0161irenom problemu zbog kojeg je zabrinut ogroman broj ljudi.<\/p>\n\n\n\n<p>\u010cini se da su sli\u010dni problemi i oko nas. Jedan od primjera je i na\u0161a tema: <a rel=\"noreferrer noopener\" href=\"https:\/\/www.mojevrijeme.hr\/magazin\/2023\/08\/kopnimo-kci-nas-krivi-za-sve-i-ne-zeli-nas-vise-cuti-ni-vidjeti\/\" target=\"_blank\">Kopnimo, k\u0107i nas krivi za sve i ne \u017eeli nas vi\u0161e \u010duti ni vidjeti<\/a>.<\/p>\n<div id=\"mojev-1965201284\" class=\"mojev-kraj-teksta mojev-entity-placement\" style=\"margin-bottom: 20px;margin-left: auto;margin-right: auto;text-align: center;\"><div class=\"mojev-adlabel\">oglas<\/div><div style=\"height: 250px;\"><script async src=\"https:\/\/pagead2.googlesyndication.com\/pagead\/js\/adsbygoogle.js?client=ca-pub-8106111766207173\"\r\n     crossorigin=\"anonymous\"><\/script>\r\n<!-- Display-1 -->\r\n<ins class=\"adsbygoogle\"\r\n     style=\"display:block\"\r\n     data-ad-client=\"ca-pub-8106111766207173\"\r\n     data-ad-slot=\"1465712950\"\r\n     data-ad-format=\"auto\"\r\n     data-full-width-responsive=\"true\"><\/ins>\r\n<script>\r\n     (adsbygoogle = window.adsbygoogle || []).push({});\r\n<\/script><\/div><\/div>","protected":false},"excerpt":{"rendered":"<p>Kod nas ba\u0161 i ne \u010ditamo i ne slu\u0161amo ovakve vijesti po medijima, iako znamo da mnogi stariji ljudi imaju problema s odraslom djecom \u2013 no kineski mediji javljaju da je njihov sud naredio \u010detvero djece da moraju redovito posje\u0107ivati te se telefonom javljati svojoj starijoj majci. Majka ih je, naime, tu\u017eila jer su je ignorirali.<\/p>\n","protected":false},"author":17,"featured_media":82468,"comment_status":"closed","ping_status":"closed","sticky":false,"template":"","format":"standard","meta":{"footnotes":""},"categories":[9],"tags":[663,3437,3532],"class_list":["post-82442","post","type-post","status-publish","format-standard","has-post-thumbnail","hentry","category-vijesti","tag-kina","tag-obiteljski-odnosi","tag-roditelji-i-djeca"],"_links":{"self":[{"href":"https:\/\/www.mojevrijeme.hr\/magazin\/wp-json\/wp\/v2\/posts\/82442","targetHints":{"allow":["GET"]}}],"collection":[{"href":"https:\/\/www.mojevrijeme.hr\/magazin\/wp-json\/wp\/v2\/posts"}],"about":[{"href":"https:\/\/www.mojevrijeme.hr\/magazin\/wp-json\/wp\/v2\/types\/post"}],"author":[{"embeddable":true,"href":"https:\/\/www.mojevrijeme.hr\/magazin\/wp-json\/wp\/v2\/users\/17"}],"replies":[{"embeddable":true,"href":"https:\/\/www.mojevrijeme.hr\/magazin\/wp-json\/wp\/v2\/comments?post=82442"}],"version-history":[{"count":0,"href":"https:\/\/www.mojevrijeme.hr\/magazin\/wp-json\/wp\/v2\/posts\/82442\/revisions"}],"wp:featuredmedia":[{"embeddable":true,"href":"https:\/\/www.mojevrijeme.hr\/magazin\/wp-json\/wp\/v2\/media\/82468"}],"wp:attachment":[{"href":"https:\/\/www.mojevrijeme.hr\/magazin\/wp-json\/wp\/v2\/media?parent=82442"}],"wp:term":[{"taxonomy":"category","embeddable":true,"href":"https:\/\/www.mojevrijeme.hr\/magazin\/wp-json\/wp\/v2\/categories?post=82442"},{"taxonomy":"post_tag","embeddable":true,"href":"https:\/\/www.mojevrijeme.hr\/magazin\/wp-json\/wp\/v2\/tags?post=82442"}],"curies":[{"name":"wp","href":"https:\/\/api.w.org\/{rel}","templated":true}]}}