{"id":82511,"date":"2023-08-09T09:15:30","date_gmt":"2023-08-09T07:15:30","guid":{"rendered":"https:\/\/www.mojevrijeme.hr\/magazin\/?p=82511"},"modified":"2023-08-09T09:15:34","modified_gmt":"2023-08-09T07:15:34","slug":"svjetlana-samo-zbog-snahe-su-moji-unuci-ovakva-djeca","status":"publish","type":"post","link":"https:\/\/www.mojevrijeme.hr\/magazin\/2023\/08\/svjetlana-samo-zbog-snahe-su-moji-unuci-ovakva-djeca\/","title":{"rendered":"Svjetlana: &#8216;Samo zbog snahe su moji unuci ovakva djeca&#8217;"},"content":{"rendered":"\n<p>\u201dZa\u0161to pu\u0161tate samo tu\u017ene i nesretne pri\u010de?\u201d, pitala nas je na\u0161a umirovljena \u010ditateljica koju \u0107emo nazvati \u017deljka, a koja tvrdi da ba\u0161 u\u017eiva u svojim umirovljeni\u010dkim danima. Njezino iskustvo u mirovini, osobito s unukom je &#8220;pozitivno, lijepo i ispunjavaju\u0107e&#8221;.<\/p>\n\n\n\n<p>&#8220;Ru\u017enih vijesti je puno u svim segmentima \u017eivota, pa bi koja lijepa pri\u010da dobro do\u0161la, pogotovo ako je istinita kao moja. Ja sam &#8216;bakica&#8217; stara 66 godina, visoko obrazovana. U mirovini sam dvije godine. Iako od mladosti bolujem od nekoliko kroni\u010dnih bolesti, ne predajem se i borim se iz dana u dan za kvalitetniji \u017eivot. Djeca to u potpunosti uva\u017eavaju i ne optere\u0107uju me velikim o\u010dekivanjima&#8221;, otkrila nam je \u010ditateljica \u017deljka.<\/p>\n\n\n\n<h3 class=\"wp-block-heading\">Kad baka i djed udru\u017ee snage<\/h3>\n\n\n\n<p>Suprug i ona, povjerila nam je nadalje, s velikim veseljem prihva\u0107aju \u010duvanje unuka, kad god ih djeca zamole. Znaju se, pi\u0161e nadalje, i sami ponuditi za vi\u0161ednevno \u010duvanje kako bi svojim mladima osigurali malo vremena za u\u017eivanje udvoje. <\/p><div id=\"mojev-1061672617\" class=\"mojev-u-tekstu mojev-entity-placement\" style=\"margin-left: auto;margin-right: auto;text-align: center;\"><div class=\"mojev-adlabel\">oglas<\/div><div style=\"height: 250px;\"><script async src=\"https:\/\/pagead2.googlesyndication.com\/pagead\/js\/adsbygoogle.js?client=ca-pub-8106111766207173\"\r\n     crossorigin=\"anonymous\"><\/script>\r\n<!-- Prikazni 1 u tekstu -->\r\n<ins class=\"adsbygoogle\"\r\n     style=\"display:block\"\r\n     data-ad-client=\"ca-pub-8106111766207173\"\r\n     data-ad-slot=\"8535551207\"\r\n     data-ad-format=\"auto\"\r\n     data-full-width-responsive=\"true\"><\/ins>\r\n<script>\r\n     (adsbygoogle = window.adsbygoogle || []).push({});\r\n<\/script><\/div><\/div><br style=\"clear: both; display: block; float: none;\"\/>\n\n\n\n<p>&#8220;Suprug, i ja povremeno \u010duvamo unuka, a dovedu nam ga naj\u010de\u0161\u0107e kad je situacija takva da nema drugog rje\u0161enja. Za maloga brinemo nas dvoje udru\u017eenim snagama i to mo\u017eemo bez ve\u0107ih problema. Za nas je dru\u017eenje s unukom ne\u0161to \u0161to se podrazumijeva, nerijetko i sami ponudimo no\u0107enje djeteta kod nas. Povremeno se dogovorimo i da ga uzmemo na tjedan dana&#8221;, povjerava nam.<\/p>\n\n\n\n<p>Budu\u0107i da ovi umirovljeni supru\u017enici \u017eive u gradu i imaju vikendicu na selu, s prolje\u0107em sele u prirodu. &#8220;Na selu imamo vlastiti vrt i od prolje\u0107a do jeseni smo gotovo stalno tamo pa znamo povesti i unuka. Vrijeme s njim za nas je najve\u0107a pokreta\u010dka snaga, radost, \u010disto u\u017eivanje i beskrajna ljubav. Znam da ima puno druga\u010dijih pri\u010da i voljela bih da su sve kao na\u0161a, ali na\u017ealost znam da one to nisu. Ipak, voljela bih da se \u010duje i za ovakve lijepe pri\u010de jer one ipak postoje&#8221;, zaklju\u010dila je svoje pismo umirovljenica \u017deljka.<\/p>\n\n\n\n<h3 class=\"wp-block-heading\">Svjetlana &#8211; jo\u0161 jedna sretna baka<\/h3>\n\n\n\n<p>\u010citateljica Svjetlana nam pi\u0161e da je i ona jedna od sretnih baka. &#8220;Imam 61 godinu. U mirovini sam, ali vodim vrlo aktivan \u017eivot. Imam srednju stru\u010dnu spremu, ali i nekoliko certifikata o zavr\u0161enim raznim te\u010dajevima. Imam dvoje unu\u010dadi. Unuk je sada tre\u0107i razred srednje medicinske \u0161kole, a unuka kre\u0107e u prvi srednje &#8211; upisala je prirodoslovnu gimnaziju&#8221;, pohvalila se ponosna baka Svjetlana.<\/p>\n\n\n\n<p>Veseli je, pi\u0161e nam, svestranost unu\u010dadi, a snahu opisuje samo lijepim rije\u010dima. &#8220;Unuci su odli\u010dni u\u010denici i sporta\u0161i. Oni su smisao mog \u017eivota. A moja snaha mi je u svakom pogledu poput k\u0107eri. Uva\u017eavamo jedna drugu, nema tema o kojima ne mo\u017eemo pri\u010dati. Prekrasna je u svakom pogledu. Zahvaljuju\u0107i upravo njoj, moji unuci su iznimna djeca. Odmalena ih vozi po treninzima, utakmicama, natjecanjima. Nikada joj nije bilo te\u0161ko bilo \u0161to napraviti za obitelj iako je u radnom odnosu&#8221;, napisala je o svojoj snahi.<\/p>\n\n\n\n<p>Njezin sin, priznaje, puno putuje i svi su svjesni da snaha odra\u0111uje lavovski posao. &#8220;\u017divimo u istom, manjem gradu, ja u ku\u0107i, oni u stanu. Unuke vi\u0111am kada god po\u017eelim, uklju\u010duju me u sve segmente svog \u017eivota. Nedjelja je dan za obiteljski ru\u010dak i obavezno su kod mene. Iako uva\u017eavaju moje mi\u0161ljenje u svemu, davno sam sinu i snahi rekla da su oni roditelji koji \u0107e odgajati svoju djecu, a ja \u0107u ih maziti. Tako i je i zato sam sretna baka&#8221;, zaklju\u010dila je svoje pismo umirovljenica Svjetlana.<\/p>\n\n\n\n<div id=\"crveno\"><\/p>\n\n\n\n<h3 class=\"wp-block-heading\">Zanima nas va\u0161a pri\u010da<\/h3>\n\n\n\n<p>\u017delite li i vi, posve anonimno, podijeliti svoje iskustvo i vi\u0111enje ove teme s nama i na\u0161im \u010ditateljima, mo\u017eete to u\u010diniti putem web obrasca <a rel=\"noreferrer noopener\" href=\"https:\/\/www.mojevrijeme.hr\/magazin\/povjerljivo\/\" target=\"_blank\">Povjerljivo<\/a>. Napi\u0161ite svoju pri\u010du!<\/p>\n\n\n\n<p><\/div>\n\n\n\n<p><\/p>\n<div id=\"mojev-2788751355\" class=\"mojev-kraj-teksta mojev-entity-placement\" style=\"margin-bottom: 20px;margin-left: auto;margin-right: auto;text-align: center;\"><div class=\"mojev-adlabel\">oglas<\/div><div style=\"height: 250px;\"><script async src=\"https:\/\/pagead2.googlesyndication.com\/pagead\/js\/adsbygoogle.js?client=ca-pub-8106111766207173\"\r\n     crossorigin=\"anonymous\"><\/script>\r\n<!-- Display-1 -->\r\n<ins class=\"adsbygoogle\"\r\n     style=\"display:block\"\r\n     data-ad-client=\"ca-pub-8106111766207173\"\r\n     data-ad-slot=\"1465712950\"\r\n     data-ad-format=\"auto\"\r\n     data-full-width-responsive=\"true\"><\/ins>\r\n<script>\r\n     (adsbygoogle = window.adsbygoogle || []).push({});\r\n<\/script><\/div><\/div>","protected":false},"excerpt":{"rendered":"<p>Ponekad nam se doista dogodi da se na na\u0161em portalu zareda nekoliko pri\u010da o nesretnim sudbinama starijih ljudi  i njihovih obitelji \u2013 jedan je razlog taj \u0161to time ukazujemo na probleme starijih, na neku nepravdu koja im se nanosi, a ljudi nam \u010de\u0161\u0107e i povjeravaju sve ono te\u0161ko \u0161to im le\u017ei na du\u0161i, a nemaju kome re\u0107i. Danas pak s veseljem donosimo nekoliko pozitivnih pri\u010da!<\/p>\n","protected":false},"author":17,"featured_media":82656,"comment_status":"closed","ping_status":"closed","sticky":false,"template":"","format":"standard","meta":{"footnotes":""},"categories":[3552],"tags":[3437,3550],"class_list":["post-82511","post","type-post","status-publish","format-standard","has-post-thumbnail","hentry","category-povjerljivo","tag-obiteljski-odnosi","tag-svekrve-i-snahe"],"_links":{"self":[{"href":"https:\/\/www.mojevrijeme.hr\/magazin\/wp-json\/wp\/v2\/posts\/82511","targetHints":{"allow":["GET"]}}],"collection":[{"href":"https:\/\/www.mojevrijeme.hr\/magazin\/wp-json\/wp\/v2\/posts"}],"about":[{"href":"https:\/\/www.mojevrijeme.hr\/magazin\/wp-json\/wp\/v2\/types\/post"}],"author":[{"embeddable":true,"href":"https:\/\/www.mojevrijeme.hr\/magazin\/wp-json\/wp\/v2\/users\/17"}],"replies":[{"embeddable":true,"href":"https:\/\/www.mojevrijeme.hr\/magazin\/wp-json\/wp\/v2\/comments?post=82511"}],"version-history":[{"count":0,"href":"https:\/\/www.mojevrijeme.hr\/magazin\/wp-json\/wp\/v2\/posts\/82511\/revisions"}],"wp:featuredmedia":[{"embeddable":true,"href":"https:\/\/www.mojevrijeme.hr\/magazin\/wp-json\/wp\/v2\/media\/82656"}],"wp:attachment":[{"href":"https:\/\/www.mojevrijeme.hr\/magazin\/wp-json\/wp\/v2\/media?parent=82511"}],"wp:term":[{"taxonomy":"category","embeddable":true,"href":"https:\/\/www.mojevrijeme.hr\/magazin\/wp-json\/wp\/v2\/categories?post=82511"},{"taxonomy":"post_tag","embeddable":true,"href":"https:\/\/www.mojevrijeme.hr\/magazin\/wp-json\/wp\/v2\/tags?post=82511"}],"curies":[{"name":"wp","href":"https:\/\/api.w.org\/{rel}","templated":true}]}}