{"id":82572,"date":"2023-08-08T11:20:18","date_gmt":"2023-08-08T09:20:18","guid":{"rendered":"https:\/\/www.mojevrijeme.hr\/magazin\/?p=82572"},"modified":"2023-08-08T11:26:32","modified_gmt":"2023-08-08T09:26:32","slug":"svekrva-dijana-prekrizili-su-me-jer-unuku-nisam-promijenila-pelenu-punica-sefuje","status":"publish","type":"post","link":"https:\/\/www.mojevrijeme.hr\/magazin\/2023\/08\/svekrva-dijana-prekrizili-su-me-jer-unuku-nisam-promijenila-pelenu-punica-sefuje\/","title":{"rendered":"Svekrva Dijana: &#8216;Prekri\u017eili su me jer unuku nisam promijenila pelenu, punica \u0161efuje!&#8217;"},"content":{"rendered":"\n<p>Gospo\u0111a <strong>Dijana<\/strong> baka je troje unu\u010dadi, a majka dvojice sinova. Za \u017eivota je radila s djecom, obiteljima i osobama s posebnim potrebama. Vjerovala je da \u0107e svoje bogato iskustvo mo\u0107i primijeniti u obiteljskom \u017eivotu, biti od pomo\u0107i djeci i njihovim obiteljima, kao i unucima. Snahu je, pi\u0161e nam, prihvatila kao svoje dijete, pozitivno gledala na sve.<\/p>\n\n\n\n<p>&#8220;Nisam kritizirala, moralizirala, nisam smetala, po\u0161tivala sam je kao osobu. Nisam \u017eeljela vidjeti ni \u010duti ono \u0161to nije bilo dobro, sve sam pravdala njezinom mlado\u0161\u0107u, neiskustvom, jer svi smo bili nespretni, nezainteresirani za odre\u0111ene aktivnosti koje smo s vremenom prihvatili i ugradili u svoj \u017eivot&#8221;, obja\u0161njava.<\/p>\n\n\n\n<p>Sve je, shva\u0107a danas, gledala kroz svoje okvire, sve vidjela u pozitivnom kontekstu. &#8220;Snaha je vrlo brzo u nekoliko navrata pokazala \u010dudne oblike pona\u0161anja. Oti\u0161li su tako na more u vrijeme koje su sami odabrali, ali kad smo mi trebali do\u0107i tamo, dala nam je ultimatum: ako mi do\u0111emo (u svoju vikendicu!), ona prekida vezu sa sinom&#8221;, povjerila nam je po\u010detne nesuglasice.<\/p><div id=\"mojev-4203647184\" class=\"mojev-u-tekstu mojev-entity-placement\" style=\"margin-left: auto;margin-right: auto;text-align: center;\"><div class=\"mojev-adlabel\">oglas<\/div><div style=\"height: 250px;\"><script async src=\"https:\/\/pagead2.googlesyndication.com\/pagead\/js\/adsbygoogle.js?client=ca-pub-8106111766207173\"\r\n     crossorigin=\"anonymous\"><\/script>\r\n<!-- Prikazni 1 u tekstu -->\r\n<ins class=\"adsbygoogle\"\r\n     style=\"display:block\"\r\n     data-ad-client=\"ca-pub-8106111766207173\"\r\n     data-ad-slot=\"8535551207\"\r\n     data-ad-format=\"auto\"\r\n     data-full-width-responsive=\"true\"><\/ins>\r\n<script>\r\n     (adsbygoogle = window.adsbygoogle || []).push({});\r\n<\/script><\/div><\/div><br style=\"clear: both; display: block; float: none;\"\/>\n\n\n\n<h3 class=\"wp-block-heading\">Po\u010delo ve\u0107 na svadbi<\/h3>\n\n\n\n<p>Obja\u0161njavala si je to, ka\u017ee ova nesretna svekrva, time da su mladi imali me\u0111usobni nesporazum. No, dok nam ovo prepri\u010dava, prisjetila se i kako ju je snaha ve\u0107 na svadbi poku\u0161ala povrijediti. &#8220;Svim je gostima podijelila &#8216;kitice&#8217; osim meni. Objasnila sam si to time da si je vjerojatno krivo protuma\u010dila kad sam prije toga u uobi\u010dajenom razgovoru spomenula kako su mi nekada\u0161nje kitice s ru\u017emarinom bile dra\u017ee nego dana\u0161nje svilene&#8221;, povjerava nam suludu situaciju.<\/p>\n\n\n\n<h3 class=\"wp-block-heading\">Sin se bolje sla\u017ee s punicom<\/h3>\n\n\n\n<p>I sin je, povjerava nam, pomalo prestajao komunicirati s njom te je prestao dolaziti u njihovu ku\u0107u. &#8220;To sam pravdala obavezama na poslu s obzirom na to da nikad nije bio previ\u0161e pri\u010dljiv. Ali, s punicom je bio komunikativniji. Ona je svakih pola sata u telefonskom kontaktu s njima, o svemu odlu\u010duje, dominira, u sve se mije\u0161a, kao da \u017eivi s njima. S nama jedva i progovore, osim kad im se ne\u0161to treba kupiti, dati, donijeti, nabaviti, to im je posve normalno&#8221;, po\u017ealila nam se.<\/p>\n\n\n\n<p>Punica je, otkriva nadalje, o svemu odlu\u010divala i kad im se rodio unuk. &#8220;Ona je mene obavijestila da su na putu prema ku\u0107i iz rodili\u0161ta, sve je sama organizirala. Rekla sam joj da se osje\u0107am isklju\u010deno iz svega, a jednake su nam uloge, obje smo bake, nije u redu da mene marginalizira. Ona je seoska \u017eena s kojom se ne mo\u017ee razgovarati, ogovara, tra\u010da, spletkari, ne slu\u0161a dok drugi govori, prosta\u010di, sve kontrolira, svima se name\u0107e. Mom sinu je osobna savjetnica&#8221;, pi\u0161e o\u010dajna gospo\u0111a Dijana.<\/p>\n\n\n\n<h3 class=\"wp-block-heading\">Majka je snahi sve, a svekrva nula<\/h3>\n\n\n\n<p>Snaha, doznajemo, svaku re\u010denicu po\u010dinje sa: &#8220;moja majka je rekla&#8221;, &#8220;moj tatek je napravio&#8221;. &#8220;Nas su muzli, a njezini ih ekonomski koriste gdje god mogu, snaha sve \u0161to kupi sebi to kupi i mami, bilo to odje\u0107a, hrana, ku\u0107ne potrep\u0161tine. A od nas su tra\u017eili da nabavimo \u0161to im treba, od nas su izvla\u010dili zadnji cent, bez srama, ali od nje se ne mo\u017ee dobiti ni\u0161ta, radije \u0107e baciti nego dati ili ponuditi. Mi ne tro\u0161imo, skromni smo. Ali ni njezini nisu socijalni slu\u010dajevi, imaju redovne prihode&#8221;, opisuje ova umirovljenica.<\/p>\n\n\n\n<p>S unucima je, dodaje, stalno bio nekakav problem. Ako su trebali do\u0107i k njima, uvijek su bili prehla\u0111eni. Punici su odlazili i s temperaturom, proljevom. &#8220;Uvijek i u svemu mi je prigovarala, nikada ni\u0161ta dobro nisam napravila. Primijetila sam da me u\u017eiva poni\u017eavati, da tra\u017ei gre\u0161ke u svemu samo da bi sebe uzvisila. Preko svega sam prelazila. Nikada djeci nije odjenula ono \u0161to sam kupila, pravdala se da djeca to ne \u017eele nositi. Kad njezina majka kupi, to se nosi, iskreno, ni snaha ni majka nemaju smisla ni stila za obla\u010denje, ali to je njihova stvar&#8221;, raspisala se na\u0161a nesretna svekrva.<\/p>\n\n\n\n<p>Djeca, isti\u010de, prosta\u010de, a kad pita odakle im takvi izrazi, snaha spremno odgovara da je mali to \u010duo od djeda \u2013 koji, tvrdi na\u0161a sugovornica, nikad ne koristi takve izraze.<\/p>\n\n\n\n<h3 class=\"wp-block-heading\">Prekid odnosa<\/h3>\n\n\n\n<p>&#8220;Prije dvije godine me zamolila da joj pri\u010duvam djecu dok se ona vrati iz du\u0107ana. Bila sam s djecom u dvori\u0161tu gdje smo se igrali i vozili su bicikle, a kad je do\u0161ao moj mu\u017e, nastavio ih je \u010duvati, a ja sam oti\u0161la ku\u0107i. Kad se snaha vratila iz du\u0107ana, nakon sat i pol do dva, navodno je mla\u0111i unuk imao ne\u010distu pelenu, \u0161to ja nisam primijetila dok sam bila s njim jer bih ga ina\u010de bila presvukla. \u00a0Napravila je toliki skandal, prestala sa mnom komunicirati, blokirala me na mobitelu, preuveli\u010davala, histerizirala. Sin je tada tako\u0111er prekinuo komunikaciju s nama&#8221;, opisala je nesretnu situaciju gospo\u0111a Dijana.<\/p>\n\n\n\n<p>Ostala je u \u0161oku zbog njihovog pona\u0161anja i tada im je rekla sve \u0161to misli da im ne valja. &#8220;Od tada su odnosi nategnuti, otu\u0111uje djecu od mene, ne dolaze kod mene. Poku\u0161avala sam popraviti odnose, ali bez uspjeha. Trudila sam se, ali nisam uspjela. Kad se slavi ro\u0111endan od unuka onda posebno zove svoje roditelje, a posebno nas.&#8221;<\/p>\n\n\n\n<h3 class=\"wp-block-heading\">Blokirana, ne svojom krivnjom<\/h3>\n\n\n\n<p>&#8220;Snaha me blokirala na godinu i pol i prije nekog vremena me odblokirala. Ni jednu sliku od djece nisam dobila u dvije godine iako ih \u0161alje okolo susjedima koji joj nisu ni\u0161ta. Iskoristila sam priliku i jo\u0161 jednom joj probala objasniti postoje\u0107u situaciju, me\u0111utim ona ne slu\u0161a ve\u0107 samo vrti svoju pri\u010du, optu\u017ebe, svoje vi\u0111enje uz vrije\u0111anja kako nisam sposobna brinuti o djeci jer nisam presvukla dijete dok je ona bila u du\u0107anu. Manipulira s \u010dinjenicama, spletkari.&#8221;<\/p>\n\n\n\n<p>Smatra da je dala najbolje od sebe \u0161to je znala i mogla, misli da si ne mora dopu\u0161tati daljnje poni\u017eavanje &#8220;od osobe bez osnovnog ku\u0107nog odgoja&#8221;.<\/p>\n\n\n\n<h3 class=\"wp-block-heading\">Kome ostaviti imovinu?<\/h3>\n\n\n\n<p>Svoje je pismo gospo\u0111a Dijana zaklju\u010dila razmi\u0161ljanjem o tome kome \u0107e ostaviti nasljedstvo. \u201dRazmi\u0161ljam da ih potpuno isklju\u010dim iz nasljedstva i jednostavno zatvorim tu stranicu \u017eivota. Na njih ne mogu vi\u0161e ra\u010dunati ni u jednom segmentu \u017eivota. Vidljive su &nbsp;ve\u0107 i emocionalne posljedice na djeci, krivo ih odgaja, stalno provodi nekakve interne istrage, nedosljednija je, emocionalni zlostavlja\u010d. Sina je u nekoliko godina braka promijenila u potpunosti, ja ga vise ne mogu prepoznati, spustila ga je na svoju razinu, umjesto da je radila na sebi. On se ne snalazi u svijetu spletki i manipulacija, prepustio se stihiji. Da bi zadovoljila svoju sebi\u010dnost, ona \u017ertvuje i svoju djecu, uvla\u010di ih u konflikt, uzima im moju ljubav i pa\u017enju, gura me na silu iz njihovih \u017eivota&#8221;, rije\u010di su kojima gospo\u0111a Dijana zavr\u0161ava svoje dugo pismo, prepuno tuge.<\/p>\n\n\n\n<div id=\"crveno\"><\/p>\n\n\n\n<h3 class=\"wp-block-heading\">Zanima nas va\u0161a pri\u010da<\/h3>\n\n\n\n<p>\u017delite li i vi, posve anonimno, podijeliti svoje iskustvo i vi\u0111enje ove teme s nama i na\u0161im \u010ditateljima, mo\u017eete to u\u010diniti putem web obrasca <a rel=\"noreferrer noopener\" href=\"https:\/\/www.mojevrijeme.hr\/magazin\/povjerljivo\/\" target=\"_blank\">Povjerljivo<\/a>. Napi\u0161ite svoju pri\u010du!<\/p>\n\n\n\n<p><\/div>\n<div id=\"mojev-2796055213\" class=\"mojev-kraj-teksta mojev-entity-placement\" style=\"margin-bottom: 20px;margin-left: auto;margin-right: auto;text-align: center;\"><div class=\"mojev-adlabel\">oglas<\/div><div style=\"height: 250px;\"><script async src=\"https:\/\/pagead2.googlesyndication.com\/pagead\/js\/adsbygoogle.js?client=ca-pub-8106111766207173\"\r\n     crossorigin=\"anonymous\"><\/script>\r\n<!-- Display-1 -->\r\n<ins class=\"adsbygoogle\"\r\n     style=\"display:block\"\r\n     data-ad-client=\"ca-pub-8106111766207173\"\r\n     data-ad-slot=\"1465712950\"\r\n     data-ad-format=\"auto\"\r\n     data-full-width-responsive=\"true\"><\/ins>\r\n<script>\r\n     (adsbygoogle = window.adsbygoogle || []).push({});\r\n<\/script><\/div><\/div>","protected":false},"excerpt":{"rendered":"<p>Tuga i nemo\u0107 svakodnevno razdiru svekrvu, koju smo nazvali Dijana, i njezinog supruga, jer ma koliko poku\u0161avali i trudili se, ne mogu popraviti odnose sa sinom i snahom. Sagradili su im ku\u0107u, pomagali financijski i radom, dali im da ljetuju u njihovoj vikendici. A onda se jednog dana snaha vratila iz du\u0107ana&#8230;<\/p>\n","protected":false},"author":17,"featured_media":82611,"comment_status":"closed","ping_status":"closed","sticky":false,"template":"","format":"standard","meta":{"footnotes":""},"categories":[3552],"tags":[3437,3550],"class_list":["post-82572","post","type-post","status-publish","format-standard","has-post-thumbnail","hentry","category-povjerljivo","tag-obiteljski-odnosi","tag-svekrve-i-snahe"],"_links":{"self":[{"href":"https:\/\/www.mojevrijeme.hr\/magazin\/wp-json\/wp\/v2\/posts\/82572","targetHints":{"allow":["GET"]}}],"collection":[{"href":"https:\/\/www.mojevrijeme.hr\/magazin\/wp-json\/wp\/v2\/posts"}],"about":[{"href":"https:\/\/www.mojevrijeme.hr\/magazin\/wp-json\/wp\/v2\/types\/post"}],"author":[{"embeddable":true,"href":"https:\/\/www.mojevrijeme.hr\/magazin\/wp-json\/wp\/v2\/users\/17"}],"replies":[{"embeddable":true,"href":"https:\/\/www.mojevrijeme.hr\/magazin\/wp-json\/wp\/v2\/comments?post=82572"}],"version-history":[{"count":0,"href":"https:\/\/www.mojevrijeme.hr\/magazin\/wp-json\/wp\/v2\/posts\/82572\/revisions"}],"wp:featuredmedia":[{"embeddable":true,"href":"https:\/\/www.mojevrijeme.hr\/magazin\/wp-json\/wp\/v2\/media\/82611"}],"wp:attachment":[{"href":"https:\/\/www.mojevrijeme.hr\/magazin\/wp-json\/wp\/v2\/media?parent=82572"}],"wp:term":[{"taxonomy":"category","embeddable":true,"href":"https:\/\/www.mojevrijeme.hr\/magazin\/wp-json\/wp\/v2\/categories?post=82572"},{"taxonomy":"post_tag","embeddable":true,"href":"https:\/\/www.mojevrijeme.hr\/magazin\/wp-json\/wp\/v2\/tags?post=82572"}],"curies":[{"name":"wp","href":"https:\/\/api.w.org\/{rel}","templated":true}]}}