{"id":82622,"date":"2023-08-12T12:31:04","date_gmt":"2023-08-12T10:31:04","guid":{"rendered":"https:\/\/www.mojevrijeme.hr\/magazin\/?p=82622"},"modified":"2023-08-12T12:31:07","modified_gmt":"2023-08-12T10:31:07","slug":"sve-tri-kceri-zaboravile-su-da-postojim-ne-prepoznajem-vise-svoje-unuke","status":"publish","type":"post","link":"https:\/\/www.mojevrijeme.hr\/magazin\/2023\/08\/sve-tri-kceri-zaboravile-su-da-postojim-ne-prepoznajem-vise-svoje-unuke\/","title":{"rendered":"&#8216;Sve tri k\u0107eri zaboravile su da postojim, ne prepoznajem vi\u0161e svoje unuke&#8217;"},"content":{"rendered":"\n<p><strong>Gospo\u0111a \u0160tefica<\/strong> je do prije ne\u0161to vi\u0161e od tri godine bila na te\u0161kim lijekovima koje joj je prepisao psihijatar. Odlasku po stru\u010dnu pomo\u0107 prethodilo je razdoblje kad je od tuge, koja ju je obuzela zbog odba\u010denosti i usamljenosti, prestala jesti i spavati. Sre\u0107om je osvijestila da tako ne\u0107e mo\u0107i dalje \u017eivjeti pa je \u017eivot ponovo uzela u svoje ruke i nekako se oporavila, ali su ostali veliki o\u017eiljci na du\u0161i.<\/p>\n\n\n\n<p>\u0160to se doga\u0111alo u njenom \u017eivotu prije nego \u0161to se psihi\u010dki razboljela, opisala nam je u povjerljivom pismu. &#8220;Prije devet godina umro mi je suprug. Nekoliko mjeseci nakon toga, moja velika obitelj se raspala, ponajvi\u0161e zbog zeta kockara. Sve tri moje k\u0107eri okrenule su mi le\u0111a i <strong>zaboravile da postojim<\/strong>&#8220;, zapo\u010dinje svoju tu\u017enu ispovijest nesretna majka.<\/p>\n\n\n\n<h3 class=\"wp-block-heading\"><strong>Nekad je \u017eivjela za unuke<\/strong><\/h3>\n\n\n\n<p>Nesretna je i kao baka, jer je prije nego \u0161to su k\u0107eri prekinule komunikaciju s njom, svaki vikend provodila lijepo vrijeme sa svojim unucima. &#8220;Moji unuci su k meni dolazili svaki vikend. U nedjelju nave\u010der vodila sam ih pje\u0161ice natrag roditeljima. Onda su odjednom prestali dolaziti. Vi\u0161e me ne posje\u0107uju, od osmero unu\u010dadi do\u0107i mi zna jedino jo\u0161 najstarija unuka. Imam i praunuka i \u010dula sam da je deveto unu\u010de na putu. Dvije svoje unuke nikad nisam vidjela, jednu unuku vidjela sam jo\u0161 kao bebu&#8221;, napisala nam je.<\/p><div id=\"mojev-4080396761\" class=\"mojev-u-tekstu mojev-entity-placement\" style=\"margin-left: auto;margin-right: auto;text-align: center;\"><div class=\"mojev-adlabel\">oglas<\/div><div style=\"height: 250px;\"><script async src=\"https:\/\/pagead2.googlesyndication.com\/pagead\/js\/adsbygoogle.js?client=ca-pub-8106111766207173\"\r\n     crossorigin=\"anonymous\"><\/script>\r\n<!-- Prikazni 1 u tekstu -->\r\n<ins class=\"adsbygoogle\"\r\n     style=\"display:block\"\r\n     data-ad-client=\"ca-pub-8106111766207173\"\r\n     data-ad-slot=\"8535551207\"\r\n     data-ad-format=\"auto\"\r\n     data-full-width-responsive=\"true\"><\/ins>\r\n<script>\r\n     (adsbygoogle = window.adsbygoogle || []).push({});\r\n<\/script><\/div><\/div><br style=\"clear: both; display: block; float: none;\"\/>\n\n\n\n<p>Srce je boli i kad se sjeti da je jednog od svojih unuka zadnji put vidjela kad je imao samo pet godina, a danas ga, kao 12-godi\u0161njaka, priznaje nam, ne bi uop\u0107e prepoznala na ulici. Sve ju to bilo toliko shrvalo, da joj se zbog tuge i gubitka volje za \u017eivotom, ozbiljno naru\u0161ilo zdravlje.<\/p>\n\n\n\n<h3 class=\"wp-block-heading\">Unuke koje prepozna, gleda izdaleka <\/h3>\n\n\n\n<p>&#8220;Zbog svega toga zavr\u0161ila sam kod psihijatra, na lijekovima. Sada ve\u0107 nekih tri do \u010detiri godine ne uzimam ni\u0161ta. Jednostavno sam odlu\u010dila prestati no\u0107ima plakati, tugovati, ne jesti. Sada \u017eivim svoj \u017eivot, skromno, ali u miru. Veselim se ako slu\u010dajno sretnem koje od svojih unuka. Naravno, oni su na distanci od mene, valjda tako moraju. I iako su moje rane zarasle, o\u017eiljci \u0107e ostati zauvijek&#8221;, povjerila nam je svoju tu\u017enu sudbinu hrabra umirovljenica \u0160tefica.<\/p>\n\n\n\n<div id=\"crveno\"><\/p>\n\n\n\n<h3 class=\"wp-block-heading\">Zanima nas va\u0161a pri\u010da<\/h3>\n\n\n\n<p>\u017delite li i vi, posve anonimno, podijeliti svoje iskustvo i vi\u0111enje ove teme s nama i na\u0161im \u010ditateljima, mo\u017eete to u\u010diniti putem web obrasca <a rel=\"noreferrer noopener\" href=\"https:\/\/www.mojevrijeme.hr\/magazin\/povjerljivo\/\" target=\"_blank\">Povjerljivo<\/a>. Napi\u0161ite svoju pri\u010du!<\/p>\n\n\n\n<p><\/div>\n<div id=\"mojev-2722188744\" class=\"mojev-kraj-teksta mojev-entity-placement\" style=\"margin-bottom: 20px;margin-left: auto;margin-right: auto;text-align: center;\"><div class=\"mojev-adlabel\">oglas<\/div><div style=\"height: 250px;\"><script async src=\"https:\/\/pagead2.googlesyndication.com\/pagead\/js\/adsbygoogle.js?client=ca-pub-8106111766207173\"\r\n     crossorigin=\"anonymous\"><\/script>\r\n<!-- Display-1 -->\r\n<ins class=\"adsbygoogle\"\r\n     style=\"display:block\"\r\n     data-ad-client=\"ca-pub-8106111766207173\"\r\n     data-ad-slot=\"1465712950\"\r\n     data-ad-format=\"auto\"\r\n     data-full-width-responsive=\"true\"><\/ins>\r\n<script>\r\n     (adsbygoogle = window.adsbygoogle || []).push({});\r\n<\/script><\/div><\/div>","protected":false},"excerpt":{"rendered":"<p>Umirovljenica \u0160tefica povjerila nam je svoju te\u0161ku \u017eivotnu pri\u010du \u2013 obiteljsku situaciju u kojoj se ona na\u0161la, nitko ne bi po\u017eelio ni najgorem neprijatelju. K\u0107eri su je povrijedile toliko da je zavr\u0161ila kod psihijatra i na lijekovima, ali se uspjela pribrati. No, k\u0107eri joj se nikad vi\u0161e nisu javile.<\/p>\n","protected":false},"author":17,"featured_media":82923,"comment_status":"closed","ping_status":"closed","sticky":false,"template":"","format":"standard","meta":{"footnotes":""},"categories":[3552],"tags":[3549,3600,3437],"class_list":["post-82622","post","type-post","status-publish","format-standard","has-post-thumbnail","hentry","category-povjerljivo","tag-bake-i-unuci","tag-majke-i-kceri","tag-obiteljski-odnosi"],"_links":{"self":[{"href":"https:\/\/www.mojevrijeme.hr\/magazin\/wp-json\/wp\/v2\/posts\/82622","targetHints":{"allow":["GET"]}}],"collection":[{"href":"https:\/\/www.mojevrijeme.hr\/magazin\/wp-json\/wp\/v2\/posts"}],"about":[{"href":"https:\/\/www.mojevrijeme.hr\/magazin\/wp-json\/wp\/v2\/types\/post"}],"author":[{"embeddable":true,"href":"https:\/\/www.mojevrijeme.hr\/magazin\/wp-json\/wp\/v2\/users\/17"}],"replies":[{"embeddable":true,"href":"https:\/\/www.mojevrijeme.hr\/magazin\/wp-json\/wp\/v2\/comments?post=82622"}],"version-history":[{"count":0,"href":"https:\/\/www.mojevrijeme.hr\/magazin\/wp-json\/wp\/v2\/posts\/82622\/revisions"}],"wp:featuredmedia":[{"embeddable":true,"href":"https:\/\/www.mojevrijeme.hr\/magazin\/wp-json\/wp\/v2\/media\/82923"}],"wp:attachment":[{"href":"https:\/\/www.mojevrijeme.hr\/magazin\/wp-json\/wp\/v2\/media?parent=82622"}],"wp:term":[{"taxonomy":"category","embeddable":true,"href":"https:\/\/www.mojevrijeme.hr\/magazin\/wp-json\/wp\/v2\/categories?post=82622"},{"taxonomy":"post_tag","embeddable":true,"href":"https:\/\/www.mojevrijeme.hr\/magazin\/wp-json\/wp\/v2\/tags?post=82622"}],"curies":[{"name":"wp","href":"https:\/\/api.w.org\/{rel}","templated":true}]}}