{"id":82750,"date":"2023-08-10T17:30:28","date_gmt":"2023-08-10T15:30:28","guid":{"rendered":"https:\/\/www.mojevrijeme.hr\/magazin\/?p=82750"},"modified":"2023-08-10T17:30:31","modified_gmt":"2023-08-10T15:30:31","slug":"sin-kraj-kuce-prolazi-kao-pored-zida-za-snahu-sam-obicna-seljanka","status":"publish","type":"post","link":"https:\/\/www.mojevrijeme.hr\/magazin\/2023\/08\/sin-kraj-kuce-prolazi-kao-pored-zida-za-snahu-sam-obicna-seljanka\/","title":{"rendered":"&#8216;Sin kraj ku\u0107e prolazi kao pored zida, za snahu sam obi\u010dna seljanka&#8217;"},"content":{"rendered":"\n<p>I dok se mnoge bake ne \u017eele odre\u0107i svoje zone komfora i podrediti svoj \u017eivot \u010duvanju unu\u010dadi, gospo\u0111a Dara nam obja\u0161njava da je ona sasvim druga\u010dija baka. &#8220;Ja sam od onih baka koje su se ludo veselile svojoj prvoj unu\u010dici. Moja vlastita o\u010dekivanja od moje uloge bila su velika, a ma\u0161ta mi je potpuno poludjela. Neprekidno sam planirala i smi\u0161ljala \u0161to \u0107emo nas dvije sve raditi&#8221;, po\u010dela je opisivati svoje odu\u0161evljenje koje ju je obuzelo kad je saznala da je njezina snaha trudna.<\/p>\n\n\n\n<p>Mladi par s unu\u010dicom \u017eivi samo \u010detiri ku\u0107e udaljeno od nje i supruga i bilo je za o\u010dekivati da \u0107e se ovi baka i djed doista mo\u0107i nau\u017eivati svoje unu\u010dice. Prilika je to, uostalom, koja se u \u017eivotu ne pru\u017ea svima jer mnogi roditelji kojima su djeca odselila u inozemstvo \u017eive od ljeta do ljeta da vide unuke. No, pokazalo se da i sto metara fizi\u010dke udaljenosti ponekad mo\u017ee, na\u017ealost, biti previ\u0161e.<\/p>\n\n\n\n<h3 class=\"wp-block-heading\">Hladan tu\u0161 <\/h3>\n\n\n\n<p>Upravo nam je na to ukazala na\u0161a \u010ditateljica Dara &#8211; ona i suprug u blagoslovu da \u017eive blizu djece ipak ne mogu u\u017eivati. &#8220;Kad se rodila unuka, do\u017eivjeli smo hladan tu\u0161. Najprije je nismo smjeli uzeti u naru\u010dju sve dok nije napunila \u0161est mjeseci! S njom se smijemo dru\u017eiti samo ako se unaprijed najavimo i samo ako to snahi i sinu odgovara. I kad im odgovara. S druge strane, kod nas dolaze svega jednom mjese\u010dno, nekad ni toliko&#8221;, po\u017ealila nam se baka Dara.<strong> \u00a0<\/strong><\/p><div id=\"mojev-1864657064\" class=\"mojev-u-tekstu mojev-entity-placement\" style=\"margin-left: auto;margin-right: auto;text-align: center;\"><div class=\"mojev-adlabel\">oglas<\/div><div style=\"height: 250px;\"><script async src=\"https:\/\/pagead2.googlesyndication.com\/pagead\/js\/adsbygoogle.js?client=ca-pub-8106111766207173\"\r\n     crossorigin=\"anonymous\"><\/script>\r\n<!-- Prikazni 1 u tekstu -->\r\n<ins class=\"adsbygoogle\"\r\n     style=\"display:block\"\r\n     data-ad-client=\"ca-pub-8106111766207173\"\r\n     data-ad-slot=\"8535551207\"\r\n     data-ad-format=\"auto\"\r\n     data-full-width-responsive=\"true\"><\/ins>\r\n<script>\r\n     (adsbygoogle = window.adsbygoogle || []).push({});\r\n<\/script><\/div><\/div><br style=\"clear: both; display: block; float: none;\"\/>\n\n\n\n<p>Kako ka\u017ee, \u017eive u malom selu i doista je neobi\u010dno da su tako blizu, a tako daleko. &#8220;Ne znam da li me vi\u0161e boli to \u0161to unuku ne vi\u0111am koliko bi htjela ili to \u0161to sin pro\u0111e pored roditeljske ku\u0107e kao pored zida. Stra\u0161no me boli i taj njihov stav kao da su ve\u0107i, bolji i pametniji od nas. Ja sam svojedobno ostavila posao da bih \u0161to kvalitetnije podigla svoju djecu\u00a0i evo \u0161to sam dobila. Ja sam danas za njih samo obi\u010dna seljanka&#8221;, napisala nam je svoju tu\u017enu pri\u010du gospo\u0111a Dara.<\/p>\n\n\n\n<h3 class=\"wp-block-heading\">(Ne)realna o\u010dekivanja<\/h3>\n\n\n\n<p>Na kraju svim bakama i djedovima poru\u010duje neka brinu prije svega za sebe i neka ne o\u010dekuju previ\u0161e, pa \u0107e biti zadovoljniji. Njezina su se vlastita o\u010dekivanja pokazala nerealnima poput obla\u010di\u0107a ma\u0161te koji se raspline kad dobro protrlja o\u010di. &nbsp;<\/p>\n\n\n\n<div id=\"crveno\"><\/p>\n\n\n\n<h3 class=\"wp-block-heading\">Zanima nas va\u0161a pri\u010da<\/h3>\n\n\n\n<p>\u017delite li i vi, posve anonimno, podijeliti svoje iskustvo i vi\u0111enje ove teme s nama i na\u0161im \u010ditateljima, mo\u017eete to u\u010diniti putem web obrasca <a rel=\"noreferrer noopener\" href=\"https:\/\/www.mojevrijeme.hr\/magazin\/povjerljivo\/\" target=\"_blank\">Povjerljivo<\/a>. Napi\u0161ite svoju pri\u010du!<\/p>\n\n\n\n<p><\/div>\n<div id=\"mojev-547815629\" class=\"mojev-kraj-teksta mojev-entity-placement\" style=\"margin-bottom: 20px;margin-left: auto;margin-right: auto;text-align: center;\"><div class=\"mojev-adlabel\">oglas<\/div><div style=\"height: 250px;\"><script async src=\"https:\/\/pagead2.googlesyndication.com\/pagead\/js\/adsbygoogle.js?client=ca-pub-8106111766207173\"\r\n     crossorigin=\"anonymous\"><\/script>\r\n<!-- Display-1 -->\r\n<ins class=\"adsbygoogle\"\r\n     style=\"display:block\"\r\n     data-ad-client=\"ca-pub-8106111766207173\"\r\n     data-ad-slot=\"1465712950\"\r\n     data-ad-format=\"auto\"\r\n     data-full-width-responsive=\"true\"><\/ins>\r\n<script>\r\n     (adsbygoogle = window.adsbygoogle || []).push({});\r\n<\/script><\/div><\/div>","protected":false},"excerpt":{"rendered":"<p>Gospo\u0111a Dara svoju je tre\u0107u \u017eivotnu dob zami\u0161ljala uz unuke, unaprijed je planirala i ma\u0161tala \u0161to \u0107e sve s njima raditi, gdje \u0107e ih voditi, kakva im znanja prenositi. No, kad joj se rodila prva unu\u010dica, do\u017eivjela je odbacivanje i to je vrlo te\u0161ko podnijela.<\/p>\n","protected":false},"author":17,"featured_media":82788,"comment_status":"closed","ping_status":"closed","sticky":false,"template":"","format":"standard","meta":{"footnotes":""},"categories":[3552],"tags":[3437,3550],"class_list":["post-82750","post","type-post","status-publish","format-standard","has-post-thumbnail","hentry","category-povjerljivo","tag-obiteljski-odnosi","tag-svekrve-i-snahe"],"_links":{"self":[{"href":"https:\/\/www.mojevrijeme.hr\/magazin\/wp-json\/wp\/v2\/posts\/82750","targetHints":{"allow":["GET"]}}],"collection":[{"href":"https:\/\/www.mojevrijeme.hr\/magazin\/wp-json\/wp\/v2\/posts"}],"about":[{"href":"https:\/\/www.mojevrijeme.hr\/magazin\/wp-json\/wp\/v2\/types\/post"}],"author":[{"embeddable":true,"href":"https:\/\/www.mojevrijeme.hr\/magazin\/wp-json\/wp\/v2\/users\/17"}],"replies":[{"embeddable":true,"href":"https:\/\/www.mojevrijeme.hr\/magazin\/wp-json\/wp\/v2\/comments?post=82750"}],"version-history":[{"count":0,"href":"https:\/\/www.mojevrijeme.hr\/magazin\/wp-json\/wp\/v2\/posts\/82750\/revisions"}],"wp:featuredmedia":[{"embeddable":true,"href":"https:\/\/www.mojevrijeme.hr\/magazin\/wp-json\/wp\/v2\/media\/82788"}],"wp:attachment":[{"href":"https:\/\/www.mojevrijeme.hr\/magazin\/wp-json\/wp\/v2\/media?parent=82750"}],"wp:term":[{"taxonomy":"category","embeddable":true,"href":"https:\/\/www.mojevrijeme.hr\/magazin\/wp-json\/wp\/v2\/categories?post=82750"},{"taxonomy":"post_tag","embeddable":true,"href":"https:\/\/www.mojevrijeme.hr\/magazin\/wp-json\/wp\/v2\/tags?post=82750"}],"curies":[{"name":"wp","href":"https:\/\/api.w.org\/{rel}","templated":true}]}}