{"id":82848,"date":"2023-08-11T21:36:07","date_gmt":"2023-08-11T19:36:07","guid":{"rendered":"https:\/\/www.mojevrijeme.hr\/magazin\/?p=82848"},"modified":"2023-08-11T22:18:13","modified_gmt":"2023-08-11T20:18:13","slug":"nadica-sama-sam-kci-mi-ne-mora-doci-ni-na-sprovod","status":"publish","type":"post","link":"https:\/\/www.mojevrijeme.hr\/magazin\/2023\/08\/nadica-sama-sam-kci-mi-ne-mora-doci-ni-na-sprovod\/","title":{"rendered":"Nadica: &#8216;Sama sam, k\u0107i mi ne mora do\u0107i ni na sprovod&#8217;"},"content":{"rendered":"\n<p>Jednu od tu\u017enijih \u017eivotnih pri\u010da povjerila nam je gospo\u0111a Nadica koja je do\u017eivjela totalno odbacivanje. &#8220;Moja k\u0107i ve\u0107 dvije godine ne pita za majku. Suprug i ja sve smo dali za nju, \u0161kolovali smo je, a na kraju sam dobila to da me zove pogrdnim imenom. \u017divim sama, suprug mi je umro jo\u0161 prije 23 godine. Ali moju k\u0107i ne zanima ova sama mama, u niti jednom pogledu. Boli me jer sam bolesna, ali neka, neka joj bude kako ho\u0107e. Ne mora mi do\u0107i ni na sprovod. Samo \u0107u re\u0107i, ima Boga&#8221;, rije\u010di su koje zabole svakoga.<\/p>\n\n\n\n<h3 class=\"wp-block-heading\">Nisu svi samci usamljeni<\/h3>\n\n\n\n<p>S druge strane, ima ljudi koji ne pate \u0161to su sami, iako nemaju ba\u0161 &#8220;nikoga svoga&#8221;. U rije\u010dima \u010ditateljice Quore, \u010dije svjedo\u010denje uzimamo kao primjer, ne osje\u0107a se ni pribli\u017eno velika bol kao kod na\u0161e \u010ditateljice Nadice koja ima k\u0107i, a budu\u0107i da nemaju nikakav odnos, \u017eivi kao da je i nema.<\/p>\n\n\n\n<p>Evo kako na \u017eivot gleda \u010ditateljica koja nije imala djecu: &#8220;Nemam ni djece ni ro\u0111ake. Imam samo dvoje bliskih prijatelja, ali oni ne \u017eive blizu mene. Samo si pi\u0161emo e-mailove, nevjerojatno kako se tim putem kvalitetno dopisujemo. Da, usamljena sam, ali samo na Bo\u017ei\u0107 i Uskrs. Na sve ostale dane, mogu se nositi sa samo\u0107om&#8221;, objasnila je.<\/p><div id=\"mojev-3034185277\" class=\"mojev-u-tekstu mojev-entity-placement\" style=\"margin-left: auto;margin-right: auto;text-align: center;\"><div class=\"mojev-adlabel\">oglas<\/div><div style=\"height: 250px;\"><script async src=\"https:\/\/pagead2.googlesyndication.com\/pagead\/js\/adsbygoogle.js?client=ca-pub-8106111766207173\"\r\n     crossorigin=\"anonymous\"><\/script>\r\n<!-- Prikazni 1 u tekstu -->\r\n<ins class=\"adsbygoogle\"\r\n     style=\"display:block\"\r\n     data-ad-client=\"ca-pub-8106111766207173\"\r\n     data-ad-slot=\"8535551207\"\r\n     data-ad-format=\"auto\"\r\n     data-full-width-responsive=\"true\"><\/ins>\r\n<script>\r\n     (adsbygoogle = window.adsbygoogle || []).push({});\r\n<\/script><\/div><\/div><br style=\"clear: both; display: block; float: none;\"\/>\n\n\n\n<p>Kako otkriva, voljela bi imati nekog bliskog s kim bi mogla razgovarati i dijeliti vi\u0161e toga, ili nekoga tko bi jednostavno bio uz nju, ali dobro joj je i ovako. &#8220;Nau\u010dila sam biti zadovoljna svojim svakodnevnim &#8216;poslovima&#8217; i uvijek sam bila okru\u017eena ku\u0107nim ljubimcima. Imat \u0107u 87 godina i pomirila sam se s usamljeno\u0161\u0107u. Brinem se jo\u0161 uvijek sto posto sama o sebi, i dalje povremeno radim posao koji sam radila 50 godina. Jo\u0161 uvijek vozim auto i jo\u0161 me nije pro\u0161la volja oti\u0107i u restoran na ru\u010dak&#8221;, istaknula je.<\/p>\n\n\n\n<p>Zahvalna je, isti\u010de, na ovako dobrom zdravlju duha i tijela, jer je previ\u0161e njezinih vr\u0161njaka ili, kako ka\u017ee, pod zemljom, ili su jedva pokretni u stara\u010dkom domu, ili se bore s demencijom. &#8220;Ja sam i kao samac sretna do te mjere da u svaki svoj dan \u017eelim ugurati \u0161to vi\u0161e aktivnosti koje me vesele. &nbsp;Ne \u017eelim samo sjediti i gledati TV, jesti, spavati i i\u0107i na WC. Inzistiram na tome da \u017eivim punim plu\u0107ima. Radije ka\u017eem da sam sama nego usamljena, tu ionako ne mogu ni\u0161ta promijeniti. Pazim da mi dani budu ispunjeni aktivnim \u017eivotom i tako najlak\u0161e zaboravim da \u017eivim sama&#8221;, objasnila je ova 86-godi\u0161njakinja.<\/p>\n\n\n\n<h3 class=\"wp-block-heading\">Dorica: &#8216;\u017dalim \u0161to nemam djece&#8217;<\/h3>\n\n\n\n<p>Pitala sam potom i susjedu Doricu (81) \u017eali li ona sada u osamdesetima, \u0161to nije imala djece. &#8220;Mi smo htjeli djecu, ali nije i\u0161lo, pa smo odustali. \u017dao mi je cijeli \u017eivot, a danas, pod stare dane, pogotovo. Susjede samo pri\u010daju o djeci i unucima, pa normalno da mi do\u0111e te\u0161ko kad ih slu\u0161am. Posje\u0107uju ih, donesu im hrane, kola\u010da, a ja uvijek sama &#8216;bez ku\u010deta i ma\u010deta&#8217;. Do\u0111u meni ponekad susjede, ali to nije isto kao kad ima\u0161 nekog svog. Sada kad je suprug umro, te\u017ee je nego ikad. Peta je godina otkako sam ovako sama, ali ne mogu za njim dok Bog ne odlu\u010di&#8221;, rekla nam je gospo\u0111a Dorica.<\/p>\n\n\n\n<div id=\"crveno\"><\/p>\n\n\n\n<h3 class=\"wp-block-heading\">Zanima nas va\u0161a pri\u010da<\/h3>\n\n\n\n<p>\u017delite li i vi, posve anonimno, podijeliti svoje iskustvo i vi\u0111enje ove teme s nama i na\u0161im \u010ditateljima, mo\u017eete to u\u010diniti putem web obrasca <a rel=\"noreferrer noopener\" href=\"https:\/\/www.mojevrijeme.hr\/magazin\/povjerljivo\/\" target=\"_blank\">Povjerljivo<\/a>. Napi\u0161ite svoju pri\u010du!<\/p>\n\n\n\n<p><\/div>\n<div id=\"mojev-1196817719\" class=\"mojev-kraj-teksta mojev-entity-placement\" style=\"margin-bottom: 20px;margin-left: auto;margin-right: auto;text-align: center;\"><div class=\"mojev-adlabel\">oglas<\/div><div style=\"height: 250px;\"><script async src=\"https:\/\/pagead2.googlesyndication.com\/pagead\/js\/adsbygoogle.js?client=ca-pub-8106111766207173\"\r\n     crossorigin=\"anonymous\"><\/script>\r\n<!-- Display-1 -->\r\n<ins class=\"adsbygoogle\"\r\n     style=\"display:block\"\r\n     data-ad-client=\"ca-pub-8106111766207173\"\r\n     data-ad-slot=\"1465712950\"\r\n     data-ad-format=\"auto\"\r\n     data-full-width-responsive=\"true\"><\/ins>\r\n<script>\r\n     (adsbygoogle = window.adsbygoogle || []).push({});\r\n<\/script><\/div><\/div>","protected":false},"excerpt":{"rendered":"<p>Mnogi parovi danas odlu\u010duju da ne\u0107e imati djecu i to zbilja vi\u0161e nije predmet \u010du\u0111enja, da ne ka\u017eemo zgra\u017eanja. Mnogi \u017eele imati djecu, ali im se \u017eelja nikad ne ostvari. Tre\u0107i pak imaju djecu i do\u017eive da im jednog dana okrenu le\u0111a i vi\u0161e nikad ne pitaju za njih, o \u010demu na\u017ealost svjedo\u010de mnogi umirovljenici kojima smo otvorili prostor za izno\u0161enje vlastitih pri\u010da i problema.<\/p>\n","protected":false},"author":17,"featured_media":82897,"comment_status":"closed","ping_status":"closed","sticky":false,"template":"","format":"standard","meta":{"footnotes":""},"categories":[3552],"tags":[3532,423],"class_list":["post-82848","post","type-post","status-publish","format-standard","has-post-thumbnail","hentry","category-povjerljivo","tag-roditelji-i-djeca","tag-usamljenost"],"_links":{"self":[{"href":"https:\/\/www.mojevrijeme.hr\/magazin\/wp-json\/wp\/v2\/posts\/82848","targetHints":{"allow":["GET"]}}],"collection":[{"href":"https:\/\/www.mojevrijeme.hr\/magazin\/wp-json\/wp\/v2\/posts"}],"about":[{"href":"https:\/\/www.mojevrijeme.hr\/magazin\/wp-json\/wp\/v2\/types\/post"}],"author":[{"embeddable":true,"href":"https:\/\/www.mojevrijeme.hr\/magazin\/wp-json\/wp\/v2\/users\/17"}],"replies":[{"embeddable":true,"href":"https:\/\/www.mojevrijeme.hr\/magazin\/wp-json\/wp\/v2\/comments?post=82848"}],"version-history":[{"count":0,"href":"https:\/\/www.mojevrijeme.hr\/magazin\/wp-json\/wp\/v2\/posts\/82848\/revisions"}],"wp:featuredmedia":[{"embeddable":true,"href":"https:\/\/www.mojevrijeme.hr\/magazin\/wp-json\/wp\/v2\/media\/82897"}],"wp:attachment":[{"href":"https:\/\/www.mojevrijeme.hr\/magazin\/wp-json\/wp\/v2\/media?parent=82848"}],"wp:term":[{"taxonomy":"category","embeddable":true,"href":"https:\/\/www.mojevrijeme.hr\/magazin\/wp-json\/wp\/v2\/categories?post=82848"},{"taxonomy":"post_tag","embeddable":true,"href":"https:\/\/www.mojevrijeme.hr\/magazin\/wp-json\/wp\/v2\/tags?post=82848"}],"curies":[{"name":"wp","href":"https:\/\/api.w.org\/{rel}","templated":true}]}}