{"id":82918,"date":"2023-08-12T14:55:57","date_gmt":"2023-08-12T12:55:57","guid":{"rendered":"https:\/\/www.mojevrijeme.hr\/magazin\/?p=82918"},"modified":"2023-08-12T14:56:01","modified_gmt":"2023-08-12T12:56:01","slug":"plamenjaca-lista-i-ploda-rajcice-kako-sprijeciti-i-lijeciti","status":"publish","type":"post","link":"https:\/\/www.mojevrijeme.hr\/magazin\/2023\/08\/plamenjaca-lista-i-ploda-rajcice-kako-sprijeciti-i-lijeciti\/","title":{"rendered":"Plamenja\u010da lista i ploda raj\u010dice: Kako sprije\u010diti i lije\u010diti"},"content":{"rendered":"\n<p>&#8220;Nao\u010digled mi propadaju paradajzi. Li\u0161\u0107e s donje strane kao da je pljesnivo, su\u0161i se, a plodovi trunu. Mogu li se spasiti?&#8221; Poruka je to u jednoj vrtlarskoj grupi na Facebooku, a po komentarima bi se reklo da o\u010dajni vrtlar nije usamljen u ovom problemu. Dapa\u010de!<\/p>\n\n\n\n<p>Rije\u010d je, razvidno je to po prilo\u017eenim fotografijama, o naju\u010destalijoj i najopasnijoj bolesti raj\u010dice u Hrvatskoj koju nazivamo \u2013 plamenja\u010da. Uzro\u010dnik plamenja\u010de raj\u010dice je oomiceta <em>Phytophthora infestans<\/em> koja je kroz povijest zadala nemali udarac \u010dovje\u010danstvu. Upravo je ona uzrokovala povijesnu glad u Irskoj kada je 1840-ih godina obolijevao krumpir, glavna prehrambena namirnica, \u0161to je rezultiralo smr\u0107u jednog milijuna Iraca, dok se drugi milijun raselio.<\/p>\n\n\n\n<p>Osim \u0161to rado napada povr\u0107e iz porodice pomo\u0107nica (krumpir, patlid\u017ean i raj\u010dicu), uni\u0161tava i ukrasne vrste iz iste biljne porodice poput petunija. Znakovi zaraze vidljivi su na svim nadzemnim dijelovima biljke, ali se, uglavnom, prvo primijete na listovima. <\/p><div id=\"mojev-2338781122\" class=\"mojev-u-tekstu mojev-entity-placement\" style=\"margin-left: auto;margin-right: auto;text-align: center;\"><div class=\"mojev-adlabel\">oglas<\/div><div style=\"height: 250px;\"><script async src=\"https:\/\/pagead2.googlesyndication.com\/pagead\/js\/adsbygoogle.js?client=ca-pub-8106111766207173\"\r\n     crossorigin=\"anonymous\"><\/script>\r\n<!-- Prikazni 1 u tekstu -->\r\n<ins class=\"adsbygoogle\"\r\n     style=\"display:block\"\r\n     data-ad-client=\"ca-pub-8106111766207173\"\r\n     data-ad-slot=\"8535551207\"\r\n     data-ad-format=\"auto\"\r\n     data-full-width-responsive=\"true\"><\/ins>\r\n<script>\r\n     (adsbygoogle = window.adsbygoogle || []).push({});\r\n<\/script><\/div><\/div><br style=\"clear: both; display: block; float: none;\"\/>\n\n\n\n<h3 class=\"wp-block-heading\">Koji su simptomi plamenja\u010de?<\/h3>\n\n\n\n<p>Prvi simptomi plamenja\u010de na li\u0161\u0107u raj\u010dice su oblikom nepravilne svjetlije lezije. \u010cesto izgledaju vodenasto, dok se, u uvjetima koji pogoduju bolesti, oko njih oblikuje svjetlija aureola ili prsten. Te se lezije obi\u010dno nalaze na mla\u0111im, so\u010dnijim listovima u gornjem dijelu kro\u0161nje biljke, a ubrzo zahva\u0107eno tkivo postaje suho i sme\u0111e kao na donjoj fotografiji.<\/p>\n\n\n\n<p>Tijekom visoke vlage, na nali\u010dju lista mogu biti vidljive bijele povr\u0161ine nalik vati ili plijesni. To su sporangiji, nespolni rasplodni organi iz kojih izlaze milijuni spora. One se mogu lako \u0161iriti navodnjavanjem, opremom, vjetrom i ki\u0161om, Vjetar ih mo\u017ee otpuhati kilometrima daleko \u010dime zapo\u010dinje novi ciklus bolesti.<\/p>\n\n\n\n<figure class=\"wp-block-image size-large\"><img loading=\"lazy\" decoding=\"async\" width=\"740\" height=\"444\" src=\"https:\/\/www.mojevrijeme.hr\/magazin\/wp-content\/uploads\/2023\/06\/plamenjaca-rajcice-740x444.jpg\" alt=\"\" class=\"wp-image-77798\" srcset=\"https:\/\/www.mojevrijeme.hr\/magazin\/wp-content\/uploads\/2023\/06\/plamenjaca-rajcice-740x444.jpg 740w, https:\/\/www.mojevrijeme.hr\/magazin\/wp-content\/uploads\/2023\/06\/plamenjaca-rajcice-636x382.jpg 636w, https:\/\/www.mojevrijeme.hr\/magazin\/wp-content\/uploads\/2023\/06\/plamenjaca-rajcice-768x461.jpg 768w, https:\/\/www.mojevrijeme.hr\/magazin\/wp-content\/uploads\/2023\/06\/plamenjaca-rajcice-1536x922.jpg 1536w, https:\/\/www.mojevrijeme.hr\/magazin\/wp-content\/uploads\/2023\/06\/plamenjaca-rajcice-1500x900.jpg 1500w, https:\/\/www.mojevrijeme.hr\/magazin\/wp-content\/uploads\/2023\/06\/plamenjaca-rajcice-1600x960.jpg 1600w, https:\/\/www.mojevrijeme.hr\/magazin\/wp-content\/uploads\/2023\/06\/plamenjaca-rajcice-590x354.jpg 590w, https:\/\/www.mojevrijeme.hr\/magazin\/wp-content\/uploads\/2023\/06\/plamenjaca-rajcice-400x240.jpg 400w, https:\/\/www.mojevrijeme.hr\/magazin\/wp-content\/uploads\/2023\/06\/plamenjaca-rajcice.jpg 2000w\" sizes=\"auto, (max-width: 740px) 100vw, 740px\" \/><figcaption class=\"wp-element-caption\">Plamenja\u010da na listu raj\u010dice (foto: D. Sipler\/Wikimedia)<\/figcaption><\/figure>\n\n\n\n<p>Kako bolest napreduje, lezije se pove\u0107avaju, a list posme\u0111i, sme\u017eura se i ugine. Plamenja\u010da mo\u017ee napasti i plodove raj\u010dice u svim stadijima razvoja. Istrulili plodovi obi\u010dno su \u010dvrsti s masnim mrljama koje s vremenom postaju ko\u017easte i \u010dokoladno sme\u0111e boje. Te mrlje mogu se pove\u0107ati do te mjere da zahvate cijeli plod. Upravo zbog ovoga, hrvatski vrtlari \u010desto plamenja\u010du pogre\u0161no tuma\u010de kao vr\u0161nu trule\u017e raj\u010dice o \u010demu vi\u0161e mo\u017eete <a href=\"https:\/\/www.mojevrijeme.hr\/magazin\/2023\/06\/misterij-crnih-fleka-na-rajcicama-sto-uciniti-i-kako-ih-preduhitriti\/\" data-type=\"post\" data-id=\"77574\" target=\"_blank\" rel=\"noreferrer noopener\">pro\u010ditati ovdje<\/a>.<\/p>\n\n\n\n<h3 class=\"wp-block-heading\">Kada se plamenja\u010da raj\u010dice javlja?<\/h3>\n\n\n\n<p>Razvoju ove bolesti pogoduje hladnije, ki\u0161ovito, vla\u017eno, maglovito vrijeme, jer su spore osjetljive na UV zra\u010denje, a oblaci ih upravo \u0161tite od takvog isijavanja. Za klijanje spora na listu nu\u017ena je voda pa \u010dak i ja\u010da rosa pogoduje \u0161irenju plamenja\u010de. Logi\u010dno, isto se odnosi i na zalijevanje biljke po listu. U ovakvim uvjetima, lezije se mogu pojaviti na li\u0161\u0107u unutar 3-5 dana od infekcije, pra\u0107ene formiranjem sporangija na nali\u010dju lista.<\/p>\n\n\n\n<figure class=\"wp-block-image size-large\"><img loading=\"lazy\" decoding=\"async\" width=\"740\" height=\"444\" src=\"https:\/\/www.mojevrijeme.hr\/magazin\/wp-content\/uploads\/2023\/06\/plamenjaca-grana-rajcice-740x444.jpg\" alt=\"\" class=\"wp-image-77799\" srcset=\"https:\/\/www.mojevrijeme.hr\/magazin\/wp-content\/uploads\/2023\/06\/plamenjaca-grana-rajcice-740x444.jpg 740w, https:\/\/www.mojevrijeme.hr\/magazin\/wp-content\/uploads\/2023\/06\/plamenjaca-grana-rajcice-636x382.jpg 636w, https:\/\/www.mojevrijeme.hr\/magazin\/wp-content\/uploads\/2023\/06\/plamenjaca-grana-rajcice-768x461.jpg 768w, https:\/\/www.mojevrijeme.hr\/magazin\/wp-content\/uploads\/2023\/06\/plamenjaca-grana-rajcice-1536x922.jpg 1536w, https:\/\/www.mojevrijeme.hr\/magazin\/wp-content\/uploads\/2023\/06\/plamenjaca-grana-rajcice-1500x900.jpg 1500w, https:\/\/www.mojevrijeme.hr\/magazin\/wp-content\/uploads\/2023\/06\/plamenjaca-grana-rajcice-1600x960.jpg 1600w, https:\/\/www.mojevrijeme.hr\/magazin\/wp-content\/uploads\/2023\/06\/plamenjaca-grana-rajcice-590x354.jpg 590w, https:\/\/www.mojevrijeme.hr\/magazin\/wp-content\/uploads\/2023\/06\/plamenjaca-grana-rajcice-400x240.jpg 400w, https:\/\/www.mojevrijeme.hr\/magazin\/wp-content\/uploads\/2023\/06\/plamenjaca-grana-rajcice.jpg 2000w\" sizes=\"auto, (max-width: 740px) 100vw, 740px\" \/><figcaption class=\"wp-element-caption\">Plamenja\u010da na peteljki lista raj\u010dice (foto: S. nelsom\/Wikimedia)<\/figcaption><\/figure>\n\n\n\n<h3 class=\"wp-block-heading\">Kako sprije\u010diti pojavu plamenja\u010de?<\/h3>\n\n\n\n<p>Vremenski \u010dimbenici su ne\u0161to na \u0161to ne mo\u017eemo utjecati kod uzgoja na otvorenom, no mo\u017eemo smanjiti vjerojatnost \u0161irenja i razvoja bolesti.<\/p>\n\n\n\n<ul class=\"wp-block-list\">\n<li>Sadite rano u sezoni.<\/li>\n\n\n\n<li>Minimalno mo\u010dite li\u0161\u0107e biljke.<\/li>\n\n\n\n<li>Odr\u017eavajte prozra\u010dne uvjete u nasadu kako bi se biljke efikasno i brzo posu\u0161ile. Posebno vodite ra\u010duna o <a rel=\"noreferrer noopener\" href=\"https:\/\/www.mojevrijeme.hr\/magazin\/2023\/06\/rajcice-su-u-opasnosti-pomozite-im-prezivjeti-ovo-dugo-kisno-razdoblje\/\" data-type=\"post\" data-id=\"76448\" target=\"_blank\">pravilnom razmaku<\/a> sadnje i <a rel=\"noreferrer noopener\" href=\"https:\/\/www.mojevrijeme.hr\/magazin\/2023\/06\/skidanje-zaperaka-i-orezivanje-rajcice-kako-kada-i-zasto\/\" data-type=\"post\" data-id=\"77008\" target=\"_blank\">uklanjanju zaperaka<\/a>,<\/li>\n\n\n\n<li>\u010cesto kontrolirajte nasad i uklanjajte zara\u017eene biljke, zara\u017eene plodove i korov. To \u0107e usporiti napredovanje bolesti, no ne\u0107e ju zaustaviti. Zara\u017eeni materijal ne odla\u017eite na komposti\u0161te.<\/li>\n\n\n\n<li>Ako koristite vi\u0161e godina zaredom iste potpornje za raj\u010dice, dezinficirajte ih svake sezone prije upotrebe.<\/li>\n\n\n\n<li>Odaberite sorte oporne na plamenja\u010du.<\/li>\n\n\n\n<li>Za\u0161titite usjev fungicidima.<\/li>\n<\/ul>\n\n\n\n<figure class=\"wp-block-image size-large\"><img loading=\"lazy\" decoding=\"async\" width=\"740\" height=\"444\" src=\"https:\/\/www.mojevrijeme.hr\/magazin\/wp-content\/uploads\/2023\/06\/plamenjaca-zreli-plod-rajcice-740x444.jpg\" alt=\"Plamenja\u010da na paradajzima\" class=\"wp-image-77801\" srcset=\"https:\/\/www.mojevrijeme.hr\/magazin\/wp-content\/uploads\/2023\/06\/plamenjaca-zreli-plod-rajcice-740x444.jpg 740w, https:\/\/www.mojevrijeme.hr\/magazin\/wp-content\/uploads\/2023\/06\/plamenjaca-zreli-plod-rajcice-636x382.jpg 636w, https:\/\/www.mojevrijeme.hr\/magazin\/wp-content\/uploads\/2023\/06\/plamenjaca-zreli-plod-rajcice-768x461.jpg 768w, https:\/\/www.mojevrijeme.hr\/magazin\/wp-content\/uploads\/2023\/06\/plamenjaca-zreli-plod-rajcice-1536x922.jpg 1536w, https:\/\/www.mojevrijeme.hr\/magazin\/wp-content\/uploads\/2023\/06\/plamenjaca-zreli-plod-rajcice-1500x900.jpg 1500w, https:\/\/www.mojevrijeme.hr\/magazin\/wp-content\/uploads\/2023\/06\/plamenjaca-zreli-plod-rajcice-1600x960.jpg 1600w, https:\/\/www.mojevrijeme.hr\/magazin\/wp-content\/uploads\/2023\/06\/plamenjaca-zreli-plod-rajcice-590x354.jpg 590w, https:\/\/www.mojevrijeme.hr\/magazin\/wp-content\/uploads\/2023\/06\/plamenjaca-zreli-plod-rajcice-400x240.jpg 400w, https:\/\/www.mojevrijeme.hr\/magazin\/wp-content\/uploads\/2023\/06\/plamenjaca-zreli-plod-rajcice.jpg 2000w\" sizes=\"auto, (max-width: 740px) 100vw, 740px\" \/><figcaption class=\"wp-element-caption\">Plamenja\u010da na zrelom plodu raj\u010dice (foto: Downtowngal\/Wikimedia)<\/figcaption><\/figure>\n\n\n\n<h3 class=\"wp-block-heading\">Kako lije\u010diti?<\/h3>\n\n\n\n<p>Proizvodi kojima su aktivni sastojci bakar ili klorotalonil jedini su dokazano u\u010dinkoviti komercijalni proizvodi za suzbijanje plamenja\u010de u&nbsp;amaterskom vrtlarstvu. Hrvatski vrtlari amateri, recimo, rado pose\u017eu za <em>Cuprablauom<\/em>. Agronomi preporu\u010duju \u010detiri uzastopna prskanja na tjednoj bazi uz obavezno po\u0161tivanje karence. No i tada valja znati da ovi preparati nisu svemogu\u0107i u kontroli bolesti nakon \u0161to ona izbije. Kod prskanja va\u017eno je preparat nanijeti i na donju stranu lista na kojoj se nalaze sporangiji ovog patogenog organizma.<\/p>\n\n\n\n<h3 class=\"wp-block-heading\">Postoje li neki prirodni preparati?<\/h3>\n\n\n\n<p>Znanstveni izvori navode dosta dvojbene u\u010dinke prirodnih i ku\u0107nih pripravaka. Pri \u010demu se naj\u010de\u0161\u0107e navode <a rel=\"noreferrer noopener\" href=\"https:\/\/www.mojevrijeme.hr\/magazin\/2023\/06\/mlijeko-prirodni-pesticid-u-organskom-vrtlarstvu-vrijedi-isprobati\/\" data-type=\"post\" data-id=\"76253\" target=\"_blank\">mlijeko<\/a> i <a rel=\"noreferrer noopener\" href=\"https:\/\/www.mojevrijeme.hr\/magazin\/2023\/06\/soda-bikarbona-kao-ekoloska-alternativa-pesticidima-za-ruze-i-povrce\/\" data-type=\"post\" data-id=\"76913\" target=\"_blank\">soda bikarbona<\/a>. Klikom na poveznice vi\u0161e nau\u010dite o ovim organskim metodama.<\/p>\n\n\n\n<h3 class=\"wp-block-heading\">\u0160to je bolje, otvorena gredica ili staklenik i plastenik?<\/h3>\n\n\n\n<p>Raj\u010dice su na otvorenom izlo\u017eene velikom riziku od infekcije, ako je vrijeme pogodno. Bolest je manji problem u zatvorenom uzgoju jer spore moraju prona\u0107i svoj put u staklenik ili plastenik. No, ako spora u\u0111e u zatvoreni prostor u kojem je zrak zasi\u0107en vlagom, bolest \u0107e vrlo brzo napredovati, a zaka\u0161njele i neadekvatne mjere mogu dovesti do potpune propasti uroda.<\/p>\n<div id=\"mojev-783578143\" class=\"mojev-kraj-teksta mojev-entity-placement\" style=\"margin-bottom: 20px;margin-left: auto;margin-right: auto;text-align: center;\"><div class=\"mojev-adlabel\">oglas<\/div><div style=\"height: 250px;\"><script async src=\"https:\/\/pagead2.googlesyndication.com\/pagead\/js\/adsbygoogle.js?client=ca-pub-8106111766207173\"\r\n     crossorigin=\"anonymous\"><\/script>\r\n<!-- Display-1 -->\r\n<ins class=\"adsbygoogle\"\r\n     style=\"display:block\"\r\n     data-ad-client=\"ca-pub-8106111766207173\"\r\n     data-ad-slot=\"1465712950\"\r\n     data-ad-format=\"auto\"\r\n     data-full-width-responsive=\"true\"><\/ins>\r\n<script>\r\n     (adsbygoogle = window.adsbygoogle || []).push({});\r\n<\/script><\/div><\/div>","protected":false},"excerpt":{"rendered":"<p>Vremenski \u010dimbenici su ne\u0161to na \u0161to ne mo\u017eemo utjecati kod uzgoja na otvorenom, no mo\u017eemo smanjiti vjerojatnost \u0161irenja i razvoja ove biljne bolesti koja je u grob otjerala milijun Iraca. <\/p>\n","protected":false},"author":1,"featured_media":77802,"comment_status":"closed","ping_status":"closed","sticky":false,"template":"","format":"standard","meta":{"footnotes":""},"categories":[3497],"tags":[3579,3478,55,960],"class_list":["post-82918","post","type-post","status-publish","format-standard","has-post-thumbnail","hentry","category-vrt","tag-plamenjaca","tag-rajcice","tag-vrt","tag-vrtlarstvo"],"_links":{"self":[{"href":"https:\/\/www.mojevrijeme.hr\/magazin\/wp-json\/wp\/v2\/posts\/82918","targetHints":{"allow":["GET"]}}],"collection":[{"href":"https:\/\/www.mojevrijeme.hr\/magazin\/wp-json\/wp\/v2\/posts"}],"about":[{"href":"https:\/\/www.mojevrijeme.hr\/magazin\/wp-json\/wp\/v2\/types\/post"}],"author":[{"embeddable":true,"href":"https:\/\/www.mojevrijeme.hr\/magazin\/wp-json\/wp\/v2\/users\/1"}],"replies":[{"embeddable":true,"href":"https:\/\/www.mojevrijeme.hr\/magazin\/wp-json\/wp\/v2\/comments?post=82918"}],"version-history":[{"count":0,"href":"https:\/\/www.mojevrijeme.hr\/magazin\/wp-json\/wp\/v2\/posts\/82918\/revisions"}],"wp:featuredmedia":[{"embeddable":true,"href":"https:\/\/www.mojevrijeme.hr\/magazin\/wp-json\/wp\/v2\/media\/77802"}],"wp:attachment":[{"href":"https:\/\/www.mojevrijeme.hr\/magazin\/wp-json\/wp\/v2\/media?parent=82918"}],"wp:term":[{"taxonomy":"category","embeddable":true,"href":"https:\/\/www.mojevrijeme.hr\/magazin\/wp-json\/wp\/v2\/categories?post=82918"},{"taxonomy":"post_tag","embeddable":true,"href":"https:\/\/www.mojevrijeme.hr\/magazin\/wp-json\/wp\/v2\/tags?post=82918"}],"curies":[{"name":"wp","href":"https:\/\/api.w.org\/{rel}","templated":true}]}}