{"id":82963,"date":"2023-08-13T10:26:10","date_gmt":"2023-08-13T08:26:10","guid":{"rendered":"https:\/\/www.mojevrijeme.hr\/magazin\/?p=82963"},"modified":"2023-08-13T10:38:30","modified_gmt":"2023-08-13T08:38:30","slug":"sve-je-izvjesniji-prosvjed-umirovljenika-inflacija-i-poskupljenja-su-neizdrzivi","status":"publish","type":"post","link":"https:\/\/www.mojevrijeme.hr\/magazin\/2023\/08\/sve-je-izvjesniji-prosvjed-umirovljenika-inflacija-i-poskupljenja-su-neizdrzivi\/","title":{"rendered":"Sve bli\u017ei prosvjed umirovljenika: inflacija i poskupljenja su neizdr\u017eivi"},"content":{"rendered":"\n<p>&#8220;Visoka inflacija koju prati enorman rast cijena doslovno svega vodi Hrvatsku prema sve izvjesnijem porazu u borbi protiv siroma\u0161tva radi \u010dega bi Me\u0111unarodni dan starijih osoba 1. listopada mogao biti i dan prosvjeda umirovljenika protiv rastu\u0107eg siroma\u0161tva&#8221;, najavljuje koalicija umirovljeni\u010dkih stranaka Umirovljenici zajedno.<\/p>\n\n\n\n<p>&#8220;Usprkos vladinim paketima pomo\u0107i, najavljenom rekordnom uskla\u0111enju mirovina od 8 posto, pove\u0107anjima pla\u0107a i mirovina, i dalje raste broj umirovljenika koji sa mirovinom padaju ispod linije siroma\u0161tva. Da nam je prije nekoliko godina netko kazao da \u0107emo se u 2023. &#8216;radovati&#8217; kada ne\u0161to poskupi &#8216;samo&#8217; 20 ili 30 posto mislili bi da se \u0161ali&#8221;, navode umirovljenici u priop\u0107enju pa dodaju da &#8220;uz enormna poskupljenja sve je vi\u0161e ljudi, posebno umirovljenika, koji su prisiljeni birati izme\u0111u potrebnog lijeka ili hrane, a svi znamo da bez hrane ili neophodnog lijeka za mnoge od njih nema \u017eivota&#8221;.<\/p>\n\n\n\n<p>&#8220;Hrvatska je kao \u0161to svi znamo omiljena turisti\u010dka destinacija koju tijekom ljetnih mjeseci posjeti veliki broj gostiju \u0161to dovodi i do rasta potra\u017enje za robama i uslugama. To su pak mnogi trgovci, iznajmljiva\u010di i ugostitelji vo\u0111eni pohlepom iskoristili za enormno podizanje cijena kako bi ostvarili \u0161to ve\u0107u zaradu. Takvim pona\u0161anjem je najvi\u0161e pogo\u0111eno domicilno stanovni\u0161tvo sa malim prihodima me\u0111u kojima se najvi\u0161e isti\u010du upravo umirovljenici \u010diji prihodi ve\u0107 odavno ne mogu pratiti rast cijena.&#8221;<\/p><div id=\"mojev-3448116266\" class=\"mojev-u-tekstu mojev-entity-placement\" style=\"margin-left: auto;margin-right: auto;text-align: center;\"><div class=\"mojev-adlabel\">oglas<\/div><div style=\"height: 250px;\"><script async src=\"https:\/\/pagead2.googlesyndication.com\/pagead\/js\/adsbygoogle.js?client=ca-pub-8106111766207173\"\r\n     crossorigin=\"anonymous\"><\/script>\r\n<!-- Prikazni 1 u tekstu -->\r\n<ins class=\"adsbygoogle\"\r\n     style=\"display:block\"\r\n     data-ad-client=\"ca-pub-8106111766207173\"\r\n     data-ad-slot=\"8535551207\"\r\n     data-ad-format=\"auto\"\r\n     data-full-width-responsive=\"true\"><\/ins>\r\n<script>\r\n     (adsbygoogle = window.adsbygoogle || []).push({});\r\n<\/script><\/div><\/div><br style=\"clear: both; display: block; float: none;\"\/>\n\n\n\n<p>&#8220;Gra\u0111anima treba biti jasno kako nije realno o\u010dekivati od Vlade ili nekog drugog da se mije\u0161a u zakone tr\u017ei\u0161ta izuzev u specifi\u010dnim situacijama kao \u0161to je bio slu\u010daj sa energentima. \u017divimo u tr\u017ei\u0161noj ekonomiji u kojoj svatko za svoju robu ili uslugu mo\u017ee formirati cijenu koju god \u017eeli \u0161to zna\u010di da trgovci ne\u0107e smanjivati svoje cijene sve dok god imaju dovoljno kupaca. Tek kada se roba po\u010dne sve dulje zadr\u017eavati na policama zbog manjeg interesa kupaca, ili sve vi\u0161e praznih stolova bude u ugostiteljskim objektima, \u0107e svi oni redom brzo spustiti cijene.&#8221;<\/p>\n\n\n\n<p>&#8220;Umirovljenici zajedno \u2013 Politi\u010dka platforma poziva udruge, umirovljeni\u010dke posebno, da svoje \u010dlanstvo poku\u0161aju informirati o kretnju cijena, posebno osnovnih \u017eive\u017enih namirnica u trgovinama ili trgova\u010dkim centrima u njihovim sredinama. Umjesto kukanja ili &#8216;prijetnji&#8217; Vladi gra\u0111ani uz pomo\u0107 mno\u0161tva udruga mogu veoma brzo stati na kraj neopravdanom podizanju cijena bojkotom svih onih koji se u svom poslovanju vode pohlepom umjesto etikom koja podrazumijeva zara\u010dunavanje razumnih mar\u017ei.&#8221;<\/p>\n\n\n\n<p>Nadalje, u Umirovljenici zajedno poru\u010duju da ne\u0107e odustati od borbe za potpuno novi izra\u010dun osnovice mirovine za sve umirovljenike na bazi 75 \u2013 80 posto neto pla\u0107e kroz 10 vezanih (najboljih) godina, za pove\u0107anje AVM na 15 \u2013 17 EUR. <\/p>\n\n\n\n<p>&#8220;To u kona\u010dnici zna\u010di minimalno 615 eura mirovine uz 41\/60-65, kao ukidanje penalizacije sa navr\u0161enih 65 godina \u017eivota. Jedino navedene izmjene mogu biti efikasno oru\u017eje u borbi protiv rastu\u0107eg siroma\u0161tva umirovljenika. Sve drugo je samo jo\u0161 jedan lo\u0161a &#8216;politi\u010dka kozmetika&#8217; u funkciji PR-a&#8221;, stoji u priop\u0107enju koalicije umirovljenika.<\/p>\n<div id=\"mojev-3907861822\" class=\"mojev-kraj-teksta mojev-entity-placement\" style=\"margin-bottom: 20px;margin-left: auto;margin-right: auto;text-align: center;\"><div class=\"mojev-adlabel\">oglas<\/div><div style=\"height: 250px;\"><script async src=\"https:\/\/pagead2.googlesyndication.com\/pagead\/js\/adsbygoogle.js?client=ca-pub-8106111766207173\"\r\n     crossorigin=\"anonymous\"><\/script>\r\n<!-- Display-1 -->\r\n<ins class=\"adsbygoogle\"\r\n     style=\"display:block\"\r\n     data-ad-client=\"ca-pub-8106111766207173\"\r\n     data-ad-slot=\"1465712950\"\r\n     data-ad-format=\"auto\"\r\n     data-full-width-responsive=\"true\"><\/ins>\r\n<script>\r\n     (adsbygoogle = window.adsbygoogle || []).push({});\r\n<\/script><\/div><\/div>","protected":false},"excerpt":{"rendered":"<p> Tek kada se roba po\u010dne sve dulje zadr\u017eavati na policama zbog manjeg interesa kupaca, ili sve vi\u0161e praznih stolova bude u ugostiteljskim objektima, \u0107e svi oni redom brzo spustiti cijene.<\/p>\n","protected":false},"author":1,"featured_media":82968,"comment_status":"closed","ping_status":"closed","sticky":false,"template":"","format":"standard","meta":{"footnotes":""},"categories":[9],"tags":[687,3306],"class_list":["post-82963","post","type-post","status-publish","format-standard","has-post-thumbnail","hentry","category-vijesti","tag-prosvjedi","tag-umirovljenici-zajedno"],"_links":{"self":[{"href":"https:\/\/www.mojevrijeme.hr\/magazin\/wp-json\/wp\/v2\/posts\/82963","targetHints":{"allow":["GET"]}}],"collection":[{"href":"https:\/\/www.mojevrijeme.hr\/magazin\/wp-json\/wp\/v2\/posts"}],"about":[{"href":"https:\/\/www.mojevrijeme.hr\/magazin\/wp-json\/wp\/v2\/types\/post"}],"author":[{"embeddable":true,"href":"https:\/\/www.mojevrijeme.hr\/magazin\/wp-json\/wp\/v2\/users\/1"}],"replies":[{"embeddable":true,"href":"https:\/\/www.mojevrijeme.hr\/magazin\/wp-json\/wp\/v2\/comments?post=82963"}],"version-history":[{"count":0,"href":"https:\/\/www.mojevrijeme.hr\/magazin\/wp-json\/wp\/v2\/posts\/82963\/revisions"}],"wp:featuredmedia":[{"embeddable":true,"href":"https:\/\/www.mojevrijeme.hr\/magazin\/wp-json\/wp\/v2\/media\/82968"}],"wp:attachment":[{"href":"https:\/\/www.mojevrijeme.hr\/magazin\/wp-json\/wp\/v2\/media?parent=82963"}],"wp:term":[{"taxonomy":"category","embeddable":true,"href":"https:\/\/www.mojevrijeme.hr\/magazin\/wp-json\/wp\/v2\/categories?post=82963"},{"taxonomy":"post_tag","embeddable":true,"href":"https:\/\/www.mojevrijeme.hr\/magazin\/wp-json\/wp\/v2\/tags?post=82963"}],"curies":[{"name":"wp","href":"https:\/\/api.w.org\/{rel}","templated":true}]}}