{"id":82999,"date":"2023-08-14T17:44:11","date_gmt":"2023-08-14T15:44:11","guid":{"rendered":"https:\/\/www.mojevrijeme.hr\/magazin\/?p=82999"},"modified":"2023-12-12T11:56:09","modified_gmt":"2023-12-12T10:56:09","slug":"sogor-mi-je-bio-drugi-otac-radim-sve-da-mu-olaksam-bolest","status":"publish","type":"post","link":"https:\/\/www.mojevrijeme.hr\/magazin\/2023\/08\/sogor-mi-je-bio-drugi-otac-radim-sve-da-mu-olaksam-bolest\/","title":{"rendered":"&#8216;\u0160ogor mi je bio drugi otac, radim sve da mu olak\u0161am bolest&#8217;"},"content":{"rendered":"\n<p><strong>Samantha Zubak<\/strong>, lije\u010dnica koja radi u me\u0111unarodno poznatoj tvrtki  za proizvodnju poljoprivredne i gra\u0111evinske mehanizacije <em>John Dee<\/em>r, i danas odr\u017eava kontakte s prijateljima u domovini. No, povod na\u0161em razgovoru je njen odnos sa 89-godi\u0161njim \u0161ogorom <strong>Marshallom<\/strong>, uz kojeg je odrasla. <\/p>\n\n\n\n<p>Naime, Samatha \u010desto na Facebooku objavljuje fotografije izlazaka s njim. Iako je davno odselila iz njegove ku\u0107e, a sestra joj je preminula, \u0161ogor je uvijek ostao njezin drugi otac i najbolji prijatelj te mu poma\u017ee u bolesti. <\/p>\n\n\n\n<p>&#8220;Kad su se roditelji rastali, ve\u0107ina mojih bra\u0107e i sestara ve\u0107 su bili odrasli i oti\u0161li su od ku\u0107e. Otac je imao pivnicu i iznad pivnice stan pa je sud odredio da to nije primjereno mjesto za dvije manje djevoj\u010dice. Tako smo sestra i ja zakonski pripale na\u0161oj starijoj sestri, koja je ve\u0107 bila u braku i imala dvoje svoje djece. Bilo je lijepo odrasti u toj obitelji&#8221;, ispri\u010dala nam je.<\/p><div id=\"mojev-4167335279\" class=\"mojev-u-tekstu mojev-entity-placement\" style=\"margin-left: auto;margin-right: auto;text-align: center;\"><div class=\"mojev-adlabel\">oglas<\/div><div style=\"height: 250px;\"><script async src=\"https:\/\/pagead2.googlesyndication.com\/pagead\/js\/adsbygoogle.js?client=ca-pub-8106111766207173\"\r\n     crossorigin=\"anonymous\"><\/script>\r\n<!-- Prikazni 1 u tekstu -->\r\n<ins class=\"adsbygoogle\"\r\n     style=\"display:block\"\r\n     data-ad-client=\"ca-pub-8106111766207173\"\r\n     data-ad-slot=\"8535551207\"\r\n     data-ad-format=\"auto\"\r\n     data-full-width-responsive=\"true\"><\/ins>\r\n<script>\r\n     (adsbygoogle = window.adsbygoogle || []).push({});\r\n<\/script><\/div><\/div><br style=\"clear: both; display: block; float: none;\"\/>\n\n\n\n<p>Iako je Samanthino udomljenje kod sestre i \u0161ogora trebalo biti privremeno, a potom su se male sestrice trebale vratiti ocu, one su se zaljubile u obitelj i novu sredinu; osobito u farmu konja pa su tu ostale dok se nisu osamostalile.<\/p>\n\n\n\n<h3 class=\"wp-block-heading\">Najbolji prijatelji<\/h3>\n\n\n\n<p>Kako ka\u017ee, njezin \u0161ogor bio je du\u0161a od \u010dovjeka i \u017eeli mu vratiti barem dio dobrote. Danas on ima 89 godina i ve\u0107 gotovo deset godina bori se s Alzheimerom. Ona pak svaki svoj slobodni trenutak koristi da ga razveseli, povede u prirodu ili u grad te s njim provodi kvalitetno vrijeme.<\/p>\n\n\n\n<p>&#8220;Na pragu devedesete, bolestan, moj \u0161ogor vi\u0161e ne vozi. Zbog Alzheimera mu je kratkoro\u010dno pam\u0107enje prili\u010dno slabo. Me\u0111utim, koliko je to nevjerojatna bolest govori i \u010dinjenica da jo\u0161 uvijek savr\u0161eno pamti cijeli svoj \u017eivot koji je stariji od 10 godina. Njemu samo kratkoro\u010dno pam\u0107enje ne funkcionira. Jako se dobro nosi s tim i sasvim je svjestan da ne mo\u017ee stvarati nova sje\u0107anja. Zato mu ne\u0107aci i ja sve na\u0161e do\u017eivljaje i va\u017ena obiteljska doga\u0111anja fotografiramo, printamo i zapisujemo te mu stavljamo u poseban blok, kako bi kasnije mogao pregledavati&#8221;, rekla je na\u0161a ameri\u010dka sugovornica.<\/p>\n\n\n\n<p>Da je po\u010deo zaboravljati, shvatila je kad ju je zvao da ne zna do\u0107i do njezine ku\u0107e. &#8220;Bio je stra\u0161no uzrujan, svjestan svega. Nakon postavljanja dijagnoze, objasnili smo mu da mu je ugro\u017eeno kratkoro\u010dno pam\u0107enje. Prihvatio je to i dobro se nosi s tim. Njegova majka bolovala je od iste bolesti, no oboljela je puno mla\u0111a i bolest je kod nje napredovala puno br\u017ee&#8221;, naglasila je Zubak. Dodaje da njezin \u0161ogor ima zanimljivo porijeklo: njegov djed je do\u0161ao iz Danske, a baka iz Norve\u0161ke. Za \u017eivota je radio kao in\u017eenjer u Johnu Deeru, a u slobodno vrijeme bio je i glumac u lokalnom kazali\u0161tu &#8211; sve dok vi\u0161e nije mogao zapamtiti tekst.<\/p>\n\n\n\n<p>Danas Sam, kako je svi zovu od milja, svog \u0161ogora vodi u \u0161etnju, u posjetu pre\u017eivjelim prijateljima i znancima, \u010desto obilaze mjesta koja su mu u \u017eivotu bila od zna\u010daja, uvijek odu na ru\u010dak, i obavezno u pivnicu. Gospodin Marshall jo\u0161 uvijek voli popiti dobro pivo! <\/p>\n\n\n\n<figure class=\"wp-block-image size-large\"><img loading=\"lazy\" decoding=\"async\" width=\"740\" height=\"444\" src=\"https:\/\/www.mojevrijeme.hr\/magazin\/wp-content\/uploads\/2023\/08\/samantha-marshall-740x444.jpg\" alt=\"Samantha brine o \u010dlanu obitelji koji boluje od Alzheimerove demencije\" class=\"wp-image-83064\" srcset=\"https:\/\/www.mojevrijeme.hr\/magazin\/wp-content\/uploads\/2023\/08\/samantha-marshall-740x444.jpg 740w, https:\/\/www.mojevrijeme.hr\/magazin\/wp-content\/uploads\/2023\/08\/samantha-marshall-636x382.jpg 636w, https:\/\/www.mojevrijeme.hr\/magazin\/wp-content\/uploads\/2023\/08\/samantha-marshall-768x461.jpg 768w, https:\/\/www.mojevrijeme.hr\/magazin\/wp-content\/uploads\/2023\/08\/samantha-marshall-1536x922.jpg 1536w, https:\/\/www.mojevrijeme.hr\/magazin\/wp-content\/uploads\/2023\/08\/samantha-marshall-1500x900.jpg 1500w, https:\/\/www.mojevrijeme.hr\/magazin\/wp-content\/uploads\/2023\/08\/samantha-marshall-1600x960.jpg 1600w, https:\/\/www.mojevrijeme.hr\/magazin\/wp-content\/uploads\/2023\/08\/samantha-marshall-590x354.jpg 590w, https:\/\/www.mojevrijeme.hr\/magazin\/wp-content\/uploads\/2023\/08\/samantha-marshall-400x240.jpg 400w, https:\/\/www.mojevrijeme.hr\/magazin\/wp-content\/uploads\/2023\/08\/samantha-marshall.jpg 2000w\" sizes=\"auto, (max-width: 740px) 100vw, 740px\" \/><figcaption class=\"wp-element-caption\">Marshall i Samantha (foto: privatni album)<\/figcaption><\/figure>\n\n\n\n<h3 class=\"wp-block-heading\">Nezgoda s mladim \u0161ogorom<\/h3>\n\n\n\n<p>Prepri\u010dala je i jednu zanimljivu zgodu sa \u0161ogorom, dok jo\u0161 kao petogodi\u0161nja djevoj\u010dica nije ni slutila da \u0107e \u017eivjeti kod njega. Napravila mu je, pri\u010da nam, djetinjastu scenu. &#8220;Marshall je prije braka s mojom sestrom bio tatin prijatelj. Jednom se napio u tatinoj pivnici i popeo se u na\u0161 stan te zaspao na kau\u010du. Ja sam se te subote ujutro probudila i spustila u dnevni boravak gledati crti\u0107e. Vidjela sam nepoznatog \u010dovjeka kako ondje spava. Protresla sam ga za rame i govorila mu da iza\u0111e iz ku\u0107e. On se doista probudio i odjurio. Kad ga danas pitam za\u0161to je oti\u0161ao, ka\u017ee \u2013 Zato \u0161to si bila u pravu&#8221;, prepri\u010dala je.<\/p>\n\n\n\n<h3 class=\"wp-block-heading\">Cjelo\u017eivotno u\u010denje<\/h3>\n\n\n\n<p>Samantha je jedna od onih osoba koje njeguju cjelo\u017eivotno u\u010denje pa je za \u017eivota promijenila i karijeru. U John Deeru je po\u010dela kao informati\u010darka i taj isti posao kasnije je radila u dr\u017eavnom sektoru. Nakon te\u0161ke ozljede koljena, po\u010dela je studirati medicinu te ju je nakon zavr\u0161enog \u0161kolovanja prijatelj preporu\u010dio staroj kompaniji, ali sada kao medicinsku sestru. Naposljetku je u John Deeru postala lije\u010dnica koja brine o ozljedama radnika. &nbsp;&nbsp;<\/p>\n\n\n\n<h3 class=\"wp-block-heading\">Hvali na\u0161e prirodne ljepote<\/h3>\n\n\n\n<p>Uz na\u0161u sugovornicu, Hrvatsku je posjetilo jo\u0161 troje njenih bra\u0107e i sestara &#8211; njezina najmla\u0111a sestra <strong>Ann<\/strong>, te bra\u0107a <strong>David i Nick<\/strong>. &#8220;Hrvatska je predivna zemlja, posjetila sam i Zagreb, i obalu i Gorski kotar. Voljela bih se barem jo\u0161 jednom vratiti u domovinu mog djeda. Djed, porijeklom iz sredi\u0161nje Dalmacije, u Sjedinjenim Dr\u017eavama je radio na \u017eeljeznici, a nakon umirovljenja imao je pivnicu prije no \u0161to ju je imao moj otac&#8221;, ispri\u010dala je 60-godi\u0161nja lije\u010dnica.<\/p>\n\n\n\n<p>Hrvatsko porijeklo osim <strong>Samanthe<\/strong> imaju bra\u0107a <strong>Nick i Dan, polubra\u0107a po ocu Tracy i David, te sestra Ann<\/strong>. <strong>Dan<\/strong> je smrtno stradao u prometnoj nesre\u0107i na svoj 19. ro\u0111endan. Valja re\u0107i da je njezina obitelj doista velika, jer je njezina majka u prija\u0161njem braku tako\u0111er dobila \u010detvero djece, Samanthine polusestre <strong>Sandy, Susie i Pat <\/strong>(kod koje je \u017eivjela), te polubrata <strong>Marka<\/strong>. Pat i Mark tako\u0111er su umrli. <\/p>\n\n\n\n<p>Samantha danas \u017eivi sama, izgleda vrlo vitalno, puna je \u017eivota, i iako naporno radi, \u010dak i vikendima, uvijek na\u0111e vremena za svoje konje i prije svega, za svog \u0161ogora Marshalla.<\/p>\n<div id=\"mojev-1292797371\" class=\"mojev-kraj-teksta mojev-entity-placement\" style=\"margin-bottom: 20px;margin-left: auto;margin-right: auto;text-align: center;\"><div class=\"mojev-adlabel\">oglas<\/div><div style=\"height: 250px;\"><script async src=\"https:\/\/pagead2.googlesyndication.com\/pagead\/js\/adsbygoogle.js?client=ca-pub-8106111766207173\"\r\n     crossorigin=\"anonymous\"><\/script>\r\n<!-- Display-1 -->\r\n<ins class=\"adsbygoogle\"\r\n     style=\"display:block\"\r\n     data-ad-client=\"ca-pub-8106111766207173\"\r\n     data-ad-slot=\"1465712950\"\r\n     data-ad-format=\"auto\"\r\n     data-full-width-responsive=\"true\"><\/ins>\r\n<script>\r\n     (adsbygoogle = window.adsbygoogle || []).push({});\r\n<\/script><\/div><\/div>","protected":false},"excerpt":{"rendered":"<p>Samantha Zubak (60), ameri\u010dka lije\u010dnica s hrvatskim korijenima, \u017eivi posve neobi\u010dnu i toplu ljudsku pri\u010du. Naime, najranije djetinjstvo provela je sa starijom sestrom Pat i njenim suprugom Marshallom koji su joj bili kao roditelji. Zato se danas zahvalno i s ljubavlju brine o \u0161ogoru koji je obolio od Alzheimerove bolesti. <\/p>\n","protected":false},"author":15,"featured_media":83063,"comment_status":"closed","ping_status":"closed","sticky":false,"template":"","format":"standard","meta":{"footnotes":""},"categories":[2],"tags":[138,198,3437,1035],"class_list":["post-82999","post","type-post","status-publish","format-standard","has-post-thumbnail","hentry","category-mozaik","tag-alzheimerova-bolest","tag-obitelj","tag-obiteljski-odnosi","tag-sjedinjene-drzave"],"_links":{"self":[{"href":"https:\/\/www.mojevrijeme.hr\/magazin\/wp-json\/wp\/v2\/posts\/82999","targetHints":{"allow":["GET"]}}],"collection":[{"href":"https:\/\/www.mojevrijeme.hr\/magazin\/wp-json\/wp\/v2\/posts"}],"about":[{"href":"https:\/\/www.mojevrijeme.hr\/magazin\/wp-json\/wp\/v2\/types\/post"}],"author":[{"embeddable":true,"href":"https:\/\/www.mojevrijeme.hr\/magazin\/wp-json\/wp\/v2\/users\/15"}],"replies":[{"embeddable":true,"href":"https:\/\/www.mojevrijeme.hr\/magazin\/wp-json\/wp\/v2\/comments?post=82999"}],"version-history":[{"count":0,"href":"https:\/\/www.mojevrijeme.hr\/magazin\/wp-json\/wp\/v2\/posts\/82999\/revisions"}],"wp:featuredmedia":[{"embeddable":true,"href":"https:\/\/www.mojevrijeme.hr\/magazin\/wp-json\/wp\/v2\/media\/83063"}],"wp:attachment":[{"href":"https:\/\/www.mojevrijeme.hr\/magazin\/wp-json\/wp\/v2\/media?parent=82999"}],"wp:term":[{"taxonomy":"category","embeddable":true,"href":"https:\/\/www.mojevrijeme.hr\/magazin\/wp-json\/wp\/v2\/categories?post=82999"},{"taxonomy":"post_tag","embeddable":true,"href":"https:\/\/www.mojevrijeme.hr\/magazin\/wp-json\/wp\/v2\/tags?post=82999"}],"curies":[{"name":"wp","href":"https:\/\/api.w.org\/{rel}","templated":true}]}}