{"id":83097,"date":"2023-08-15T10:15:30","date_gmt":"2023-08-15T08:15:30","guid":{"rendered":"https:\/\/www.mojevrijeme.hr\/magazin\/?p=83097"},"modified":"2023-08-15T10:19:16","modified_gmt":"2023-08-15T08:19:16","slug":"gadno-su-je-nasamarili-sestra-je-iskoristila-oca-i-sve-prepisala-na-sebe","status":"publish","type":"post","link":"https:\/\/www.mojevrijeme.hr\/magazin\/2023\/08\/gadno-su-je-nasamarili-sestra-je-iskoristila-oca-i-sve-prepisala-na-sebe\/","title":{"rendered":"Gadno su je nasamarili: &#8216;Sestra je iskoristila oca i sve prepisala na sebe&#8217;"},"content":{"rendered":"\n<p>Da postoje odrasli ljudi koji doista ne pre\u017eu ni pred \u010dim, govori i slu\u010daj na\u0161e \u010ditateljice Marine. Njezina vlastita sestra je, kako tvrdi, oca uspjela nagovoriti da joj prepi\u0161e svu imovinu. Uz to su odredili i \u0161to \u0107e drugoj sestri, odnosno gospo\u0111i Marini, pripasti kao nu\u017eni dio. Taj nu\u017eni dio bilo je ne\u0161to s \u010dime se gramzivoj sestri nije dalo baviti. O svemu tome joj otac ni sestra nikad nisu rekli ni rije\u010di.<\/p>\n\n\n\n<p>&#8220;Moja sestra je prije tatine smrti s njim potpisala do\u017eivotno uzdr\u017eavanje. Najte\u017ee mi pada \u0161to mi to nikad nisu rekli. On to uzdr\u017eavanje nije ni trebao, jer je bio zdrav i ima lijepu mirovinu, a nije ni \u017eivio sam, ve\u0107 s ma\u0107ehom, svojom drugom \u017eenom&#8221;, objasnila je svoju situaciju \u010ditateljica Marina.<\/p>\n\n\n\n<h3 class=\"wp-block-heading\">U ugovori samo kvadrature<\/h3>\n\n\n\n<p>Kako ka\u017ee, ni ma\u0107eha nije znala \u0161to joj se doga\u0111a iza le\u0111a, a s ocem je \u017eivjela punih 17 godina.<\/p><div id=\"mojev-2138945267\" class=\"mojev-u-tekstu mojev-entity-placement\" style=\"margin-left: auto;margin-right: auto;text-align: center;\"><div class=\"mojev-adlabel\">oglas<\/div><div style=\"height: 250px;\"><script async src=\"https:\/\/pagead2.googlesyndication.com\/pagead\/js\/adsbygoogle.js?client=ca-pub-8106111766207173\"\r\n     crossorigin=\"anonymous\"><\/script>\r\n<!-- Prikazni 1 u tekstu -->\r\n<ins class=\"adsbygoogle\"\r\n     style=\"display:block\"\r\n     data-ad-client=\"ca-pub-8106111766207173\"\r\n     data-ad-slot=\"8535551207\"\r\n     data-ad-format=\"auto\"\r\n     data-full-width-responsive=\"true\"><\/ins>\r\n<script>\r\n     (adsbygoogle = window.adsbygoogle || []).push({});\r\n<\/script><\/div><\/div><br style=\"clear: both; display: block; float: none;\"\/>\n\n\n\n<p>&#8220;Skrbni\u0161tvo, odnosno imovina na moju sestru, potpisani su \u0161est godina prije njegove smrti. U ugovoru pi\u0161e da se ma\u0107eha dugi niz godina brinula o ocu, ali nije dobila ni\u0161ta, no smjela ostati \u017eivjeti u ku\u0107i do smrti <strong>samo ako <\/strong>se moja sestra s tim sla\u017ee. Nije joj igrom slu\u010daja ni\u0161ta ni trebalo, jer je umrla svega 17 dana nakon oca. Sve ostalo \u0161to stoji u ugovoru, bili su kvadrati ku\u0107e, vinogradi, ledine koje u potpunosti naslje\u0111uje moja sestra&#8221;, napominje. Sve, tvrdi, glasi na sestru, osim nu\u017enog dijela.<\/p>\n\n\n\n<h3 class=\"wp-block-heading\">Oboljela od stresa<\/h3>\n\n\n\n<p>&#8220;Meni ostavljaju mali vinograd na nepristupa\u010dnom terenu i daleko u \u0161umi. Jasno je da je to sve napravljeno i sastavljeno radi materijalne dobiti. Ne znam \u0161to u\u010diniti, pro\u0161li su mjeseci i mjeseci. Ja sam no\u0107ima plakala zbog te sestrine izdaje i pohlepe, od stresa sam te\u0161ko oboljela&#8221;, povjerila nam je gospo\u0111a Marina.<\/p>\n\n\n\n<p>Dobila je, otkriva nam, dijabetes te je na inzulinu. &#8220;To je autoimuna bolest koju sam dobila od stresa. Na sve to se dogodila jo\u0161 jedna tragedija, jer razbolio se sestrin sin koji sada umire od leukemije. Jako mi ga je \u017eao. Pitam se svaki dan gdje je tu pravda&#8221;, otkriva nam na kraju o\u010dajna gospo\u0111a Marina koju tuga ne napu\u0161ta.<\/p>\n\n\n\n<div id=\"crveno\"><\/p>\n\n\n\n<h3 class=\"wp-block-heading\">Zanima nas va\u0161a pri\u010da<\/h3>\n\n\n\n<p>\u017delite li i vi, posve anonimno, podijeliti svoje iskustvo i vi\u0111enje ove teme s nama i na\u0161im \u010ditateljima, mo\u017eete to u\u010diniti putem web obrasca <a rel=\"noreferrer noopener\" href=\"https:\/\/www.mojevrijeme.hr\/magazin\/povjerljivo\/\" target=\"_blank\">Povjerljivo<\/a>. Napi\u0161ite svoju pri\u010du!<\/p>\n\n\n\n<p><\/div>\n<div id=\"mojev-2946956403\" class=\"mojev-kraj-teksta mojev-entity-placement\" style=\"margin-bottom: 20px;margin-left: auto;margin-right: auto;text-align: center;\"><div class=\"mojev-adlabel\">oglas<\/div><div style=\"height: 250px;\"><script async src=\"https:\/\/pagead2.googlesyndication.com\/pagead\/js\/adsbygoogle.js?client=ca-pub-8106111766207173\"\r\n     crossorigin=\"anonymous\"><\/script>\r\n<!-- Display-1 -->\r\n<ins class=\"adsbygoogle\"\r\n     style=\"display:block\"\r\n     data-ad-client=\"ca-pub-8106111766207173\"\r\n     data-ad-slot=\"1465712950\"\r\n     data-ad-format=\"auto\"\r\n     data-full-width-responsive=\"true\"><\/ins>\r\n<script>\r\n     (adsbygoogle = window.adsbygoogle || []).push({});\r\n<\/script><\/div><\/div>","protected":false},"excerpt":{"rendered":"<p>Postoje djeca kojoj su va\u017eni samo roditelji, i postoje djeca kojima je va\u017ena samo imovina. Kad roditelji do\u0111u u pozne godine, djeca su im najpotrebnija, a upravo tada isplivaju slu\u010dajevi da netko od djece nanju\u0161i \u0161to bi mogao naslijedi i samo ih jo\u0161 to zanima. <\/p>\n","protected":false},"author":17,"featured_media":83121,"comment_status":"closed","ping_status":"closed","sticky":false,"template":"","format":"standard","meta":{"footnotes":""},"categories":[3552],"tags":[683,2432,3437],"class_list":["post-83097","post","type-post","status-publish","format-standard","has-post-thumbnail","hentry","category-povjerljivo","tag-dozivotno-uzdrzavanje","tag-nasljedstvo","tag-obiteljski-odnosi"],"_links":{"self":[{"href":"https:\/\/www.mojevrijeme.hr\/magazin\/wp-json\/wp\/v2\/posts\/83097","targetHints":{"allow":["GET"]}}],"collection":[{"href":"https:\/\/www.mojevrijeme.hr\/magazin\/wp-json\/wp\/v2\/posts"}],"about":[{"href":"https:\/\/www.mojevrijeme.hr\/magazin\/wp-json\/wp\/v2\/types\/post"}],"author":[{"embeddable":true,"href":"https:\/\/www.mojevrijeme.hr\/magazin\/wp-json\/wp\/v2\/users\/17"}],"replies":[{"embeddable":true,"href":"https:\/\/www.mojevrijeme.hr\/magazin\/wp-json\/wp\/v2\/comments?post=83097"}],"version-history":[{"count":0,"href":"https:\/\/www.mojevrijeme.hr\/magazin\/wp-json\/wp\/v2\/posts\/83097\/revisions"}],"wp:featuredmedia":[{"embeddable":true,"href":"https:\/\/www.mojevrijeme.hr\/magazin\/wp-json\/wp\/v2\/media\/83121"}],"wp:attachment":[{"href":"https:\/\/www.mojevrijeme.hr\/magazin\/wp-json\/wp\/v2\/media?parent=83097"}],"wp:term":[{"taxonomy":"category","embeddable":true,"href":"https:\/\/www.mojevrijeme.hr\/magazin\/wp-json\/wp\/v2\/categories?post=83097"},{"taxonomy":"post_tag","embeddable":true,"href":"https:\/\/www.mojevrijeme.hr\/magazin\/wp-json\/wp\/v2\/tags?post=83097"}],"curies":[{"name":"wp","href":"https:\/\/api.w.org\/{rel}","templated":true}]}}