{"id":832,"date":"2014-09-24T18:25:30","date_gmt":"2014-09-24T16:25:30","guid":{"rendered":"http:\/\/mojevrijeme.hr\/magazin\/?p=832"},"modified":"2014-10-04T19:07:02","modified_gmt":"2014-10-04T17:07:02","slug":"sef-koji-radnicima-ne-broji-slobodne-dane","status":"publish","type":"post","link":"https:\/\/www.mojevrijeme.hr\/magazin\/2014\/09\/sef-koji-radnicima-ne-broji-slobodne-dane\/","title":{"rendered":"\u0160ef koji radnicima ne broji slobodne dane"},"content":{"rendered":"<p>Milijarder <strong>Richard Branson<\/strong> najvjerojatnije je najbolji \u0161ef na svijetu. Naime, osniva\u010d Virgin Grupe smatra kako bi zaposlenicima\u00a0trebalo biti omogu\u0107eno da uzmu onoliko slobodnog vremena koliko \u017eele \u2013 bez postavljanja suvi\u0161nih pitanja, prenosi portal <a title=\"ABC News\" href=\"http:\/\/abcnews.go.com\/Technology\/richard-branson-lets-virgin-employees-unlimited-vacation\/story?id=25696231\" target=\"_blank\">ABC News<\/a>. &#8220;Na zaposlenicima je da sami odlu\u010de kada \u017eele nekoliko slobodnih sati, cijeli dan, tjedan ili mjesec&#8221;, ka\u017ee Branson u svojoj novoj knjizi &#8220;Virginov na\u010din: Sve \u0161to sam nau\u010dio o vo\u0111enju tvrtke&#8221;.<\/p>\n<p>U Virginove urede u Sjedinjenim dr\u017eavama i Velikoj Britaniji uveo je tzv. <em>non-policy<\/em> i ako sve bude u redu, planira potaknuti ostale podru\u017enice da prestanu brojati slobodne dane zaposlenika. Pravilo <em>non-policy<\/em>\u00a0funkcionira pod pretpostavkom da \u0107e zaposlenici uzeti slobodno vrijeme samo onda kad su sigurni da njihova odsutnost ne\u0107e na\u0161tetiti kompaniji, timu ili njihovoj karijeri, ka\u017ee Branson. Na ovakvu je ideju do\u0161ao kad mu je k\u0107i pokazala novinski \u010dlanak koji govori o tome kako Netflix ne mjeri svojim zaposlenicima vrijeme koje provedu na godi\u0161njem odmoru.<\/p>\n<div id=\"attachment_844\" style=\"width: 646px\" class=\"wp-caption alignnone\"><img loading=\"lazy\" decoding=\"async\" aria-describedby=\"caption-attachment-844\" class=\"size-medium wp-image-844\" src=\"http:\/\/mojevrijeme.hr\/magazin\/wp-content\/uploads\/2014\/09\/richard_branson-636x352.jpg\" alt=\"Richard Branson (foto: BigStock)\" width=\"636\" height=\"352\" srcset=\"https:\/\/www.mojevrijeme.hr\/magazin\/wp-content\/uploads\/2014\/09\/richard_branson-636x352.jpg 636w, https:\/\/www.mojevrijeme.hr\/magazin\/wp-content\/uploads\/2014\/09\/richard_branson.jpg 740w\" sizes=\"auto, (max-width: 636px) 100vw, 636px\" \/><p id=\"caption-attachment-844\" class=\"wp-caption-text\">Richard Branson (foto: BigStock)<\/p><\/div>\n<p>&#8220;Imam prijatelje koji su u svojim tvrtkama napravili istu stvar \u0161to je dovelo do op\u0107enito boljeg stanja u radnoj organizaciji: pove\u0107ao se moral, kreativnost i produktivnost&#8221;, prisje\u0107a se Branson k\u0107erinih rije\u010di. S neograni\u010denim godi\u0161njim odmorima, Bransonovi zaposlenici \u0107e imati vremena upu\u0161tati se u avanture poput svog vo\u0111e, kao na primjer letjeti balonom preko oceana, odmarati na privatnom otoku ili planirati put u svemir \u2013 ako to \u017eele.<\/p><div id=\"mojev-2486768564\" class=\"mojev-u-tekstu mojev-entity-placement\" style=\"margin-left: auto;margin-right: auto;text-align: center;\"><div class=\"mojev-adlabel\">oglas<\/div><div style=\"height: 250px;\"><script async src=\"https:\/\/pagead2.googlesyndication.com\/pagead\/js\/adsbygoogle.js?client=ca-pub-8106111766207173\"\r\n     crossorigin=\"anonymous\"><\/script>\r\n<!-- Prikazni 1 u tekstu -->\r\n<ins class=\"adsbygoogle\"\r\n     style=\"display:block\"\r\n     data-ad-client=\"ca-pub-8106111766207173\"\r\n     data-ad-slot=\"8535551207\"\r\n     data-ad-format=\"auto\"\r\n     data-full-width-responsive=\"true\"><\/ins>\r\n<script>\r\n     (adsbygoogle = window.adsbygoogle || []).push({});\r\n<\/script><\/div><\/div><br style=\"clear: both; display: block; float: none;\"\/>\n<p>Branson ina\u010de nije prvi milijarder koji se zala\u017ee za fleksibilnije radno vrijeme. Suosniva\u010d Googla,<strong> Larry Page<\/strong>, rekao je da misli kako ljudi ne bi trebali tako naporno raditi. &#8220;Ako razmislite o stvarima koje su vam potrebne da biste bili sretni \u2013 ku\u0107a, sigurnost, \u0161ansa za va\u0161e dijete \u2013 to i nije ba\u0161 tako te\u0161ko osigurati. Ideja da svi trebaju gr\u010devito zapeti i raditi da ostvare svoje potrebe, nije posve to\u010dna&#8221;, ka\u017ee Page i dodaje kako bismo trebali \u017eivjeti u &#8220;svijetu obilja&#8221; u kojem roboti i ma\u0161ine obavljaju ve\u0107inu posla. Tako\u0111er, u produktivnijem dru\u0161tvu ljudi bi bili sretniji i mogli\u00a0vi\u0161e vremena posvetiti obitelji ili svojim privatnim interesima, zaklju\u010duje Page.<\/p>\n<div id=\"mojev-427041679\" class=\"mojev-kraj-teksta mojev-entity-placement\" style=\"margin-bottom: 20px;margin-left: auto;margin-right: auto;text-align: center;\"><div class=\"mojev-adlabel\">oglas<\/div><div style=\"height: 250px;\"><script async src=\"https:\/\/pagead2.googlesyndication.com\/pagead\/js\/adsbygoogle.js?client=ca-pub-8106111766207173\"\r\n     crossorigin=\"anonymous\"><\/script>\r\n<!-- Display-1 -->\r\n<ins class=\"adsbygoogle\"\r\n     style=\"display:block\"\r\n     data-ad-client=\"ca-pub-8106111766207173\"\r\n     data-ad-slot=\"1465712950\"\r\n     data-ad-format=\"auto\"\r\n     data-full-width-responsive=\"true\"><\/ins>\r\n<script>\r\n     (adsbygoogle = window.adsbygoogle || []).push({});\r\n<\/script><\/div><\/div>","protected":false},"excerpt":{"rendered":"<p>Svi zaposlenici bi trebali uzeti onoliko godi\u0161njeg odmora koliko im je potrebno, smatra milijarder Richard Branson. Takvu politiku namjerava uvesti u sve svoje kompanije \u0161to \u0107e ga vjerojatno u\u010diniti najpo\u017eeljijim poslodavcem na svijetu.<\/p>\n","protected":false},"author":1,"featured_media":845,"comment_status":"closed","ping_status":"open","sticky":false,"template":"","format":"standard","meta":{"footnotes":""},"categories":[2],"tags":[62,98],"class_list":["post-832","post","type-post","status-publish","format-standard","has-post-thumbnail","hentry","category-mozaik","tag-godisnji-odmor","tag-karijera"],"_links":{"self":[{"href":"https:\/\/www.mojevrijeme.hr\/magazin\/wp-json\/wp\/v2\/posts\/832","targetHints":{"allow":["GET"]}}],"collection":[{"href":"https:\/\/www.mojevrijeme.hr\/magazin\/wp-json\/wp\/v2\/posts"}],"about":[{"href":"https:\/\/www.mojevrijeme.hr\/magazin\/wp-json\/wp\/v2\/types\/post"}],"author":[{"embeddable":true,"href":"https:\/\/www.mojevrijeme.hr\/magazin\/wp-json\/wp\/v2\/users\/1"}],"replies":[{"embeddable":true,"href":"https:\/\/www.mojevrijeme.hr\/magazin\/wp-json\/wp\/v2\/comments?post=832"}],"version-history":[{"count":0,"href":"https:\/\/www.mojevrijeme.hr\/magazin\/wp-json\/wp\/v2\/posts\/832\/revisions"}],"wp:featuredmedia":[{"embeddable":true,"href":"https:\/\/www.mojevrijeme.hr\/magazin\/wp-json\/wp\/v2\/media\/845"}],"wp:attachment":[{"href":"https:\/\/www.mojevrijeme.hr\/magazin\/wp-json\/wp\/v2\/media?parent=832"}],"wp:term":[{"taxonomy":"category","embeddable":true,"href":"https:\/\/www.mojevrijeme.hr\/magazin\/wp-json\/wp\/v2\/categories?post=832"},{"taxonomy":"post_tag","embeddable":true,"href":"https:\/\/www.mojevrijeme.hr\/magazin\/wp-json\/wp\/v2\/tags?post=832"}],"curies":[{"name":"wp","href":"https:\/\/api.w.org\/{rel}","templated":true}]}}