{"id":83209,"date":"2023-08-20T16:12:35","date_gmt":"2023-08-20T14:12:35","guid":{"rendered":"https:\/\/www.mojevrijeme.hr\/magazin\/?p=83209"},"modified":"2023-08-20T16:12:38","modified_gmt":"2023-08-20T14:12:38","slug":"u-penziji-sam-se-vukla-na-posao-dok-sam-mogla-e-sad-sam-gotova","status":"publish","type":"post","link":"https:\/\/www.mojevrijeme.hr\/magazin\/2023\/08\/u-penziji-sam-se-vukla-na-posao-dok-sam-mogla-e-sad-sam-gotova\/","title":{"rendered":"&#8216;U penziji sam se vukla na posao dok sam mogla, e sad sam gotova&#8217;"},"content":{"rendered":"\n<p>Stalni poslovi u to se vrijeme nisu nudili na sve strane, osobito u manjim mjestima, pa su mnogi prijevremenu vidjeli kao spas. Ba\u0161 poput na\u0161e \u010ditateljice <strong>Julijane<\/strong>, mnogi nisu slutili da od takve mirovine ne\u0107e mo\u0107i \u017eivjeti te su, kako se prethodno izrazila jedna na\u0161a \u010ditateljica, radili \u201dna crno, sivo i bijelo\u201d.<\/p>\n\n\n\n<p>&#8220;Kao i mnogi drugi koji su oti\u0161li u prijevremenu mirovinu iz ve\u0107 svima poznatih razloga &#8211; privatizacija i propast firmi &#8211; i sama sam sa 30 godina sta\u017ea i 51 godinu starosti 2000. godine oti\u0161la u prijevremenu mirovinu. Odmah me zahvatio novi zakon od 1. sije\u010dnja 1999. i umanjena mi je mirovina \u010dak 18 posto -iznosila je bijednih 1.250 kuna odnosno 170 eura&#8221;, povjerila nam je gospo\u0111a Julijana.<\/p>\n\n\n\n<h3 class=\"wp-block-heading\">Udovica u godini umirovljenja<\/h3>\n\n\n\n<p>Toliko umanjenu penziju prima i danas, kad je davno napunila godine za punu starosnu mirovinu, i to smatra nepravdom. &#8220;Sada imam 74 godine. A mirovina jednako penalizirana, i tako ve\u0107 vi\u0161e od 20 godina. S mirovinom nikako nisam mogla pre\u017eivjeti jer mi je suprug umro rano, ba\u0161 u godini mog umirovljenja. Shvatila sam da moram raditi i prihva\u0107ala sam \u0161to god mi se pru\u017eilo. Kad su s godinama do\u0161le razne bolesti, one mi vi\u0161e nisu dopu\u0161tale da i\u0161ta radim. Sada dijelim od jedne do druge mirovine kako bi sve podmirila&#8221;, govori nam gospo\u0111a Julijana.<\/p><div id=\"mojev-1982928176\" class=\"mojev-u-tekstu mojev-entity-placement\" style=\"margin-left: auto;margin-right: auto;text-align: center;\"><div class=\"mojev-adlabel\">oglas<\/div><div style=\"height: 250px;\"><script async src=\"https:\/\/pagead2.googlesyndication.com\/pagead\/js\/adsbygoogle.js?client=ca-pub-8106111766207173\"\r\n     crossorigin=\"anonymous\"><\/script>\r\n<!-- Prikazni 1 u tekstu -->\r\n<ins class=\"adsbygoogle\"\r\n     style=\"display:block\"\r\n     data-ad-client=\"ca-pub-8106111766207173\"\r\n     data-ad-slot=\"8535551207\"\r\n     data-ad-format=\"auto\"\r\n     data-full-width-responsive=\"true\"><\/ins>\r\n<script>\r\n     (adsbygoogle = window.adsbygoogle || []).push({});\r\n<\/script><\/div><\/div><br style=\"clear: both; display: block; float: none;\"\/>\n\n\n\n<p>Kako ka\u017ee, razmotrila je mogu\u0107nost uzeti i suprugovu mirovinu, ali joj se ta opcija nije isplatila. &#8220;Sa svim uskla\u0111ivanjima i dodacima sada mi je mirovina narasla na nekih 400 eura. Trajno umanjenje dovelo me do toga da \u017eivim bijedno, jer kad podmirim re\u017eije i lijekove koje moram platiti, ni sama ne znam kako izlazim na kraj. Valjda trebam umrijeti pa mi se ne\u0107e morati ni\u0161ta vra\u0107ati za tolike godine&#8221;, rekla je nezadovoljna umirovljenica Julijana.<\/p>\n\n\n\n<h3 class=\"wp-block-heading\">\u017deljka: Kada \u0107ete nam vratiti zara\u0111eno?<\/h3>\n\n\n\n<p>I umirovljenica \u017deljka nam pi\u0161e: &#8220;Morala sam i\u0107i u prijevremenu mirovinu i penalizaciijom mi se trajno oduzima zara\u0111eno. Ne znam kada \u0107e nam to vratiti. Imam dvoje djece i bilo bi lijepo da se i meni, koja sam se umirovila prije 2019. doda godina sta\u017ea i to obra\u010duna. Ovako mi je mirovina za puko pre\u017eivljavanje. Neka netko ne misli da sam u penziju oti\u0161la svojom voljom, moj poslodavac je tako naredio i \u0161to je najstra\u0161nije, penalizacija je ogromna, a zapravo su mi nedostajale samo dvije godine do starosne mirovine! Evo, jednu bi ve\u0107 dobila da mi se prizna sta\u017e na djecu&#8221;, pi\u0161e nam uzrujana gospo\u0111a \u017deljka.<\/p>\n\n\n\n<h3 class=\"wp-block-heading\">Smiljka (63): Bolesna se ne mogu vu\u0107i na posao<\/h3>\n\n\n\n<p>Gospo\u0111a Smiljka povjerila nam je gotovo identi\u010dnu pri\u010du. &#8220;Tvornica je propala, na\u0161la sam se na burzi i poput mnogih kolegica, prihvatila sam prijevremenu mirovinu. Nismo mi ni znale \u0161to nas \u010deka, koliko \u0107emo biti ka\u017enjene, do\u017eivotno. Tada smo znale da \u0107e mirovina biti ne\u0161to malo manja, ali tko si je mislio da \u0107e nas dr\u017eava dovesti na ovako niske grane, da od svoje mirovine ne\u0107emo mo\u0107i \u017eivjeti. Jer ja doista ne mogu.&#8221;<\/p>\n\n\n\n<p>&#8220;Vukla sam se raditi \u0161to god je do\u0161lo pod ruku sve dok sam se mogla vu\u0107i, ali sada se s ovim uko\u010denim zglobovima, visokim tlakom i na\u010detom \u0161titnja\u010dom, vi\u0161e ne mogu ni vu\u0107i. E, sad sam gotova. Sad mi ostane za kruh i mlijeko, ali ne daj Bo\u017ee da se ne\u0161to u stanu pokvari bez \u010dega ne mogu, to bi me dokraj\u010dilo. U\u0161tedila sam si za zadnji dan, to ne\u0107u dirati ni da sam gladna, jer nemam mu\u017ea, a k\u0107i me, ja dobro vidim, ni sama nema s \u010dim podr\u017eati&#8221;s, pi\u0161e nam umirovljenica Smiljka.<\/p>\n\n\n\n<div id=\"crveno\"><\/p>\n\n\n\n<h3 class=\"wp-block-heading\">Zanima nas va\u0161a pri\u010da<\/h3>\n\n\n\n<p>\u017delite li i vi, posve anonimno, podijeliti svoje iskustvo i vi\u0111enje ove teme s nama i na\u0161im \u010ditateljima, mo\u017eete to u\u010diniti putem web obrasca <a rel=\"noreferrer noopener\" href=\"https:\/\/www.mojevrijeme.hr\/magazin\/povjerljivo\/\" target=\"_blank\">Povjerljivo<\/a>. Napi\u0161ite svoju pri\u010du!<\/p>\n\n\n\n<p><\/div>\n<div id=\"mojev-3024567129\" class=\"mojev-kraj-teksta mojev-entity-placement\" style=\"margin-bottom: 20px;margin-left: auto;margin-right: auto;text-align: center;\"><div class=\"mojev-adlabel\">oglas<\/div><div style=\"height: 250px;\"><script async src=\"https:\/\/pagead2.googlesyndication.com\/pagead\/js\/adsbygoogle.js?client=ca-pub-8106111766207173\"\r\n     crossorigin=\"anonymous\"><\/script>\r\n<!-- Display-1 -->\r\n<ins class=\"adsbygoogle\"\r\n     style=\"display:block\"\r\n     data-ad-client=\"ca-pub-8106111766207173\"\r\n     data-ad-slot=\"1465712950\"\r\n     data-ad-format=\"auto\"\r\n     data-full-width-responsive=\"true\"><\/ins>\r\n<script>\r\n     (adsbygoogle = window.adsbygoogle || []).push({});\r\n<\/script><\/div><\/div>","protected":false},"excerpt":{"rendered":"<p>Privatizacija i propast firmi tijekom vi\u0161e od desetlje\u0107a u prijevremenu su otjerali velik broj ljudi koji su jo\u0161 bili u sna\u017enim godinama za rad. Jo\u0161 krajem 90-ih je, naime, jedini uvjet za umirovljenje bila starost pa su se \u017eene prije vremena mogle umiroviti sa 50, a mu\u0161karci s 55 godina. Mnogi koji su se u to vrijeme na\u0161li na burzi, odlu\u010dili su se za tu opciju, ali je hladan tu\u0161 stigao u obliku (pre)male mirovine koja ih do\u017eivotno prati.<\/p>\n","protected":false},"author":17,"featured_media":83544,"comment_status":"closed","ping_status":"closed","sticky":false,"template":"","format":"standard","meta":{"footnotes":""},"categories":[3552],"tags":[3000,237,236],"class_list":["post-83209","post","type-post","status-publish","format-standard","has-post-thumbnail","hentry","category-povjerljivo","tag-prijevremena-mirovina","tag-siromastvo","tag-standard"],"_links":{"self":[{"href":"https:\/\/www.mojevrijeme.hr\/magazin\/wp-json\/wp\/v2\/posts\/83209","targetHints":{"allow":["GET"]}}],"collection":[{"href":"https:\/\/www.mojevrijeme.hr\/magazin\/wp-json\/wp\/v2\/posts"}],"about":[{"href":"https:\/\/www.mojevrijeme.hr\/magazin\/wp-json\/wp\/v2\/types\/post"}],"author":[{"embeddable":true,"href":"https:\/\/www.mojevrijeme.hr\/magazin\/wp-json\/wp\/v2\/users\/17"}],"replies":[{"embeddable":true,"href":"https:\/\/www.mojevrijeme.hr\/magazin\/wp-json\/wp\/v2\/comments?post=83209"}],"version-history":[{"count":0,"href":"https:\/\/www.mojevrijeme.hr\/magazin\/wp-json\/wp\/v2\/posts\/83209\/revisions"}],"wp:featuredmedia":[{"embeddable":true,"href":"https:\/\/www.mojevrijeme.hr\/magazin\/wp-json\/wp\/v2\/media\/83544"}],"wp:attachment":[{"href":"https:\/\/www.mojevrijeme.hr\/magazin\/wp-json\/wp\/v2\/media?parent=83209"}],"wp:term":[{"taxonomy":"category","embeddable":true,"href":"https:\/\/www.mojevrijeme.hr\/magazin\/wp-json\/wp\/v2\/categories?post=83209"},{"taxonomy":"post_tag","embeddable":true,"href":"https:\/\/www.mojevrijeme.hr\/magazin\/wp-json\/wp\/v2\/tags?post=83209"}],"curies":[{"name":"wp","href":"https:\/\/api.w.org\/{rel}","templated":true}]}}