{"id":83226,"date":"2023-08-17T10:53:29","date_gmt":"2023-08-17T08:53:29","guid":{"rendered":"https:\/\/www.mojevrijeme.hr\/magazin\/?p=83226"},"modified":"2023-08-17T10:53:32","modified_gmt":"2023-08-17T08:53:32","slug":"nevena-74-umrla-mi-je-najbolja-prijateljica-nikad-mi-teze-nije-bilo","status":"publish","type":"post","link":"https:\/\/www.mojevrijeme.hr\/magazin\/2023\/08\/nevena-74-umrla-mi-je-najbolja-prijateljica-nikad-mi-teze-nije-bilo\/","title":{"rendered":"Nevena (74): &#8216;Umrla mi je najbolja prijateljica, nikad mi te\u017ee nije bilo&#8217;"},"content":{"rendered":"\n<p>Prijateljica joj je, ispri\u010dala nam je gospo\u0111a Nevena, oti\u0161la naglo, bez naznaka da bi se ne\u0161to tako stra\u0161no moglo dogoditi. &#8220;Samo se sru\u0161ila, le\u017eala je tako na podu cijeli dan, dok joj k\u0107i nije do\u0161la s posla. Ne mogu pre\u017ealiti \u0161to to jutro nisam oti\u0161la kod nje, kao \u0161to \u010desto znam skoknuti na kavu. Ba\u0161 sam se bila zadr\u017eala u stakleniku i pobrala zrele raj\u010dice i papriku, pa ih spremila u \u0161krinju i ve\u0107 je do\u0161lo vrijeme da moram kuhati ru\u010dak&#8221;, zapo\u010dela je svoju pri\u010du o prijateljstvu koje je prekinula smrt.<\/p>\n\n\n\n<p>Lenka je, otkriva nam, imala 73 godine kad je umrla. &#8220;Bila je godinu dana mla\u0111a od mene. Upoznale smo se jo\u0161 kad su nam k\u0107eri bile male. Dru\u017eile smo se tako pola stolje\u0107a. Uvijek sam joj bila zahvalna jer sam se ja udala u mjesto u kojem je ona \u017eivjela od ro\u0111enja i bila je prva osoba koja mi je pru\u017eila istinsku ruku pomo\u0107i i prijateljstva&#8221;, pri\u010da nadalje.<\/p>\n\n\n\n<h3 class=\"wp-block-heading\">Vi\u0111ale se i triput dnevno<\/h3>\n\n\n\n<p>Prijateljice su \u017eivjele oko 500 metara jedna od druge, za njihovo ra\u0161trkano selo je to, ka\u017ee gospo\u0111a Nevena, sasvim blizu. &#8220;Meni nije bilo ni\u0161ta, osobito kad smo bile mla\u0111e, otr\u010dati kod nje i po tri put dnevno, a tako je i ona dolazila na vrata, ako treba, po \u0161nitu kruha. Razmjenjivale smo sjemenje, vi\u0161ak uroda, zajedno kuhale zimnicu, za Bo\u017ei\u0107 pekle kola\u010de. Mogle smo si pokucati u bilo koje doba dana i no\u0107i. \u010cak su nam i mu\u017eevi znali prigovarati, da nismo normalne koliko glave dr\u017eimo skupa&#8221;, rekla je.<\/p><div id=\"mojev-2686662352\" class=\"mojev-u-tekstu mojev-entity-placement\" style=\"margin-left: auto;margin-right: auto;text-align: center;\"><div class=\"mojev-adlabel\">oglas<\/div><div style=\"height: 250px;\"><script async src=\"https:\/\/pagead2.googlesyndication.com\/pagead\/js\/adsbygoogle.js?client=ca-pub-8106111766207173\"\r\n     crossorigin=\"anonymous\"><\/script>\r\n<!-- Prikazni 1 u tekstu -->\r\n<ins class=\"adsbygoogle\"\r\n     style=\"display:block\"\r\n     data-ad-client=\"ca-pub-8106111766207173\"\r\n     data-ad-slot=\"8535551207\"\r\n     data-ad-format=\"auto\"\r\n     data-full-width-responsive=\"true\"><\/ins>\r\n<script>\r\n     (adsbygoogle = window.adsbygoogle || []).push({});\r\n<\/script><\/div><\/div><br style=\"clear: both; display: block; float: none;\"\/>\n\n\n\n<p>Dru\u017eile su se, ka\u017ee, i njihove obitelji. &#8220;\u010cesto su na\u0161e obitelji i\u0161le zajedno na piknike, kupili bi odojka i dok su klinci bili mali, ljeti smo barem dvaput pekli tu na jednom obli\u017enjem proplanku usred \u0161ume. Zimi smo se posje\u0107ivali, a nas dvije smo \u010desto s k\u0107erima i\u0161le na sanjkanje, ma \u0161to sanjkanje, i\u0161le smo mi i u kupovinu do Trsta. Sje\u0107am se i da je njezina pokojna baka znala gatati iz \u0161alice kave, pa smo kao mlade odlazile i k njoj, tu smo stvarno saznale sve tajne koje smo imale&#8221;, pripovijeda nam gospo\u0111a Nevena.<\/p>\n\n\n\n<h3 class=\"wp-block-heading\">Obje dugo udovice<\/h3>\n\n\n\n<p>Obje su u mirovine bile preko petnaest godina, a udovice su jedna deset, druga sedam godina. &#8220;Bez nje ne bih pre\u017ealila supruga, kojeg nema sad evo, ve\u0107 osma godina. Otkako smo obje same, skrojile smo si \u017eivot po svom. Mirovine nam nisu velike, ali smo si priu\u0161tile odlazak s crkvom u Me\u0111ugorje, prije dvije godine bile smo i u Stubi\u010dkim toplicama. No, najvi\u0161e su nas ipak radovale na\u0161e ve\u010dernje molitve krunice jer u zaseoku imamo kri\u017e koji su postavili mje\u0161tani jo\u0161 prije sto godina, sada ga mi odr\u017eavamo. Znale smo mi ljeti tu moliti svaku ve\u010der. Pratile smo \u0161to se doga\u0111a u na\u0161oj \u017eupi, i\u0161le na svaki kri\u017eni put, na svetkovine, poticale smo se na ispovijed&#8221;, doznajemo od gospo\u0111e Nevene.<\/p>\n\n\n\n<p>Ne zna, ka\u017ee, kako \u0107e se sada uop\u0107e sna\u0107i bez nje, djeca su joj daleko u gradu, a pravu samo\u0107u je spoznala tek sada. &#8220;Potpuno sam izgubljena. Prije se nismo morale danima vidjeti, ali ja sam znala da je Lenka tu i nisam se osje\u0107ala usamljeno. Sada se osje\u0107am k&#8217;o napu\u0161teno pseto, da se tako izrazim. Svaki dan pogledam gore i pitam je za\u0161to me ostavila. Molim se da ju dragi Bog primi k sebi i da prona\u0111e mir&#8221;, rekla je za kraj na\u0161a sugovornica.<\/p>\n\n\n\n<div id=\"crveno\"><\/p>\n\n\n\n<h3 class=\"wp-block-heading\">Zanima nas va\u0161a pri\u010da<\/h3>\n\n\n\n<p>\u017delite li i vi, posve anonimno, podijeliti svoje iskustvo i vi\u0111enje ove teme s nama i na\u0161im \u010ditateljima, mo\u017eete to u\u010diniti putem web obrasca <a rel=\"noreferrer noopener\" href=\"https:\/\/www.mojevrijeme.hr\/magazin\/povjerljivo\/\" target=\"_blank\">Povjerljivo<\/a>. Napi\u0161ite svoju pri\u010du!<\/p>\n\n\n\n<p><\/div>\n<div id=\"mojev-257629433\" class=\"mojev-kraj-teksta mojev-entity-placement\" style=\"margin-bottom: 20px;margin-left: auto;margin-right: auto;text-align: center;\"><div class=\"mojev-adlabel\">oglas<\/div><div style=\"height: 250px;\"><script async src=\"https:\/\/pagead2.googlesyndication.com\/pagead\/js\/adsbygoogle.js?client=ca-pub-8106111766207173\"\r\n     crossorigin=\"anonymous\"><\/script>\r\n<!-- Display-1 -->\r\n<ins class=\"adsbygoogle\"\r\n     style=\"display:block\"\r\n     data-ad-client=\"ca-pub-8106111766207173\"\r\n     data-ad-slot=\"1465712950\"\r\n     data-ad-format=\"auto\"\r\n     data-full-width-responsive=\"true\"><\/ins>\r\n<script>\r\n     (adsbygoogle = window.adsbygoogle || []).push({});\r\n<\/script><\/div><\/div>","protected":false},"excerpt":{"rendered":"<p>Te\u0161ko joj je bilo govoriti, jer su pro\u0161la samo dva tjedna otkako joj je umrla najbolja prijateljica Lenka, ali gospo\u0111a Nevena (74) pristala nam je ispri\u010dati pri\u010du o njihovom prijateljstvu, rekav\u0161i: Neka ostane zabilje\u017eena. Takvo prijateljstvo, nepomu\u0107eno, koje traje pola stolje\u0107a, doista ne do\u017eivi svatko.<\/p>\n","protected":false},"author":17,"featured_media":83315,"comment_status":"closed","ping_status":"closed","sticky":false,"template":"","format":"standard","meta":{"footnotes":""},"categories":[3552],"tags":[562,3312],"class_list":["post-83226","post","type-post","status-publish","format-standard","has-post-thumbnail","hentry","category-povjerljivo","tag-prijateljstvo","tag-udovistvo"],"_links":{"self":[{"href":"https:\/\/www.mojevrijeme.hr\/magazin\/wp-json\/wp\/v2\/posts\/83226","targetHints":{"allow":["GET"]}}],"collection":[{"href":"https:\/\/www.mojevrijeme.hr\/magazin\/wp-json\/wp\/v2\/posts"}],"about":[{"href":"https:\/\/www.mojevrijeme.hr\/magazin\/wp-json\/wp\/v2\/types\/post"}],"author":[{"embeddable":true,"href":"https:\/\/www.mojevrijeme.hr\/magazin\/wp-json\/wp\/v2\/users\/17"}],"replies":[{"embeddable":true,"href":"https:\/\/www.mojevrijeme.hr\/magazin\/wp-json\/wp\/v2\/comments?post=83226"}],"version-history":[{"count":0,"href":"https:\/\/www.mojevrijeme.hr\/magazin\/wp-json\/wp\/v2\/posts\/83226\/revisions"}],"wp:featuredmedia":[{"embeddable":true,"href":"https:\/\/www.mojevrijeme.hr\/magazin\/wp-json\/wp\/v2\/media\/83315"}],"wp:attachment":[{"href":"https:\/\/www.mojevrijeme.hr\/magazin\/wp-json\/wp\/v2\/media?parent=83226"}],"wp:term":[{"taxonomy":"category","embeddable":true,"href":"https:\/\/www.mojevrijeme.hr\/magazin\/wp-json\/wp\/v2\/categories?post=83226"},{"taxonomy":"post_tag","embeddable":true,"href":"https:\/\/www.mojevrijeme.hr\/magazin\/wp-json\/wp\/v2\/tags?post=83226"}],"curies":[{"name":"wp","href":"https:\/\/api.w.org\/{rel}","templated":true}]}}