{"id":83249,"date":"2023-08-16T17:17:30","date_gmt":"2023-08-16T15:17:30","guid":{"rendered":"https:\/\/www.mojevrijeme.hr\/magazin\/?p=83249"},"modified":"2023-08-16T17:17:34","modified_gmt":"2023-08-16T15:17:34","slug":"umirovljenik-kroz-suze-plenkovicu-vidi-kako-zivimo","status":"publish","type":"post","link":"https:\/\/www.mojevrijeme.hr\/magazin\/2023\/08\/umirovljenik-kroz-suze-plenkovicu-vidi-kako-zivimo\/","title":{"rendered":"Umirovljenik kroz suze: Plenkovi\u0107u, vidi kako \u017eivimo!"},"content":{"rendered":"\n<p>Ne \u017eivi, nego pre\u017eivljava. Kada plati re\u017eije, ostane mu tek oko 200 eura mjese\u010dno.\u00a0<strong>Dragan \u0160olaja<\/strong>\u00a0iz Zagreba rekao je <a rel=\"noreferrer noopener\" href=\"https:\/\/danas.hr\/rtl-danas\/ne-zivi-se-nego-prezivljava-i-to-ispod-granice-siromastva-kako-prezivjeti-s-prosjecnom-hrvatskom-mirovinom-55a15d70-3b97-11ee-8591-469a91fd31c6\" target=\"_blank\">RTL-u<\/a> da je cijena kruha bila ispod eura, a sada je dva eura. &#8220;Koliko je oti\u0161lo mlijeko? Sve osnovne namirnice koje kupujem u du\u0107anu oti\u0161le su gore u nebo. Neka vidi ovo Plenkovi\u0107, neka vidi Vlada&#8221;, ka\u017ee kroz suze.<\/p>\n\n\n\n<p>Da Vladine mjere pomo\u0107i nisu dovoljne, upozorava koalicija umirovljeni\u010dkih stranaka. Kako ka\u017eu, sve je to kaskanje za inflacijom. &#8220;Mirovina koju imaju nije dovoljna za pre\u017eivljavanje i oni moraju onako iscrpljeni i poslije radnog vijeka bolesni jo\u0161 raditi da bi mogli pre\u017eivjeti od prvog do prvog&#8221;, kazao je za <a href=\"https:\/\/danas.hr\/rtl-danas\/ne-zivi-se-nego-prezivljava-i-to-ispod-granice-siromastva-kako-prezivjeti-s-prosjecnom-hrvatskom-mirovinom-55a15d70-3b97-11ee-8591-469a91fd31c6\" target=\"_blank\" rel=\"noreferrer noopener\">RTL<\/a>\u00a0<strong>Lazar Gruji\u0107<\/strong>, koordinator politi\u010dke platforme Umirovljenici zajedno.<\/p>\n\n\n\n<p>Prije nego \u0161to posegnu u nov\u010danik, dobro ispitaju koliko \u0161to ko\u0161ta jer je za njih svaki cent bitan. &#8220;Mirovina, jedva \u010dekam da do\u0111e jer je potro\u0161im ve\u0107 prije, skoro pola mjeseca prije. Trebala bi biti malo ve\u0107a&#8221;, poru\u010dio je\u00a0<strong>Brane Buji\u0107<\/strong>\u00a0iz Zagreba. Situaciju s mirovinom komentirala je i\u00a0<strong>Ru\u017ea Liper<\/strong>. &#8220;Nemojte me pitati, jedva kraj s krajem. O\u010dajno, otkad je do\u0161ao euro, to nikad nije bilo tako skupo&#8221;, osvrnula se.<\/p><div id=\"mojev-747887838\" class=\"mojev-u-tekstu mojev-entity-placement\" style=\"margin-left: auto;margin-right: auto;text-align: center;\"><div class=\"mojev-adlabel\">oglas<\/div><div style=\"height: 250px;\"><script async src=\"https:\/\/pagead2.googlesyndication.com\/pagead\/js\/adsbygoogle.js?client=ca-pub-8106111766207173\"\r\n     crossorigin=\"anonymous\"><\/script>\r\n<!-- Prikazni 1 u tekstu -->\r\n<ins class=\"adsbygoogle\"\r\n     style=\"display:block\"\r\n     data-ad-client=\"ca-pub-8106111766207173\"\r\n     data-ad-slot=\"8535551207\"\r\n     data-ad-format=\"auto\"\r\n     data-full-width-responsive=\"true\"><\/ins>\r\n<script>\r\n     (adsbygoogle = window.adsbygoogle || []).push({});\r\n<\/script><\/div><\/div><br style=\"clear: both; display: block; float: none;\"\/>\n\n\n\n<p>I broj starijih koji \u017eive ispod linije siroma\u0161tva sve je ve\u0107i. &#8220;Ne mo\u017eete nikuda iz ove ko\u017ee. To je \u0161to je&#8221;, rekao je\u00a0<strong>Jovan Arbutina<\/strong>\u00a0iz Dugog Sela. &#8220;Te\u0161ko, kao i svi drugi penzioneri. Sna\u0111i se&#8221;, kazao je Zagrep\u010danin\u00a0<strong>Stipe<\/strong>. &#8220;Samo na akciji i to je sudbina ve\u0107ine penzionera&#8221;, komentirala je\u00a0<strong>Kata Me\u010derik<\/strong>\u00a0iz Zagreba.<\/p>\n\n\n\n<p>Prosje\u010dna mirovina iznosi tek oko 400 eura. Koalicija Umirovljenici zajedno tra\u017ee da bude 615. U suprotnom za 1. listopada, Me\u0111unarodni dan starijih osoba, najavljuju prosvjed. &#8220;Na taj dan \u0107emo se okupiti da jasno ka\u017eemo Vladi da nas ima, da smo nezadovoljni i da o\u010dekujemo da ispuni svoje obe\u0107anje&#8221;, rekao je Gruji\u0107.<\/p>\n\n\n\n<p>&#8220;\u0160to se ti\u010de izra\u010duna mirovina, razgovore sa sindikatima po\u010dinjemo raditi tako da \u0107emo sve teme staviti na stol i pravodobno reagirati kao i do sada&#8221;, kazao je potpredsjednik Vlade za gospodarstvo\u00a0<strong>Oleg Butkovi\u0107<\/strong>. Ne bude li tako, ve\u0107 za mjesec i pol slijedi novi prosvjed.<\/p>\n<div id=\"mojev-2638032176\" class=\"mojev-kraj-teksta mojev-entity-placement\" style=\"margin-bottom: 20px;margin-left: auto;margin-right: auto;text-align: center;\"><div class=\"mojev-adlabel\">oglas<\/div><div style=\"height: 250px;\"><script async src=\"https:\/\/pagead2.googlesyndication.com\/pagead\/js\/adsbygoogle.js?client=ca-pub-8106111766207173\"\r\n     crossorigin=\"anonymous\"><\/script>\r\n<!-- Display-1 -->\r\n<ins class=\"adsbygoogle\"\r\n     style=\"display:block\"\r\n     data-ad-client=\"ca-pub-8106111766207173\"\r\n     data-ad-slot=\"1465712950\"\r\n     data-ad-format=\"auto\"\r\n     data-full-width-responsive=\"true\"><\/ins>\r\n<script>\r\n     (adsbygoogle = window.adsbygoogle || []).push({});\r\n<\/script><\/div><\/div>","protected":false},"excerpt":{"rendered":"<p>Prosje\u010dna mirovina iznosi tek oko 400 eura. Koalicija Umirovljenici zajedno tra\u017ee da bude 615. U suprotnom za 1. listopada, Me\u0111unarodni dan starijih osoba, najavljuju prosvjed. <\/p>\n","protected":false},"author":1,"featured_media":83250,"comment_status":"closed","ping_status":"closed","sticky":false,"template":"","format":"standard","meta":{"footnotes":""},"categories":[9],"tags":[687,237,236,77,3306],"class_list":["post-83249","post","type-post","status-publish","format-standard","has-post-thumbnail","hentry","category-vijesti","tag-prosvjedi","tag-siromastvo","tag-standard","tag-umirovljenici","tag-umirovljenici-zajedno"],"_links":{"self":[{"href":"https:\/\/www.mojevrijeme.hr\/magazin\/wp-json\/wp\/v2\/posts\/83249","targetHints":{"allow":["GET"]}}],"collection":[{"href":"https:\/\/www.mojevrijeme.hr\/magazin\/wp-json\/wp\/v2\/posts"}],"about":[{"href":"https:\/\/www.mojevrijeme.hr\/magazin\/wp-json\/wp\/v2\/types\/post"}],"author":[{"embeddable":true,"href":"https:\/\/www.mojevrijeme.hr\/magazin\/wp-json\/wp\/v2\/users\/1"}],"replies":[{"embeddable":true,"href":"https:\/\/www.mojevrijeme.hr\/magazin\/wp-json\/wp\/v2\/comments?post=83249"}],"version-history":[{"count":0,"href":"https:\/\/www.mojevrijeme.hr\/magazin\/wp-json\/wp\/v2\/posts\/83249\/revisions"}],"wp:featuredmedia":[{"embeddable":true,"href":"https:\/\/www.mojevrijeme.hr\/magazin\/wp-json\/wp\/v2\/media\/83250"}],"wp:attachment":[{"href":"https:\/\/www.mojevrijeme.hr\/magazin\/wp-json\/wp\/v2\/media?parent=83249"}],"wp:term":[{"taxonomy":"category","embeddable":true,"href":"https:\/\/www.mojevrijeme.hr\/magazin\/wp-json\/wp\/v2\/categories?post=83249"},{"taxonomy":"post_tag","embeddable":true,"href":"https:\/\/www.mojevrijeme.hr\/magazin\/wp-json\/wp\/v2\/tags?post=83249"}],"curies":[{"name":"wp","href":"https:\/\/api.w.org\/{rel}","templated":true}]}}