{"id":83273,"date":"2023-08-18T19:25:46","date_gmt":"2023-08-18T17:25:46","guid":{"rendered":"https:\/\/www.mojevrijeme.hr\/magazin\/?p=83273"},"modified":"2023-08-18T21:49:01","modified_gmt":"2023-08-18T19:49:01","slug":"bravo-za-obracun-i-invalidsku-mirovinu-skocila-je-s-133-na-cak-215-eura","status":"publish","type":"post","link":"https:\/\/www.mojevrijeme.hr\/magazin\/2023\/08\/bravo-za-obracun-i-invalidsku-mirovinu-skocila-je-s-133-na-cak-215-eura\/","title":{"rendered":"&#8216;Bravo za obra\u010dun i invalidsku mirovinu, sko\u010dila je sa 133 na \u010dak 215 eura!&#8217;"},"content":{"rendered":"\n<p>Bolest sti\u0161\u0107e, nabolje ne ide, luksuz su mnogima u invalidskoj mirovini bolji lijekovi, a kamoli vitamini. Gospodin Robert najbolje ukazuje na to koliko su zapravo umirovljenim invalidima mala primanja. &#8220;U invalidsku sam oti\u0161ao 2008. godine, sa 1.000 kuna penzije. Danas mi mirovina iznosi &nbsp;215 eura (1.600 kuna). Bravo za ministarski obra\u010dun, pa ti pre\u017eivi mjesec&#8221;, povjerio nam se na\u0161 umirovljeni <strong>\u010ditatelj Robert<\/strong>.<\/p>\n\n\n\n<p>Javila nam se i o\u010dajna <strong>\u010ditateljica Dubravka<\/strong>, koja tako\u0111er opisuje svoju nezavidnu situaciju te svjedo\u010di koliko su te mirovine nedostatne za pre\u017eivljavanje. &nbsp;<\/p>\n\n\n\n<h3 class=\"wp-block-heading\">Puna invalidska &#8211; 269 eura<\/h3>\n\n\n\n<p>&#8220;Imam 74 godine. \u017divim u velegradu u kojem sam radila 25 godina, od toga sam tri godine radila na pola radnog vremena kad sam ve\u0107 bila u invalidskoj mirovini. Nakon toga su me 1999. poslali u punu invalidsku mirovinu. Moja primanja danas iznose 269 eura. Na to dobivam 17 eura dodatka za 60-postotno tjelesno o\u0161te\u0107enje&#8221;, otkrila je gospo\u0111a Dubravka.<\/p><div id=\"mojev-1771709851\" class=\"mojev-u-tekstu mojev-entity-placement\" style=\"margin-left: auto;margin-right: auto;text-align: center;\"><div class=\"mojev-adlabel\">oglas<\/div><div style=\"height: 250px;\"><script async src=\"https:\/\/pagead2.googlesyndication.com\/pagead\/js\/adsbygoogle.js?client=ca-pub-8106111766207173\"\r\n     crossorigin=\"anonymous\"><\/script>\r\n<!-- Prikazni 1 u tekstu -->\r\n<ins class=\"adsbygoogle\"\r\n     style=\"display:block\"\r\n     data-ad-client=\"ca-pub-8106111766207173\"\r\n     data-ad-slot=\"8535551207\"\r\n     data-ad-format=\"auto\"\r\n     data-full-width-responsive=\"true\"><\/ins>\r\n<script>\r\n     (adsbygoogle = window.adsbygoogle || []).push({});\r\n<\/script><\/div><\/div><br style=\"clear: both; display: block; float: none;\"\/>\n\n\n\n<p>Mirovina joj stoji na mjestu, pomo\u0107i niotkuda, a njezin zdravstveni karton sve je deblji. &#8220;Otkad sam u mirovini, operirala sam karcinom, zatim mi je odstranjena \u0161titnja\u010da, k tome i jako te\u0161ko hodam. No, sve to o\u010dito nije dovoljno za neku normalniju mirovinu ili ve\u0107i dodatak&#8221;, napisala nam je umirovljenica Du\u0161anka.<\/p>\n\n\n\n<h3 class=\"wp-block-heading\">Gordana: &#8216;Mi u invalidskoj zakinuti smo&#8217;<\/h3>\n\n\n\n<p>&#8220;Suprug i ja smo i\u0161li u invalidske mirovine. On je preminuo sa 64 godine, a ja sada imam 62 i ne mogu ostvariti onih 27 posto njegove mirovine. Tko zna ho\u0107u li do\u017eivjeti potrebnih 65 godina kad bi po zakonu to mogla primati. To je briga o starijima. Kad smo suprug i ja i\u0161li u mirovinu, tada se u starosnu i\u0161lo sa 60 godina i mislim da bi nam trebala pripadati prava po tom zakonu&#8221;, smatra \u010ditateljica Gordana.<\/p>\n\n\n\n<p>Kako dalje napominje, invalidska mirovina je sama po sebi najmanja, tro\u0161ak na lijekove je velik, a nitko sam ne izabere ovakav ishod u tre\u0107oj \u017eivotnoj dobi. &#8220;Nitko nije kriv \u0161to je bolestan. Mi u invalidskoj zakinuti smo gdje god pogledamo. Hvala ovoj nepravednoj dr\u017eavi za takovu brigu&#8221;, pi\u0161e nam \u010ditateljica Gordana koja je, uz sve bolesti koje su je pogodile, u stresu zbog iznimno lo\u0161ih primanja.<\/p>\n\n\n\n<p>Pro\u010ditajte i \u0161to smo nedavno pisali o <a href=\"https:\/\/www.mojevrijeme.hr\/magazin\/2023\/08\/razmisljate-li-o-invalidskoj-mirovini-ovo-su-uvjeti\/\" data-type=\"link\" data-id=\"https:\/\/www.mojevrijeme.hr\/magazin\/2023\/08\/razmisljate-li-o-invalidskoj-mirovini-ovo-su-uvjeti\/\">najnovijim uvjetima za odlazak u invalidsku mirovinu<\/a>.<\/p>\n\n\n\n<div id=\"crveno\"><\/p>\n\n\n\n<h3 class=\"wp-block-heading\">Zanima nas va\u0161a pri\u010da<\/h3>\n\n\n\n<p>\u017delite li i vi, posve anonimno, podijeliti svoje iskustvo i vi\u0111enje ove teme s nama i na\u0161im \u010ditateljima, mo\u017eete to u\u010diniti putem web obrasca <a rel=\"noreferrer noopener\" href=\"https:\/\/www.mojevrijeme.hr\/magazin\/povjerljivo\/\" target=\"_blank\">Povjerljivo<\/a>. Napi\u0161ite svoju pri\u010du!<\/p>\n\n\n\n<p><\/div>\n<div id=\"mojev-3633366179\" class=\"mojev-kraj-teksta mojev-entity-placement\" style=\"margin-bottom: 20px;margin-left: auto;margin-right: auto;text-align: center;\"><div class=\"mojev-adlabel\">oglas<\/div><div style=\"height: 250px;\"><script async src=\"https:\/\/pagead2.googlesyndication.com\/pagead\/js\/adsbygoogle.js?client=ca-pub-8106111766207173\"\r\n     crossorigin=\"anonymous\"><\/script>\r\n<!-- Display-1 -->\r\n<ins class=\"adsbygoogle\"\r\n     style=\"display:block\"\r\n     data-ad-client=\"ca-pub-8106111766207173\"\r\n     data-ad-slot=\"1465712950\"\r\n     data-ad-format=\"auto\"\r\n     data-full-width-responsive=\"true\"><\/ins>\r\n<script>\r\n     (adsbygoogle = window.adsbygoogle || []).push({});\r\n<\/script><\/div><\/div>","protected":false},"excerpt":{"rendered":"<p>Na\u0161i \u010ditatelji koji su u invalidskoj mirovini ukazuju na iznimno niska primanja i ograni\u010dena prava, a jasno je da niti su izabrali bolest, niti rano umirovljenje, a niti u mirovini mogu raditi. &#8216;Penzije su nam najmanje, a tro\u0161kovi za lije\u010denje najve\u0107i&#8217;, ukazuje nam \u010ditateljica Gordana.<\/p>\n","protected":false},"author":17,"featured_media":83430,"comment_status":"closed","ping_status":"closed","sticky":false,"template":"","format":"standard","meta":{"footnotes":""},"categories":[3552],"tags":[1805,18],"class_list":["post-83273","post","type-post","status-publish","format-standard","has-post-thumbnail","hentry","category-povjerljivo","tag-invalidska-mirovina","tag-mirovine"],"_links":{"self":[{"href":"https:\/\/www.mojevrijeme.hr\/magazin\/wp-json\/wp\/v2\/posts\/83273","targetHints":{"allow":["GET"]}}],"collection":[{"href":"https:\/\/www.mojevrijeme.hr\/magazin\/wp-json\/wp\/v2\/posts"}],"about":[{"href":"https:\/\/www.mojevrijeme.hr\/magazin\/wp-json\/wp\/v2\/types\/post"}],"author":[{"embeddable":true,"href":"https:\/\/www.mojevrijeme.hr\/magazin\/wp-json\/wp\/v2\/users\/17"}],"replies":[{"embeddable":true,"href":"https:\/\/www.mojevrijeme.hr\/magazin\/wp-json\/wp\/v2\/comments?post=83273"}],"version-history":[{"count":0,"href":"https:\/\/www.mojevrijeme.hr\/magazin\/wp-json\/wp\/v2\/posts\/83273\/revisions"}],"wp:featuredmedia":[{"embeddable":true,"href":"https:\/\/www.mojevrijeme.hr\/magazin\/wp-json\/wp\/v2\/media\/83430"}],"wp:attachment":[{"href":"https:\/\/www.mojevrijeme.hr\/magazin\/wp-json\/wp\/v2\/media?parent=83273"}],"wp:term":[{"taxonomy":"category","embeddable":true,"href":"https:\/\/www.mojevrijeme.hr\/magazin\/wp-json\/wp\/v2\/categories?post=83273"},{"taxonomy":"post_tag","embeddable":true,"href":"https:\/\/www.mojevrijeme.hr\/magazin\/wp-json\/wp\/v2\/tags?post=83273"}],"curies":[{"name":"wp","href":"https:\/\/api.w.org\/{rel}","templated":true}]}}