{"id":83294,"date":"2023-08-17T10:10:46","date_gmt":"2023-08-17T08:10:46","guid":{"rendered":"https:\/\/www.mojevrijeme.hr\/magazin\/?p=83294"},"modified":"2023-08-17T10:11:29","modified_gmt":"2023-08-17T08:11:29","slug":"gruic-silvano-hrelja-nema-utjecaja-a-hsu-ne-podrzava-nase-zahtjeve","status":"publish","type":"post","link":"https:\/\/www.mojevrijeme.hr\/magazin\/2023\/08\/gruic-silvano-hrelja-nema-utjecaja-a-hsu-ne-podrzava-nase-zahtjeve\/","title":{"rendered":"Grui\u0107: &#8216;Silvano Hrelja nema utjecaja, a HSU ne podr\u017eava na\u0161e zahtjeve&#8217;"},"content":{"rendered":"\n<p>Koordinator platforme Umirovljenici zajedno <strong>Lazar Grui\u0107<\/strong> komentirao je za <a href=\"https:\/\/n1info.hr\/vijesti\/gruic-o-umirovljenicima-hrelja-nema-utjecaja-nema-ni-zelje-rijesiti-situaciju\/\" target=\"_blank\" rel=\"noreferrer noopener\">N1<\/a> televiziju najnovije podatke prema kojima je 32,4 posto starijih osoba u Hrvatskoj u riziku od siroma\u0161tva. <\/p>\n\n\n\n<p>\u201cUmirovljenici \u017eive puno lo\u0161ije, ali budu\u0107nost im je jo\u0161 neizvjesnija\u201d, rekao je<strong> <\/strong>Grui\u0107 i dodao: \u201cOsnovne namirnice poskupjele su od 50 do 70 posto, a osnovna ko\u0161arica je u prvih \u0161est mjeseci narasla 23 posto. \u017divjet \u0107e jo\u0161 lo\u0161ije.\u201d<\/p>\n\n\n\n<p>Na pitanje \u0161to se mo\u017ee u\u010diniti, koji su njihovi prijedlozi, odgovara: &#8220;Odmah se mo\u017ee izvr\u0161iti izra\u010dun nove mirovine za sve umirovljenike tako da u situaciji sa 41 godina radnog sta\u017ea i 65 godina starosti do\u0111emo do 615 eura minimalne mirovine na puni sta\u017e, da aktualnu vrijednost mirovine dignemo na 15 eura i da Vlada ukine penalizaciju sa 65 godina starosti.&#8221;<\/p><div id=\"mojev-417643369\" class=\"mojev-u-tekstu mojev-entity-placement\" style=\"margin-left: auto;margin-right: auto;text-align: center;\"><div class=\"mojev-adlabel\">oglas<\/div><div style=\"height: 250px;\"><script async src=\"https:\/\/pagead2.googlesyndication.com\/pagead\/js\/adsbygoogle.js?client=ca-pub-8106111766207173\"\r\n     crossorigin=\"anonymous\"><\/script>\r\n<!-- Prikazni 1 u tekstu -->\r\n<ins class=\"adsbygoogle\"\r\n     style=\"display:block\"\r\n     data-ad-client=\"ca-pub-8106111766207173\"\r\n     data-ad-slot=\"8535551207\"\r\n     data-ad-format=\"auto\"\r\n     data-full-width-responsive=\"true\"><\/ins>\r\n<script>\r\n     (adsbygoogle = window.adsbygoogle || []).push({});\r\n<\/script><\/div><\/div><br style=\"clear: both; display: block; float: none;\"\/>\n\n\n\n<p>Isti\u010de da je HDZ to i obe\u0107ao u predizbornom programu: &#8220;HDZ je u predizbornom programu obe\u0107ao da \u0107e mirovine podi\u0107i na 50 do 60 posto prosjeka, sad su na 36 i idu prema 30 posto. To je suprotno od prijedloga Vlade.&#8221;<\/p>\n\n\n\n<p>Dodaje da je va\u017eno da umirovljenici imaju politi\u010dke predstavnike u parlamentu jer bi to zna\u010dilo pregovore. &#8220;Hrelja je koalicijski partner HDZ-a. Nemamo ni\u0161a protiv toga, neke stavove podr\u017eavamo, ali to nije dovoljno.&nbsp;<strong>Silvano Hrelja<\/strong>&nbsp;nema utjecaja, \u010dak nema ni \u017eelje rije\u0161iti mirovinu na ovaj na\u010din.&#8221;<\/p>\n\n\n\n<p>Na pitanje je li Hrelja podr\u017eao ovaj prijedlog od 615 eura, Grui\u0107 ka\u017ee: &#8220;Podr\u017eao je. Napravili smo programsku suradnju, pozvali HSU i Hrelju i umirovljeni\u010dke udruge i sve i oni su dali podr\u0161ku na\u0161im zahtjevima. Jedino koji nije dao je Hrvatska stranka umirovljenika, a zanimljivo je kad se&nbsp;<strong>Veselko Gabri\u010devi\u0107<\/strong>&nbsp;kandidirao za predsjednika, glavno obe\u0107anje bilo je da \u0107e svi raditi na tome da se ide objedinjavanju umirovljenika i zajedni\u010dkom izlasku na izbore s jednom listom.&#8221;<\/p>\n\n\n\n<h3 class=\"wp-block-heading\">Mogu\u0107 prosvjed na Me\u0111unarodni dan starijih osoba<\/h3>\n\n\n\n<p>Uskoro, 1. listopada, obilje\u017eit \u0107e se Me\u0111unarodni dan starijih osoba koji \u0107e obilje\u017eiti nizom aktivnosti na Trgu bana Jela\u010di\u0107a. &#8220;Sve upu\u0107uje zbog ove izuzetno velike inflacije i siroma\u0161tva da bi se mogao dogoditi prosvjed. Ne tvrdimo da \u0107e biti&#8221;, rekao je Grui\u0107.<\/p>\n\n\n\n<p>Komentiraju\u0107i mjere Vlade napomenuo je: &#8220;Nikad ve\u0107e uskla\u0111ivanje, nikad ve\u0107e siroma\u0161tvo i nikad ve\u0107a inflacija. Pakete mjera podr\u017eavamo, ali je nedovoljno. Tra\u017eimo dugoro\u010dno rje\u0161enje. Jedini put je imati dovoljno zastupnika da bi se moglo odlu\u010divati.&#8221;<\/p>\n<div id=\"mojev-3272019307\" class=\"mojev-kraj-teksta mojev-entity-placement\" style=\"margin-bottom: 20px;margin-left: auto;margin-right: auto;text-align: center;\"><div class=\"mojev-adlabel\">oglas<\/div><div style=\"height: 250px;\"><script async src=\"https:\/\/pagead2.googlesyndication.com\/pagead\/js\/adsbygoogle.js?client=ca-pub-8106111766207173\"\r\n     crossorigin=\"anonymous\"><\/script>\r\n<!-- Display-1 -->\r\n<ins class=\"adsbygoogle\"\r\n     style=\"display:block\"\r\n     data-ad-client=\"ca-pub-8106111766207173\"\r\n     data-ad-slot=\"1465712950\"\r\n     data-ad-format=\"auto\"\r\n     data-full-width-responsive=\"true\"><\/ins>\r\n<script>\r\n     (adsbygoogle = window.adsbygoogle || []).push({});\r\n<\/script><\/div><\/div>","protected":false},"excerpt":{"rendered":"<p>HDZ je u predizbornom programu obe\u0107ao da \u0107e mirovine podi\u0107i na 50 do 60 posto prosjeka, sad su na 36 i idu prema 30 posto. To je suprotno od obe\u0107anoga, ka\u017ee Grui\u0107.<\/p>\n","protected":false},"author":1,"featured_media":83296,"comment_status":"closed","ping_status":"closed","sticky":false,"template":"","format":"standard","meta":{"footnotes":""},"categories":[9],"tags":[1001,553,3306],"class_list":["post-83294","post","type-post","status-publish","format-standard","has-post-thumbnail","hentry","category-vijesti","tag-lazar-grujic","tag-silvano-hrelja","tag-umirovljenici-zajedno"],"_links":{"self":[{"href":"https:\/\/www.mojevrijeme.hr\/magazin\/wp-json\/wp\/v2\/posts\/83294","targetHints":{"allow":["GET"]}}],"collection":[{"href":"https:\/\/www.mojevrijeme.hr\/magazin\/wp-json\/wp\/v2\/posts"}],"about":[{"href":"https:\/\/www.mojevrijeme.hr\/magazin\/wp-json\/wp\/v2\/types\/post"}],"author":[{"embeddable":true,"href":"https:\/\/www.mojevrijeme.hr\/magazin\/wp-json\/wp\/v2\/users\/1"}],"replies":[{"embeddable":true,"href":"https:\/\/www.mojevrijeme.hr\/magazin\/wp-json\/wp\/v2\/comments?post=83294"}],"version-history":[{"count":0,"href":"https:\/\/www.mojevrijeme.hr\/magazin\/wp-json\/wp\/v2\/posts\/83294\/revisions"}],"wp:featuredmedia":[{"embeddable":true,"href":"https:\/\/www.mojevrijeme.hr\/magazin\/wp-json\/wp\/v2\/media\/83296"}],"wp:attachment":[{"href":"https:\/\/www.mojevrijeme.hr\/magazin\/wp-json\/wp\/v2\/media?parent=83294"}],"wp:term":[{"taxonomy":"category","embeddable":true,"href":"https:\/\/www.mojevrijeme.hr\/magazin\/wp-json\/wp\/v2\/categories?post=83294"},{"taxonomy":"post_tag","embeddable":true,"href":"https:\/\/www.mojevrijeme.hr\/magazin\/wp-json\/wp\/v2\/tags?post=83294"}],"curies":[{"name":"wp","href":"https:\/\/api.w.org\/{rel}","templated":true}]}}