{"id":83325,"date":"2023-08-19T11:10:58","date_gmt":"2023-08-19T09:10:58","guid":{"rendered":"https:\/\/www.mojevrijeme.hr\/magazin\/?p=83325"},"modified":"2023-08-19T11:11:46","modified_gmt":"2023-08-19T09:11:46","slug":"lucija-66-volimo-se-ljeti-na-vikendici-a-zimi-ne-zivimo-u-istom-gradu","status":"publish","type":"post","link":"https:\/\/www.mojevrijeme.hr\/magazin\/2023\/08\/lucija-66-volimo-se-ljeti-na-vikendici-a-zimi-ne-zivimo-u-istom-gradu\/","title":{"rendered":"Lucija (66): &#8216;Volimo se ljeti na vikendici, a zimi ne \u017eivimo u istom gradu&#8217;"},"content":{"rendered":"\n<p>Da \u017eivot pi\u0161e romane, govori i ljubavna pri\u010da gospo\u0111e <strong>Lucije<\/strong>. U svibnju seli na more, ba\u0161 kao i njezin prijatelj <strong>Andrej<\/strong>. &#8220;Od ranog prolje\u0107a kujemo planove o ljetu. Ka\u017eemo si ako planiramo neke investicije \u0161to se ti\u010de na\u0161ih vikendica, smi\u0161ljamo \u0161to \u0107emo raditi, na koje bi izlete po otoku mogli oti\u0107i. Smi\u0161ljamo \u010dak i \u0161to \u0107emo kuhati ili ro\u0161tiljati, na kojoj se pla\u017ei kupati, ma sve prevrnemo u razgovoru stoput. I iako na kraju sve ispadne druk\u010dije od planiranog, jer ili ponestane volje ili novaca, nas vesele te na\u0161e pripreme&#8221;, rekla nam je kroz smijeh ova vitalna umirovljenica.<\/p>\n\n\n\n<p>Kod njih, ka\u017ee, nema toga da se ne\u0161to mora. &#8220;\u017divimo vrlo neoptere\u0107eno, nismo ovisni jedno o drugome, ali smo cijelo ljeto svaki dan zajedno. Obi\u010dno on do\u0111e kod mene ujutro na kavu, onda malo na mobitelima \u010ditamo, i pri\u010damo. Ako mu do\u0111e neki susjed, ili se meni najavi netko, onda do\u0111e tek na ru\u010dak. Kad su mi k\u0107i i zet par tjedana ovdje na godi\u0161njem, onda ja odlazim k njemu, da im ne smetam. Nikad ne kuhamo zasebno, nema smisla, a i jeftinije je ovako&#8221;, ispri\u010dala nam je.<\/p>\n\n\n\n<p>Na pitanje kako je njezina k\u0107i prihvatila njezinu novu vezu, ka\u017ee da u po\u010detku nije i\u0161lo glatko. &#8220;Ja sam za nju bila starija \u017eena kojoj nakon njezina oca vi\u0161e nitko ne treba. Nisam se ni ja nadala novoj bliskosti s nekim mu\u0161karcem, ali sam sada sretna ovako, ljeta su mi najljep\u0161a. Sad se i ona pomirila s tim, zbija \u0161ale na moj ra\u010dun, ali neka, ne daj Bo\u017ee ve\u0107eg zla&#8221;, ispri\u010dala je.<\/p><div id=\"mojev-3354495605\" class=\"mojev-u-tekstu mojev-entity-placement\" style=\"margin-left: auto;margin-right: auto;text-align: center;\"><div class=\"mojev-adlabel\">oglas<\/div><div style=\"height: 250px;\"><script async src=\"https:\/\/pagead2.googlesyndication.com\/pagead\/js\/adsbygoogle.js?client=ca-pub-8106111766207173\"\r\n     crossorigin=\"anonymous\"><\/script>\r\n<!-- Prikazni 1 u tekstu -->\r\n<ins class=\"adsbygoogle\"\r\n     style=\"display:block\"\r\n     data-ad-client=\"ca-pub-8106111766207173\"\r\n     data-ad-slot=\"8535551207\"\r\n     data-ad-format=\"auto\"\r\n     data-full-width-responsive=\"true\"><\/ins>\r\n<script>\r\n     (adsbygoogle = window.adsbygoogle || []).push({});\r\n<\/script><\/div><\/div><br style=\"clear: both; display: block; float: none;\"\/>\n\n\n\n<h3 class=\"wp-block-heading\">Osvojio ju je humorom <\/h3>\n\n\n\n<p>Potom je rekla da su svaki dan na istoj pla\u017ei, od pet popodne do nekih osam. &#8220;On je vi\u0161e za kupanje, a ja za sun\u010danje i rje\u0161avanje kri\u017ealjki, pa se svako bavi svojom zanimacijom. Ali nije nam dosadno, dapa\u010de, on me i osvojio humorom, pa se svako malo nasmijem njegovim dosjetkama. To mi je dovoljno, ne treba meni vi\u0161e velikih strasti&#8221;, rekla je.<\/p>\n\n\n\n<p>Ka\u017ee, lijepo je kad \u010dovjeka ima nekoga s kim svaku ve\u010der mo\u017ee dva sata sjediti na klupici i u\u017eivati u zalasku, \u010dak i bez puno rije\u010di. &#8220;Meni s nijednom mojoj prijateljicom, koje su prije znale dolaziti ovdje sa mnom, nije bilo tako le\u017eerno kao s njim. Ili bi ih morala poslu\u017eivati, te nisu dobro spavale, te im je lo\u0161 ulaz u more, te pu\u0161e bura, te ovo te ono. Andrej je toliko jednostavan i nije kompliciran, da je to milina&#8221;, ka\u017ee nam.<\/p>\n\n\n\n<p>Najesen se svatko vra\u0107a u svoj grad, ali se redovito \u010duju preko mobitela. &#8220;Ne razmi\u0161ljamo o zajedni\u010dkom \u017eivotu. Ja tu imam svoj svijet, unuke, prijatelje, idem na vje\u017ebanje, volim biti u svom stanu, iako sam sama. Jednako on tako kod sebe ima svoju rutinu, dobro nam je i ovako. Od ljeta do ljeta&#8221;, povjerila nam se gospo\u0111a Lucija.<\/p>\n<div id=\"mojev-2767232754\" class=\"mojev-kraj-teksta mojev-entity-placement\" style=\"margin-bottom: 20px;margin-left: auto;margin-right: auto;text-align: center;\"><div class=\"mojev-adlabel\">oglas<\/div><div style=\"height: 250px;\"><script async src=\"https:\/\/pagead2.googlesyndication.com\/pagead\/js\/adsbygoogle.js?client=ca-pub-8106111766207173\"\r\n     crossorigin=\"anonymous\"><\/script>\r\n<!-- Display-1 -->\r\n<ins class=\"adsbygoogle\"\r\n     style=\"display:block\"\r\n     data-ad-client=\"ca-pub-8106111766207173\"\r\n     data-ad-slot=\"1465712950\"\r\n     data-ad-format=\"auto\"\r\n     data-full-width-responsive=\"true\"><\/ins>\r\n<script>\r\n     (adsbygoogle = window.adsbygoogle || []).push({});\r\n<\/script><\/div><\/div>","protected":false},"excerpt":{"rendered":"<p>Neobi\u010dnu ljubavnu pri\u010du ispri\u010dala nam je gospo\u0111a Lucija (66) iz Zagreba, koja ljeta provodi na vikendici na otoku Krku. Prije devet je godina ostala udovica, a nakon nekoliko godina \u017ealovanja, na moru je upoznala gospodina Andreja (68) s kojim se zbli\u017eila. Ovo je peto ljeto koje provode zajedno, vikendice su im udaljene desetak minuta hoda pa su \u010das kod jednog, \u010das kod drugog.<\/p>\n","protected":false},"author":17,"featured_media":83470,"comment_status":"closed","ping_status":"closed","sticky":false,"template":"","format":"standard","meta":{"footnotes":""},"categories":[10],"tags":[585,609,258],"class_list":["post-83325","post","type-post","status-publish","format-standard","has-post-thumbnail","hentry","category-ljubav","tag-ljetovanje","tag-ljubavnici","tag-veze"],"_links":{"self":[{"href":"https:\/\/www.mojevrijeme.hr\/magazin\/wp-json\/wp\/v2\/posts\/83325","targetHints":{"allow":["GET"]}}],"collection":[{"href":"https:\/\/www.mojevrijeme.hr\/magazin\/wp-json\/wp\/v2\/posts"}],"about":[{"href":"https:\/\/www.mojevrijeme.hr\/magazin\/wp-json\/wp\/v2\/types\/post"}],"author":[{"embeddable":true,"href":"https:\/\/www.mojevrijeme.hr\/magazin\/wp-json\/wp\/v2\/users\/17"}],"replies":[{"embeddable":true,"href":"https:\/\/www.mojevrijeme.hr\/magazin\/wp-json\/wp\/v2\/comments?post=83325"}],"version-history":[{"count":0,"href":"https:\/\/www.mojevrijeme.hr\/magazin\/wp-json\/wp\/v2\/posts\/83325\/revisions"}],"wp:featuredmedia":[{"embeddable":true,"href":"https:\/\/www.mojevrijeme.hr\/magazin\/wp-json\/wp\/v2\/media\/83470"}],"wp:attachment":[{"href":"https:\/\/www.mojevrijeme.hr\/magazin\/wp-json\/wp\/v2\/media?parent=83325"}],"wp:term":[{"taxonomy":"category","embeddable":true,"href":"https:\/\/www.mojevrijeme.hr\/magazin\/wp-json\/wp\/v2\/categories?post=83325"},{"taxonomy":"post_tag","embeddable":true,"href":"https:\/\/www.mojevrijeme.hr\/magazin\/wp-json\/wp\/v2\/tags?post=83325"}],"curies":[{"name":"wp","href":"https:\/\/api.w.org\/{rel}","templated":true}]}}