{"id":83396,"date":"2023-08-18T16:23:08","date_gmt":"2023-08-18T14:23:08","guid":{"rendered":"https:\/\/www.mojevrijeme.hr\/magazin\/?p=83396"},"modified":"2023-08-18T16:23:12","modified_gmt":"2023-08-18T14:23:12","slug":"ana-64-ljuta-sam-da-me-bar-ostavio-kad-sam-bila-deset-godina-mlada","status":"publish","type":"post","link":"https:\/\/www.mojevrijeme.hr\/magazin\/2023\/08\/ana-64-ljuta-sam-da-me-bar-ostavio-kad-sam-bila-deset-godina-mlada\/","title":{"rendered":"Ana (64): Ljuta sam, da me bar ostavio kad sam bila deset godina mla\u0111a!"},"content":{"rendered":"\n<p>&#8220;Vida me ostavio, ho\u0107e se rastati&#8221;. Poznavala sam par, dvadeset godina \u017eivimo u istoj zgradi. Djelovali su kao par koji &#8220;nit&#8217; smrdi nit&#8217; miri\u0161i&#8221;, ba\u0161 kao \u0161to djeluju mnogi brakovi nakon 40 zajedni\u010dkih godina. Mo\u017eemo tu dodati rije\u010d &#8220;na\u017ealost&#8221;, ali to se i dalje zovu potro\u0161eni odnosi.<\/p>\n\n\n\n<p>Pogledala sam je iznena\u0111eno, nastojala sam djelovati suosje\u0107ajno i nje\u017eno, a onda je nastavila: &#8220;Pa kud me ostavio sad, kad ve\u0107 imam 64 godine, za\u0161to me nije ostavio ranije! Ja sam se jo\u0161 prije deset godina osje\u0107ala mlado, tad sam jo\u0161 imala malo \u0161anse na\u0107i nekog novog&#8221;, rekla je potom.<\/p>\n\n\n\n<p>Na ove sam se rije\u010di dobrano zamislila. Pita sam se &#8211; koje su to godine kad se po\u010dinjemo osje\u0107ati staro, pa i prestaro za novu ljubav? Krenula sam \u010ditati tu\u0111e ispovijesti i iskustva na tu temu. Nema pametnog odgovora jer je stvar vrlo individualna, no svakoga tko se u zlatnim godinama osje\u0107a usamljeno i volio bi imati partnera s kojim \u0107e i\u0107i dalje kroz \u017eivot, tje\u0161i \u010dinjenica da se ljubav, bez da ju tra\u017eimo, mo\u017ee dogoditi i sa 64, i sa 84 godine.<\/p><div id=\"mojev-775187484\" class=\"mojev-u-tekstu mojev-entity-placement\" style=\"margin-left: auto;margin-right: auto;text-align: center;\"><div class=\"mojev-adlabel\">oglas<\/div><div style=\"height: 250px;\"><script async src=\"https:\/\/pagead2.googlesyndication.com\/pagead\/js\/adsbygoogle.js?client=ca-pub-8106111766207173\"\r\n     crossorigin=\"anonymous\"><\/script>\r\n<!-- Prikazni 1 u tekstu -->\r\n<ins class=\"adsbygoogle\"\r\n     style=\"display:block\"\r\n     data-ad-client=\"ca-pub-8106111766207173\"\r\n     data-ad-slot=\"8535551207\"\r\n     data-ad-format=\"auto\"\r\n     data-full-width-responsive=\"true\"><\/ins>\r\n<script>\r\n     (adsbygoogle = window.adsbygoogle || []).push({});\r\n<\/script><\/div><\/div><br style=\"clear: both; display: block; float: none;\"\/>\n\n\n\n<h3 class=\"wp-block-heading\">Sli\u010dnih situacija ima napretek<\/h3>\n\n\n\n<p>O tome je zanimljivo razmi\u0161ljanje donijela i spisateljica i novinarka <strong>Sara Davidson<\/strong>. &#8220;Moja majka ljubav svog \u017eivota upoznala je sa 84 godine. Bila je udovica devet godina, kad je oti\u0161la na partiju brid\u017ea. U klubu je ugledala Harolda Lapidusa, umirovljenog lije\u010dnika, koji je stajao usamljen po strani. Pitala ga je \u017eeli li kartati s njom i od tada su nerazdvojni. Prvo mi je rekla da je dosta mla\u0111i od nje, a na pitanje koliko mla\u0111i, rekla je: Uf, mislim da ima 80 godina. Naravno da mi je to bilo simpati\u010dno&#8221;, otkrila je Davidson za <a href=\"https:\/\/www.oprah.com\/index.html\" data-type=\"link\" data-id=\"https:\/\/www.oprah.com\/index.html\" target=\"_blank\" rel=\"noreferrer noopener\">Oprah.com<\/a>.<\/p>\n\n\n\n<p>Ona je pak u vrijeme dok je pisala ovo \u0161tivo, bila u ranim \u0161ezdesetima, sa dva braka iza sebe i puna straha da je prestara za bilo \u0161to lijepoga.<\/p>\n\n\n\n<h3 class=\"wp-block-heading\">Svijetli su primjeri svuda oko nas<\/h3>\n\n\n\n<p>&#8220;Mama i Harold ostali su nerazdvojni. Moram li i ja \u010dekati tako dugo, pitam se? Ve\u0107 sam sedam godina sama, i sasvim sam u redu s tim. Volim svoj dom, svoj posao i svoju djecu, i svakog dana sam zahvalna na dobrom zdravlju i onome \u0161to do\u017eivljavam kao sretan \u017eivot. Ali, ponekad osvijestim potrebu za partnerom s kojim bih mogla razgovarati, zagrliti se, duhovno rasti. Bojim se da bi u mojim \u0161ezdesetima, nakon dva razvoda, takva ljubav mogla biti iza mene jer su izbori svake godine sve skromniji. Kad sam na nekom doga\u0111anju, obi\u010dno tu bude 13 samih \u017eena i jedan mu\u0161karac samac &#8211; a i taj je obi\u010dno homoseksualac&#8221;, objasnila je tada Davidson.<\/p>\n\n\n\n<p>A onda se, otkrila je, sjetila glumice<strong> Ellen Burstyn <\/strong>koja je priznala da je bila sama 25 godina prije nego \u0161to se, sa 71 godinom, zaljubila. Njezin izabranik je mla\u0111i 23 godine i to nipo\u0161to nije bila prolazna afera.<\/p>\n\n\n\n<p>Kad se <strong>Jane Fonda <\/strong>(85) sa 69 zaljubila u Lyndena Gillisa, tada 75-godi\u0161njeg umirovljenog konzultanta, obe\u0107ala je svijetu da \u0107e, znakovito, snimiti &#8220;erotski film o ljudima starijim od 70&#8221;. Fonda trenutno \u017eivi sama, ali ne bismo se njezinom erotskom filmu \u010dudili ni danas, ako znamo da je prije mjesec dana izjavila da jo\u0161 uvijek mo\u017ee staviti nogu za vrat.<\/p>\n\n\n\n<h3 class=\"wp-block-heading\">Neopravdan strah <\/h3>\n\n\n\n<p>&#8220;Kad slu\u0161am sve te pri\u010de o ljudima koji su se zaljubili nakon umirovljenja, osjetim nadu. Htjela sam istra\u017eiti \u0161to u toj dobi osobi u \u017eivot privu\u010de partnera. Je li to sre\u0107a, karma, slu\u010dajnost, ili mo\u017eda treba dom preslo\u017eiti prema pravilima <em>feng shuija<\/em>? Ne znam, ali znam da je svima ne\u0161to zajedni\u010dko \u2013 \u017eene s kojima sam razgovarala, sve do jedne, rekle su da su bile u strahu da su prestare.&#8221;<\/p>\n\n\n\n<p>&#8220;Sve su se dobro snalazile i u samo\u0107i i sve su se pomirile s tim da mo\u017eda vi\u0161e nikad ne\u0107e upoznati novog partnera. U isto su vrijeme radile na sebi i onome \u0161to se sugerira kao najve\u0107e postignu\u0107e za unutarnju sre\u0107u \u2013 a to je \u2013 nau\u010dile su voljeti sebe. Upravo je to njihovim partnerima otvorilo put u njihov \u017eivot&#8221;, uvidjela je nakon svoje male istrage Sarah Davidson.<\/p>\n\n\n\n<div id=\"crveno\"><\/p>\n\n\n\n<h3 class=\"wp-block-heading\">Zanima nas va\u0161a pri\u010da<\/h3>\n\n\n\n<p>\u017delite li i vi, posve anonimno, podijeliti svoje iskustvo i vi\u0111enje ove teme s nama i na\u0161im \u010ditateljima, mo\u017eete to u\u010diniti putem web obrasca <a rel=\"noreferrer noopener\" href=\"https:\/\/www.mojevrijeme.hr\/magazin\/povjerljivo\/\" target=\"_blank\">Povjerljivo<\/a>. Napi\u0161ite svoju pri\u010du!<\/p>\n\n\n\n<p><\/div>\n<div id=\"mojev-2082921379\" class=\"mojev-kraj-teksta mojev-entity-placement\" style=\"margin-bottom: 20px;margin-left: auto;margin-right: auto;text-align: center;\"><div class=\"mojev-adlabel\">oglas<\/div><div style=\"height: 250px;\"><script async src=\"https:\/\/pagead2.googlesyndication.com\/pagead\/js\/adsbygoogle.js?client=ca-pub-8106111766207173\"\r\n     crossorigin=\"anonymous\"><\/script>\r\n<!-- Display-1 -->\r\n<ins class=\"adsbygoogle\"\r\n     style=\"display:block\"\r\n     data-ad-client=\"ca-pub-8106111766207173\"\r\n     data-ad-slot=\"1465712950\"\r\n     data-ad-format=\"auto\"\r\n     data-full-width-responsive=\"true\"><\/ins>\r\n<script>\r\n     (adsbygoogle = window.adsbygoogle || []).push({});\r\n<\/script><\/div><\/div>","protected":false},"excerpt":{"rendered":"<p>Proljetos sam u haustoru srela susjedu Anu, u naru\u010dju je gladila svog psi\u0107a, ispod nao\u010dala je neuspje\u0161no skrivala nate\u010deno lice. Nije mi mogla ni odzdraviti, pa sam krajnje oprezno i obzirno pitala, je li se ne\u0161to dogodilo. Nikad ne\u0107u zaboraviti onih par re\u010denica koje mi je uspjela izustiti.<\/p>\n","protected":false},"author":17,"featured_media":83419,"comment_status":"closed","ping_status":"closed","sticky":false,"template":"","format":"standard","meta":{"footnotes":""},"categories":[10],"tags":[252,1825],"class_list":["post-83396","post","type-post","status-publish","format-standard","has-post-thumbnail","hentry","category-ljubav","tag-razvod","tag-zaljubljenost"],"_links":{"self":[{"href":"https:\/\/www.mojevrijeme.hr\/magazin\/wp-json\/wp\/v2\/posts\/83396","targetHints":{"allow":["GET"]}}],"collection":[{"href":"https:\/\/www.mojevrijeme.hr\/magazin\/wp-json\/wp\/v2\/posts"}],"about":[{"href":"https:\/\/www.mojevrijeme.hr\/magazin\/wp-json\/wp\/v2\/types\/post"}],"author":[{"embeddable":true,"href":"https:\/\/www.mojevrijeme.hr\/magazin\/wp-json\/wp\/v2\/users\/17"}],"replies":[{"embeddable":true,"href":"https:\/\/www.mojevrijeme.hr\/magazin\/wp-json\/wp\/v2\/comments?post=83396"}],"version-history":[{"count":0,"href":"https:\/\/www.mojevrijeme.hr\/magazin\/wp-json\/wp\/v2\/posts\/83396\/revisions"}],"wp:featuredmedia":[{"embeddable":true,"href":"https:\/\/www.mojevrijeme.hr\/magazin\/wp-json\/wp\/v2\/media\/83419"}],"wp:attachment":[{"href":"https:\/\/www.mojevrijeme.hr\/magazin\/wp-json\/wp\/v2\/media?parent=83396"}],"wp:term":[{"taxonomy":"category","embeddable":true,"href":"https:\/\/www.mojevrijeme.hr\/magazin\/wp-json\/wp\/v2\/categories?post=83396"},{"taxonomy":"post_tag","embeddable":true,"href":"https:\/\/www.mojevrijeme.hr\/magazin\/wp-json\/wp\/v2\/tags?post=83396"}],"curies":[{"name":"wp","href":"https:\/\/api.w.org\/{rel}","templated":true}]}}