{"id":83422,"date":"2023-08-18T18:22:13","date_gmt":"2023-08-18T16:22:13","guid":{"rendered":"https:\/\/www.mojevrijeme.hr\/magazin\/?p=83422"},"modified":"2023-08-18T18:22:34","modified_gmt":"2023-08-18T16:22:34","slug":"vucic-radimo-da-trgovine-daju-popuste-umirovljenicima","status":"publish","type":"post","link":"https:\/\/www.mojevrijeme.hr\/magazin\/2023\/08\/vucic-radimo-da-trgovine-daju-popuste-umirovljenicima\/","title":{"rendered":"Vu\u010di\u0107: Radimo na tome da trgovine daju popuste umirovljenicima"},"content":{"rendered":"\n<p>Srbijanski predsjednik Aleksanadar Vu\u010di\u0107 je u obra\u0107anju javnosti, me\u0111u ostalim, najavio i pove\u0107anje mirovina. Rekao je da \u0107e umirovljenici uskoro mo\u0107i dobiti umirovljeni\u010dke kartice koje \u0107e im omogu\u0107iti razne pogodnosti, javlja&nbsp;<a rel=\"noreferrer noopener\" href=\"https:\/\/www.danas.rs\/vesti\/ekonomija\/povecanje-penzija-srbija\/\" target=\"_blank\">Danas.rs<\/a>.<\/p>\n\n\n\n<p>On je tom prilikom rekao da \u0107e u listopadu i sije\u010dnju vjerojatno biti &#8220;najve\u0107e pove\u0107anje mirovina u povijesti Srbije, preko 55 posto&#8221;, uz ura\u010dunavanje prethodnih pove\u0107anja.<\/p>\n\n\n\n<p>&#8220;Samo bih zamolio umirovljenike da uzmu umirovljeni\u010dke kartice, ima puno popusta, to \u0107e im puno zna\u010diti uz sva pove\u0107anja cijena. \u010cinimo puno da im omogu\u0107imo popuste u raznim trgovinama&#8221;, rekao je Vu\u010di\u0107.<\/p><div id=\"mojev-3429309009\" class=\"mojev-u-tekstu mojev-entity-placement\" style=\"margin-left: auto;margin-right: auto;text-align: center;\"><div class=\"mojev-adlabel\">oglas<\/div><div style=\"height: 250px;\"><script async src=\"https:\/\/pagead2.googlesyndication.com\/pagead\/js\/adsbygoogle.js?client=ca-pub-8106111766207173\"\r\n     crossorigin=\"anonymous\"><\/script>\r\n<!-- Prikazni 1 u tekstu -->\r\n<ins class=\"adsbygoogle\"\r\n     style=\"display:block\"\r\n     data-ad-client=\"ca-pub-8106111766207173\"\r\n     data-ad-slot=\"8535551207\"\r\n     data-ad-format=\"auto\"\r\n     data-full-width-responsive=\"true\"><\/ins>\r\n<script>\r\n     (adsbygoogle = window.adsbygoogle || []).push({});\r\n<\/script><\/div><\/div><br style=\"clear: both; display: block; float: none;\"\/>\n\n\n\n<p>Vu\u010di\u0107 je podsjetio i da uskoro po\u010dinje prijava za pomo\u0107 rodiljama u iznosu od 10.000 dinara (85,30&nbsp;eura), koja \u0107e trajati do 20. rujna. Tako\u0111er je izrazio o\u010dekivanje da \u0107e 2023. prosje\u010dna pla\u0107a u Srbiji biti ve\u0107a od 820 eura.<\/p>\n<div id=\"mojev-134864648\" class=\"mojev-kraj-teksta mojev-entity-placement\" style=\"margin-bottom: 20px;margin-left: auto;margin-right: auto;text-align: center;\"><div class=\"mojev-adlabel\">oglas<\/div><div style=\"height: 250px;\"><script async src=\"https:\/\/pagead2.googlesyndication.com\/pagead\/js\/adsbygoogle.js?client=ca-pub-8106111766207173\"\r\n     crossorigin=\"anonymous\"><\/script>\r\n<!-- Display-1 -->\r\n<ins class=\"adsbygoogle\"\r\n     style=\"display:block\"\r\n     data-ad-client=\"ca-pub-8106111766207173\"\r\n     data-ad-slot=\"1465712950\"\r\n     data-ad-format=\"auto\"\r\n     data-full-width-responsive=\"true\"><\/ins>\r\n<script>\r\n     (adsbygoogle = window.adsbygoogle || []).push({});\r\n<\/script><\/div><\/div>","protected":false},"excerpt":{"rendered":"<p>Je li posao vlade osigurati pristojne mirovine ili dogovarati popuste za umirovljenike u trgova\u010dkim lancima?<\/p>\n","protected":false},"author":1,"featured_media":46154,"comment_status":"closed","ping_status":"closed","sticky":false,"template":"","format":"standard","meta":{"footnotes":""},"categories":[9],"tags":[18,630,638,3676],"class_list":["post-83422","post","type-post","status-publish","format-standard","has-post-thumbnail","hentry","category-vijesti","tag-mirovine","tag-popusti","tag-srbija","tag-vucic"],"_links":{"self":[{"href":"https:\/\/www.mojevrijeme.hr\/magazin\/wp-json\/wp\/v2\/posts\/83422","targetHints":{"allow":["GET"]}}],"collection":[{"href":"https:\/\/www.mojevrijeme.hr\/magazin\/wp-json\/wp\/v2\/posts"}],"about":[{"href":"https:\/\/www.mojevrijeme.hr\/magazin\/wp-json\/wp\/v2\/types\/post"}],"author":[{"embeddable":true,"href":"https:\/\/www.mojevrijeme.hr\/magazin\/wp-json\/wp\/v2\/users\/1"}],"replies":[{"embeddable":true,"href":"https:\/\/www.mojevrijeme.hr\/magazin\/wp-json\/wp\/v2\/comments?post=83422"}],"version-history":[{"count":0,"href":"https:\/\/www.mojevrijeme.hr\/magazin\/wp-json\/wp\/v2\/posts\/83422\/revisions"}],"wp:featuredmedia":[{"embeddable":true,"href":"https:\/\/www.mojevrijeme.hr\/magazin\/wp-json\/wp\/v2\/media\/46154"}],"wp:attachment":[{"href":"https:\/\/www.mojevrijeme.hr\/magazin\/wp-json\/wp\/v2\/media?parent=83422"}],"wp:term":[{"taxonomy":"category","embeddable":true,"href":"https:\/\/www.mojevrijeme.hr\/magazin\/wp-json\/wp\/v2\/categories?post=83422"},{"taxonomy":"post_tag","embeddable":true,"href":"https:\/\/www.mojevrijeme.hr\/magazin\/wp-json\/wp\/v2\/tags?post=83422"}],"curies":[{"name":"wp","href":"https:\/\/api.w.org\/{rel}","templated":true}]}}