{"id":83448,"date":"2023-08-19T09:58:11","date_gmt":"2023-08-19T07:58:11","guid":{"rendered":"https:\/\/www.mojevrijeme.hr\/magazin\/?p=83448"},"modified":"2023-08-19T10:06:02","modified_gmt":"2023-08-19T08:06:02","slug":"primorac-u-rujnu-ce-biti-vidljiv-dodatni-rast-mirovina-zbog-uskladivanja","status":"publish","type":"post","link":"https:\/\/www.mojevrijeme.hr\/magazin\/2023\/08\/primorac-u-rujnu-ce-biti-vidljiv-dodatni-rast-mirovina-zbog-uskladivanja\/","title":{"rendered":"Primorac o uskla\u0111ivanju mirovina: U rujnu \u0107e biti vidljivo dodatno pove\u0107anje"},"content":{"rendered":"\n<p>&#8220;Pove\u0107anje potro\u0161nje, tj. prometa po fiskaliziranim ra\u010dunima, utje\u010de na rast prihoda od poreza na dodanu vrijednost, ali rastu i tro\u0161kovi, odnosno rashodna strana prora\u010duna&#8221;, kazao je u razgovoru za Jutarnji list ministar financija <a href=\"https:\/\/www.jutarnji.hr\/vijesti\/hrvatska\/marko-primorac-neprihvatljivo-je-da-drzava-preko-hnb-a-indirektno-subvencionira-banke-15366253\" target=\"_blank\" rel=\"noreferrer noopener\">Marko Primorac<\/a>. <\/p>\n\n\n\n<p>Naime, dakle, broj ra\u010duna po\u010detkom kolovoza 2023. u odnosu na isto razdoblje 2022. bio je manji za 1,6 posto, dok je iznos ra\u010duna ve\u0107i za otprilike 20 posto. No to, prema ministru, ne zna\u010di ogromne vi\u0161kove u dr\u017eavnoj blagajni.<\/p>\n\n\n\n<p>&#8220;Ne smijemo zaboraviti fiskalne u\u010dinke mjera kojima Vlada kontinuirano ubla\u017eava negativne posljedice porasta cijene energenata i inflatornih pritisaka op\u0107enito. Izda\u0161ni paketi pomo\u0107i usmjereni na\u0161im gra\u0111anima i poduzetnicima, kojima smo uspjeli sprije\u010diti socijalnu frakturu i o\u010duvati socijalnu koheziju, samo su dio okvira konzistentne vi\u0161egodi\u0161nje politike Vlada predsjednika<strong>&nbsp;Andreja Plenkovi\u0107a<\/strong>&nbsp;u suo\u010davanju s krizama bez presedana&#8221;, podsjetio je ministar na socijalne transfere, uklju\u010duju\u0107i energetski dodatak za umirovljenike.<\/p><div id=\"mojev-896677605\" class=\"mojev-u-tekstu mojev-entity-placement\" style=\"margin-left: auto;margin-right: auto;text-align: center;\"><div class=\"mojev-adlabel\">oglas<\/div><div style=\"height: 250px;\"><script async src=\"https:\/\/pagead2.googlesyndication.com\/pagead\/js\/adsbygoogle.js?client=ca-pub-8106111766207173\"\r\n     crossorigin=\"anonymous\"><\/script>\r\n<!-- Prikazni 1 u tekstu -->\r\n<ins class=\"adsbygoogle\"\r\n     style=\"display:block\"\r\n     data-ad-client=\"ca-pub-8106111766207173\"\r\n     data-ad-slot=\"8535551207\"\r\n     data-ad-format=\"auto\"\r\n     data-full-width-responsive=\"true\"><\/ins>\r\n<script>\r\n     (adsbygoogle = window.adsbygoogle || []).push({});\r\n<\/script><\/div><\/div><br style=\"clear: both; display: block; float: none;\"\/>\n\n\n\n<h3 class=\"wp-block-heading\">\u0160to tu ima za umirovljenike?<\/h3>\n\n\n\n<p>&#8220;Zna\u010dajni su i fiskalni u\u010dinci pove\u0107anja pla\u0107a u javnom sektoru, ali i mirovina. Ne mislim pritom samo na izravne intervencije temeljem odluka Vlade i zakonskih izmjena nego i na uskla\u0111ivanje mirovina koje se primjenjuje automatizmom 1. sije\u010dnja i 1. srpnja svake kalendarske godine temeljem podataka o stopi promjene prosje\u010dnog indeksa potro\u0161a\u010dkih cijena i stopi promjene prosje\u010dne bruto pla\u0107e svih zaposlenih u Republici Hrvatskoj.&#8221; <\/p>\n\n\n\n<p>Pri tome, ministar ne propu\u0161ta ponoviti re\u010denice koje uglavnom slu\u0161amo iz usta premijera Andreja Plenkovi\u0107a: &#8220;Od 2016. do danas, prosje\u010dna mirovina porasla je za preko 40 posto, a ve\u0107 u rujnu bit \u0107e vidljivi u\u010dinci dodatnog pove\u0107anja uslijed srpanjskog uskla\u0111ivanja mirovina, koje \u0107e, prema svemu sude\u0107i, iznositi preko 8 posto. Time \u0107e, bez sumnje, u mandatu ove i pro\u0161le HDZ-ove Vlade mirovine kumulativno porasti za preko 50 posto.&#8221;<\/p>\n\n\n\n<p>&#8220;U\u010dinci inflacije manifestiraju se i u okviru ostalih kategorija prora\u010dunskih rashoda \u2013 od pove\u0107anja materijalnih rashoda, do pove\u0107anja rashoda za kamate i kapitalnih rashoda. Sa svim onim pove\u0107anjima cijena s kojima je suo\u010den privatni sektor, u puno ve\u0107oj mjeri je, zbog svoje veli\u010dine, suo\u010den i javni sektor&#8221;, ka\u017ee Marko Primorac. <\/p>\n\n\n\n<p>&#8220;Dakle, uslijed inflacije prora\u010dunski prihodi jednim dijelom rastu, ali rastu i rashodi, i to s vi\u0161e osnova, pa je teza o nekakvoj lagodnoj prora\u010dunskoj poziciji zbog inflacije potpuno proma\u0161ena&#8221;, zaklju\u010duje.<\/p>\n<div id=\"mojev-34516362\" class=\"mojev-kraj-teksta mojev-entity-placement\" style=\"margin-bottom: 20px;margin-left: auto;margin-right: auto;text-align: center;\"><div class=\"mojev-adlabel\">oglas<\/div><div style=\"height: 250px;\"><script async src=\"https:\/\/pagead2.googlesyndication.com\/pagead\/js\/adsbygoogle.js?client=ca-pub-8106111766207173\"\r\n     crossorigin=\"anonymous\"><\/script>\r\n<!-- Display-1 -->\r\n<ins class=\"adsbygoogle\"\r\n     style=\"display:block\"\r\n     data-ad-client=\"ca-pub-8106111766207173\"\r\n     data-ad-slot=\"1465712950\"\r\n     data-ad-format=\"auto\"\r\n     data-full-width-responsive=\"true\"><\/ins>\r\n<script>\r\n     (adsbygoogle = window.adsbygoogle || []).push({});\r\n<\/script><\/div><\/div>","protected":false},"excerpt":{"rendered":"<p>Pri tome, ministar financija Marko Primorac ne propu\u0161ta ponoviti re\u010denice koje uglavnom slu\u0161amo iz usta premijera Andreja Plenkovi\u0107a.<\/p>\n","protected":false},"author":1,"featured_media":72470,"comment_status":"closed","ping_status":"closed","sticky":false,"template":"","format":"standard","meta":{"footnotes":""},"categories":[9],"tags":[3232,3457,971],"class_list":["post-83448","post","type-post","status-publish","format-standard","has-post-thumbnail","hentry","category-vijesti","tag-inflacija","tag-marko-primorac","tag-uskladivanje-mirovina"],"_links":{"self":[{"href":"https:\/\/www.mojevrijeme.hr\/magazin\/wp-json\/wp\/v2\/posts\/83448","targetHints":{"allow":["GET"]}}],"collection":[{"href":"https:\/\/www.mojevrijeme.hr\/magazin\/wp-json\/wp\/v2\/posts"}],"about":[{"href":"https:\/\/www.mojevrijeme.hr\/magazin\/wp-json\/wp\/v2\/types\/post"}],"author":[{"embeddable":true,"href":"https:\/\/www.mojevrijeme.hr\/magazin\/wp-json\/wp\/v2\/users\/1"}],"replies":[{"embeddable":true,"href":"https:\/\/www.mojevrijeme.hr\/magazin\/wp-json\/wp\/v2\/comments?post=83448"}],"version-history":[{"count":0,"href":"https:\/\/www.mojevrijeme.hr\/magazin\/wp-json\/wp\/v2\/posts\/83448\/revisions"}],"wp:featuredmedia":[{"embeddable":true,"href":"https:\/\/www.mojevrijeme.hr\/magazin\/wp-json\/wp\/v2\/media\/72470"}],"wp:attachment":[{"href":"https:\/\/www.mojevrijeme.hr\/magazin\/wp-json\/wp\/v2\/media?parent=83448"}],"wp:term":[{"taxonomy":"category","embeddable":true,"href":"https:\/\/www.mojevrijeme.hr\/magazin\/wp-json\/wp\/v2\/categories?post=83448"},{"taxonomy":"post_tag","embeddable":true,"href":"https:\/\/www.mojevrijeme.hr\/magazin\/wp-json\/wp\/v2\/tags?post=83448"}],"curies":[{"name":"wp","href":"https:\/\/api.w.org\/{rel}","templated":true}]}}