{"id":83503,"date":"2024-08-19T13:43:01","date_gmt":"2024-08-19T11:43:01","guid":{"rendered":"https:\/\/www.mojevrijeme.hr\/magazin\/?p=83503"},"modified":"2024-08-19T13:43:05","modified_gmt":"2024-08-19T11:43:05","slug":"ne-moram-biti-baka-da-bih-bila-sretna-moj-zivot-je-sjajan-i-ispunjen","status":"publish","type":"post","link":"https:\/\/www.mojevrijeme.hr\/magazin\/2024\/08\/ne-moram-biti-baka-da-bih-bila-sretna-moj-zivot-je-sjajan-i-ispunjen\/","title":{"rendered":"Ne moram biti baka da bih bila sretna, moj \u017eivot je sjajan i ispunjen"},"content":{"rendered":"\n<p><em>Jesu li dana\u0161nje generacije baka i djedova previ\u0161e prigrlile te svoje obiteljske uloge, a zanemarile sebe? \u0160to je s na\u0161im ostalim identitetima i \u017eivotnim u\u017eicima? I \u0161to kad smo zadovoljni sa stanjem kakvo je i ne \u017eelimo da ga poremeti beba? O ovoj je temi za<a rel=\"noreferrer noopener\" href=\"https:\/\/www.nextavenue.org\/\" target=\"_blank\"> NextAvenue<\/a>, iz vlastitog iskustva, pisala blogerica i stru\u010dnjakinja za odnose s javno\u0161\u0107u Nancy Wurtzel. Njenu ispovijest prenosimo u cijelosti. <\/em><\/p>\n\n\n\n<p>Uz vino i ve\u010deru, najbolja prijateljica mi je rekla da \u0107e ona i suprug uskoro dobiti jo\u0161 jedno unu\u010de, \u0161esto po redu. Uzbu\u0111ena je i jedva \u010deka doznati dolazi li dje\u010dak ili djevoj\u010dica te koje \u0107e ime roditelji odabrati. Kad beba stigne, bit \u0107e organizirano darivanje, sve \u0107e biti puno mekanih dekica, malih odjevnih predmeta i \u0161arenih igra\u010daka.<\/p>\n\n\n\n<p>Jako sam sretna zbog prijateljice. Volim njenu djecu, njihove partnere i njihovu dje\u010dju gomilicu. Zabavno je gledati njihovu djecu kako rastu. Uvijek sam zahvalna kad me prijateljica i \u010dlanovi njene obitelji uklju\u010de u proslave, vjen\u010danja, darivanja beba, ro\u0111endane, obiteljska okupljanja i jo\u0161 puno toga.<\/p><div id=\"mojev-1709213813\" class=\"mojev-u-tekstu mojev-entity-placement\" style=\"margin-left: auto;margin-right: auto;text-align: center;\"><div class=\"mojev-adlabel\">oglas<\/div><div style=\"height: 250px;\"><script async src=\"https:\/\/pagead2.googlesyndication.com\/pagead\/js\/adsbygoogle.js?client=ca-pub-8106111766207173\"\r\n     crossorigin=\"anonymous\"><\/script>\r\n<!-- Prikazni 1 u tekstu -->\r\n<ins class=\"adsbygoogle\"\r\n     style=\"display:block\"\r\n     data-ad-client=\"ca-pub-8106111766207173\"\r\n     data-ad-slot=\"8535551207\"\r\n     data-ad-format=\"auto\"\r\n     data-full-width-responsive=\"true\"><\/ins>\r\n<script>\r\n     (adsbygoogle = window.adsbygoogle || []).push({});\r\n<\/script><\/div><\/div><br style=\"clear: both; display: block; float: none;\"\/>\n\n\n\n<h3 class=\"wp-block-heading\">Ali ja sam sretna zato \u0161to nemam unu\u010dadi<\/h3>\n\n\n\n<p>U\u017eivam biti prisutna na svim tim doga\u0111anjima, ali na kraju dana, uvijek sam sretna pozdraviti se i vratiti se u svoj dom. Tu me \u010dekaju knjige, glazba, pisanje i preslatki psi\u0107 kojeg sam usvojila prije nekoliko mjeseci.<\/p>\n\n\n\n<p>Sretna sam \u0161to sam kod ku\u0107e i \u0161to nemam unu\u010dadi. Ne osje\u0107am potrebu za njegovanjem bebe, ma\u017eenjem mali\u0161ana ili ponovnim pro\u017eivljavanjem iskustva odgoja djece.&nbsp; Nakon puno introspekcije mogu re\u0107i da ne \u010deznem za jo\u0161 jednom bebom. Ne \u017eelim na unucima ispravljati gre\u0161ke koje sam po\u010dinila kao roditelj. Uop\u0107e me ne brine mogu\u0107nost da moji geni ne\u0107e prije\u0107i u jo\u0161 jednu generaciju.<\/p>\n\n\n\n<h3 class=\"wp-block-heading\">Ja sam anomalija u mojoj generaciji<\/h3>\n\n\n\n<p>Me\u0111u bejbibumerima, kojima i sama pripadam, sigurno sam anomalija. Moja generacija je prihvatila ulogu djedova i baka kao pa\u010di\u0107i vodu.<\/p>\n\n\n\n<p>Ve\u0107ina djedova i baka iz te moje generacije, s ciljem da budu najbolji, duboko su uklju\u010deni u \u017eivote svojih unuka. Pretvaraju gostinjske sobe u dje\u010dje sobe, nose torbe za pelene i \u010duvaju unuke kad su im roditelji u izlasku. Kasnije, isti djedovi i bake vode unuke na satove baleta, prisustvuju nastupima u vrti\u0107u i raspravljaju o prednostima i nedostacima cjelodnevnog vrti\u0107a. Potpuno su posve\u0107eni svojim unucima.<\/p>\n\n\n\n<p>Istra\u017eivanja pokazuju da se djedovi i bake u mladoj dobi od 47 godina potpuno stope s tom svojom ulogom. Ja se nalazim na drugom kraju spektra. Kad sam imala 47 godina, moja k\u0107i je bila tek u \u010detvrtom razredu.<\/p>\n\n\n\n<h3 class=\"wp-block-heading\">Jesu li moje godine problem?<\/h3>\n\n\n\n<p>Mo\u017ee li se moj nedostatak interesa za unuke pripisati \u010dinjenici da sam bila &#8220;stara rodilja&#8221; i da imam samo jedno dijete? Do vremena kada bi moja k\u0107i mogla po\u010deti ra\u0111ati, ja bih ve\u0107 bila dobrano preko 70 godina.<\/p>\n\n\n\n<p>Sigurno, ne bih bila svje\u017ea kao jutarnja rosa, ali opet, imala sam divnu bakicu koja je bila otprilike iste te dobi kad sam se ja rodila. Iako je moja baka uvijek izgledala starije, moje sestre i ja smo je obo\u017eavale. Zapravo, odnos s njom bio je najljep\u0161i dio mog djetinjstva.<\/p>\n\n\n\n<h3 class=\"wp-block-heading\">U \u010demu je problem?<\/h3>\n\n\n\n<p>Dakle, ako starost nije problem, \u0161to onda jest? \u017delim li izbje\u0107i unu\u010dad u svom \u017eivotu zato \u0161to sam razvedena, previ\u0161e kruta, sebi\u010dna ili \u010dak narcisoidna? Nedostaje li mi gen za &#8220;biti baka&#8221;?<\/p>\n\n\n\n<p>Nazovite to kako god \u017eelite. Ja \u0107u to najbolje opisati kao svoje preferencije. Iako sam u manjini, ne mislim da sam potpuno usamljena. Sigurna sam da postoje i drugi pripadnici moje generacije koji nemaju tu goru\u0107u \u017eelju da postanu djed ili baka.<\/p>\n\n\n\n<h3 class=\"wp-block-heading\">\u0160to ka\u017ee moja k\u0107i?<\/h3>\n\n\n\n<p>Kad sam rekla sestri da me unu\u010dad ne zanima, odmah je primijetila da odluka o tome ho\u0107u li ih imati nije na meni. Naravno, to je potpuna istina. Odluka je na mojoj k\u0107eri.<\/p>\n\n\n\n<p>Ona je studentica i trenutno se \u0161koluje u inozemstvu. Sa 21 godinom, dijete nije na njenom popisu prioriteta. Njen trenutni \u017eivotni plan je putovati svijetom, \u017eivjeti u velikim gradovima, imati romanse i napisati veliki roman. Ili barem urediti nekoliko velikih romana koje su napisali drugi.<\/p>\n\n\n\n<p>Me\u0111utim, ako bi moja k\u0107i odlu\u010dila postati majka u budu\u0107nosti, podr\u017eavala bih je i bila bih uklju\u010dena u \u017eivot unu\u010deta onoliko koliko bi mi dopustila. Sigurno bih se zaljubila u njenu djecu, dijelila bih slike i video snimke. Ali ako se to ne dogodi, u potpunosti sam zadovoljna i s takvim scenarijem. Vi\u0161e nego zadovoljna. Moja k\u0107i i ja mo\u017eemo putovati zajedno i voditi ispunjen i sretan \u017eivot. A kada do\u0111e Nacionalni dan djedova i baka, u\u017eivat \u0107u u unucima svoje najbolje prijateljice. A zatim \u0107u se vratiti u svoj lijepi dom. <em>(r)<\/em><\/p>\n\n\n\n<div id=\"crveno\"><\/p>\n\n\n\n<h3 class=\"wp-block-heading\">Zanima nas va\u0161a pri\u010da<\/h3>\n\n\n\n<p>\u017delite li i vi, posve anonimno, podijeliti svoje iskustvo i vi\u0111enje ove teme s nama i na\u0161im \u010ditateljima, mo\u017eete to u\u010diniti putem web obrasca <a rel=\"noreferrer noopener\" href=\"https:\/\/www.mojevrijeme.hr\/magazin\/povjerljivo\/\" target=\"_blank\">Povjerljivo<\/a>. Napi\u0161ite svoju pri\u010du!<\/p>\n\n\n\n<p><\/div>\n<div id=\"mojev-2844907162\" class=\"mojev-kraj-teksta mojev-entity-placement\" style=\"margin-bottom: 20px;margin-left: auto;margin-right: auto;text-align: center;\"><div class=\"mojev-adlabel\">oglas<\/div><div style=\"height: 250px;\"><script async src=\"https:\/\/pagead2.googlesyndication.com\/pagead\/js\/adsbygoogle.js?client=ca-pub-8106111766207173\"\r\n     crossorigin=\"anonymous\"><\/script>\r\n<!-- Display-1 -->\r\n<ins class=\"adsbygoogle\"\r\n     style=\"display:block\"\r\n     data-ad-client=\"ca-pub-8106111766207173\"\r\n     data-ad-slot=\"1465712950\"\r\n     data-ad-format=\"auto\"\r\n     data-full-width-responsive=\"true\"><\/ins>\r\n<script>\r\n     (adsbygoogle = window.adsbygoogle || []).push({});\r\n<\/script><\/div><\/div>","protected":false},"excerpt":{"rendered":"<p>Dok mnogi u starijoj \u017eivotnoj dobi s rado\u0161\u0107u prihva\u0107aju ulogu bake ili djeda, postoje i oni koji ne osje\u0107aju potrebu za ponovnim ulaskom u svijet pelena, igra\u010daka i odgoja.<\/p>\n","protected":false},"author":1,"featured_media":72136,"comment_status":"closed","ping_status":"closed","sticky":false,"template":"","format":"standard","meta":{"footnotes":""},"categories":[2],"tags":[979,198,3437,318,122],"class_list":["post-83503","post","type-post","status-publish","format-standard","has-post-thumbnail","hentry","category-mozaik","tag-bake","tag-obitelj","tag-obiteljski-odnosi","tag-unuci","tag-zene"],"_links":{"self":[{"href":"https:\/\/www.mojevrijeme.hr\/magazin\/wp-json\/wp\/v2\/posts\/83503","targetHints":{"allow":["GET"]}}],"collection":[{"href":"https:\/\/www.mojevrijeme.hr\/magazin\/wp-json\/wp\/v2\/posts"}],"about":[{"href":"https:\/\/www.mojevrijeme.hr\/magazin\/wp-json\/wp\/v2\/types\/post"}],"author":[{"embeddable":true,"href":"https:\/\/www.mojevrijeme.hr\/magazin\/wp-json\/wp\/v2\/users\/1"}],"replies":[{"embeddable":true,"href":"https:\/\/www.mojevrijeme.hr\/magazin\/wp-json\/wp\/v2\/comments?post=83503"}],"version-history":[{"count":0,"href":"https:\/\/www.mojevrijeme.hr\/magazin\/wp-json\/wp\/v2\/posts\/83503\/revisions"}],"wp:featuredmedia":[{"embeddable":true,"href":"https:\/\/www.mojevrijeme.hr\/magazin\/wp-json\/wp\/v2\/media\/72136"}],"wp:attachment":[{"href":"https:\/\/www.mojevrijeme.hr\/magazin\/wp-json\/wp\/v2\/media?parent=83503"}],"wp:term":[{"taxonomy":"category","embeddable":true,"href":"https:\/\/www.mojevrijeme.hr\/magazin\/wp-json\/wp\/v2\/categories?post=83503"},{"taxonomy":"post_tag","embeddable":true,"href":"https:\/\/www.mojevrijeme.hr\/magazin\/wp-json\/wp\/v2\/tags?post=83503"}],"curies":[{"name":"wp","href":"https:\/\/api.w.org\/{rel}","templated":true}]}}