{"id":83537,"date":"2023-08-20T13:24:23","date_gmt":"2023-08-20T11:24:23","guid":{"rendered":"https:\/\/www.mojevrijeme.hr\/magazin\/?p=83537"},"modified":"2023-08-20T14:49:05","modified_gmt":"2023-08-20T12:49:05","slug":"frustracija-preplanuli-politicari-masu-umirovljenicima-s-jadranskih-plaza","status":"publish","type":"post","link":"https:\/\/www.mojevrijeme.hr\/magazin\/2023\/08\/frustracija-preplanuli-politicari-masu-umirovljenicima-s-jadranskih-plaza\/","title":{"rendered":"&#8216;Preplanuli politi\u010dari ma\u0161u umirovljenicima s jadranskih pla\u017ea&#8217;"},"content":{"rendered":"\n<p>U novoj vikend-objavi koalicija umirovljeni\u010dkih stranaka Umirovljenici zajedno upozorava da sve vi\u0161e rastu frustracije gra\u0111ana, posebno umirovljenika, prema politi\u010darima koji im preplanulog tena i uglavnom preko dru\u0161tvenih mre\u017ea veselo ma\u0161u iz mnogih atraktivnih turisti\u010dkih destinacija diljem na\u0161eg prelijepog Jadrana.<\/p>\n\n\n\n<p>&#8220;Ako su se negdje i pojavili u radnom modu onda je to uglavnom bilo protokolarne naravi i u blizini mjesta odmaranja. Tek rijetki me\u0111u njima su morali prekidati odmor i odraditi svoj posao jer kao \u0161to znamo razne vremenske nepogode ili iznenadni doga\u0111aji ba\u0161 i ne biraju vrijeme.&#8221;<\/p>\n\n\n\n<p>&#8220;Za razliku od na\u0161ih politi\u010dara, u prvom redu saborskih zastupnika i \u010dlanova Vlade, kao i jo\u0161 bezbroj drugih na politi\u010dkim pozicijama koji na more mogu kada god za\u017eele, prosje\u010dan umirovljenik mo\u017ee samo sanjati \u010dak i o samo jednom jedinom danu na moru. Neki &#8216;zabrinuti&#8217; politi\u010dari za na\u0161 turizam su komentirali kuglicu sladoleda od &#8216;preskupih&#8217; 4 eura, pa i enormne cijene, uglavnom skupe ribe u isto tako skupim restoranima, no za \u010dudo ve\u0107ina njih nije primijetila, ili ih uop\u0107e nije briga, da su u samo godinu dana osnovne \u017eive\u017ene namirnice poput kruha, mesa, vo\u0107a i povr\u0107a poskupjele nekoliko desetaka posto, a mnoge i preko 100 posto&#8221;, pi\u0161u Umirovljenici zajedno.<\/p><div id=\"mojev-2150554040\" class=\"mojev-u-tekstu mojev-entity-placement\" style=\"margin-left: auto;margin-right: auto;text-align: center;\"><div class=\"mojev-adlabel\">oglas<\/div><div style=\"height: 250px;\"><script async src=\"https:\/\/pagead2.googlesyndication.com\/pagead\/js\/adsbygoogle.js?client=ca-pub-8106111766207173\"\r\n     crossorigin=\"anonymous\"><\/script>\r\n<!-- Prikazni 1 u tekstu -->\r\n<ins class=\"adsbygoogle\"\r\n     style=\"display:block\"\r\n     data-ad-client=\"ca-pub-8106111766207173\"\r\n     data-ad-slot=\"8535551207\"\r\n     data-ad-format=\"auto\"\r\n     data-full-width-responsive=\"true\"><\/ins>\r\n<script>\r\n     (adsbygoogle = window.adsbygoogle || []).push({});\r\n<\/script><\/div><\/div><br style=\"clear: both; display: block; float: none;\"\/>\n\n\n\n<p>&#8220;Kako za na\u0161e umirovljenike ni ovoga ljeta nema kupanja u moru ve\u0107 uglavnom u obli\u017enjem potoku, rijeci ili lavoru, vodstvo Platforme Umirovljenici zajedno se solidariziralo sa njima pa su umjesto na more i odmaranja cijelo ljeto radili punom parom kako bi izradili i javnosti predstavili niz prijedloga koji su upu\u0107eni Vladi. To su prijedlozi sa kojima bi u suradnji sa Vladom krenuli u beskompromisnu borbu protiv siroma\u0161tva, rastu\u0107e po\u0161asti koja poga\u0111a sve vi\u0161e na\u0161ih gra\u0111ana, ponajvi\u0161e umirovljenike kojima se mirovine usprkos rekordnom rastu i uskla\u0111enjima, gledaju\u0107i kroz kupovnu mo\u0107, zapravo konstantno smanjuju.&#8221;<\/p>\n\n\n\n<p>&#8220;Jasno je oni sa dobrim primanjima svaki dan mogu blagovati u bilo kojem restoranu ba\u0161 i ne razmi\u0161ljaju, a mnogi uop\u0107e ne mogu ni pojmiti, \u0161to za sve vi\u0161e na\u0161ih sugra\u0111ana zna\u010di kada se samo cijena kruha sa 1 eura preko no\u0107i podigne 100 posto odnosno na 2 eura, do\u010dim su pla\u0107e i mirovine u istom periodu rasle tek za nekoliko postotaka. Jasno je da \u0107e se svaka, pa i ova Vlada, pohvaliti rekordnim rastom pla\u0107a i mirovina jer je to naprosto \u010dinjenica koja im ide u prilog, ba\u0161 kao \u0161to je jasno i da \u0107e uljep\u0161ati ili pre\u0161utjeti sve ono \u0161to im ne ide u prilog&#8221;, stoji u priop\u0107enju.<\/p>\n\n\n\n<p>&#8220;Ono \u0161to pak mnogim gra\u0111anima, umirovljenicima, pa i nama nije jasno je pona\u0161anje takozvane oporbe. Ka\u017eemo takozvane jer naprosto nije normalno da netko tko \u017eeli do\u0107i na vlast mo\u017ee &#8216;prespavati&#8217; cijelo ljeto. Neki od njih poput npr. Branka Gr\u010di\u0107a SDP iznebuha i ni\u010dim izazvan&nbsp; najavljuje kako \u0107e oni (SDP) po\u010deti raditi u rujnu &#8216;nakon \u0161to mine jo\u0161 jedan toplinski val&#8217; navode\u0107i pri tome neke &#8216;nove&#8217; prijedloge za boljitak umirovljenika. Molim!?&#8221;<\/p>\n\n\n\n<p>&#8220;Za neke bi bilo bolje da ne &#8216;prekidaju&#8217; godi\u0161nji odmor jer im i onako traje 365 dana. Stoga nije ni \u010dudo da uz ovakvu oporbu rejting HDZ-a, uz sve propuste, izgleda kao da je na steroidima&#8221;, zaklju\u010duju iz Platforme Umirovljenici zajedno. <\/p>\n<div id=\"mojev-3316588018\" class=\"mojev-kraj-teksta mojev-entity-placement\" style=\"margin-bottom: 20px;margin-left: auto;margin-right: auto;text-align: center;\"><div class=\"mojev-adlabel\">oglas<\/div><div style=\"height: 250px;\"><script async src=\"https:\/\/pagead2.googlesyndication.com\/pagead\/js\/adsbygoogle.js?client=ca-pub-8106111766207173\"\r\n     crossorigin=\"anonymous\"><\/script>\r\n<!-- Display-1 -->\r\n<ins class=\"adsbygoogle\"\r\n     style=\"display:block\"\r\n     data-ad-client=\"ca-pub-8106111766207173\"\r\n     data-ad-slot=\"1465712950\"\r\n     data-ad-format=\"auto\"\r\n     data-full-width-responsive=\"true\"><\/ins>\r\n<script>\r\n     (adsbygoogle = window.adsbygoogle || []).push({});\r\n<\/script><\/div><\/div>","protected":false},"excerpt":{"rendered":"<p>Za neke bi bilo bolje da ne &#8216;prekidaju&#8217; godi\u0161nji odmor jer im i onako traje 365 dana. Stoga nije ni \u010dudo da uz ovakvu oporbu rejting HDZ-a, uz sve propuste, izgleda kao da je na steroidima.<\/p>\n","protected":false},"author":1,"featured_media":83539,"comment_status":"closed","ping_status":"closed","sticky":false,"template":"","format":"standard","meta":{"footnotes":""},"categories":[9],"tags":[3306],"class_list":["post-83537","post","type-post","status-publish","format-standard","has-post-thumbnail","hentry","category-vijesti","tag-umirovljenici-zajedno"],"_links":{"self":[{"href":"https:\/\/www.mojevrijeme.hr\/magazin\/wp-json\/wp\/v2\/posts\/83537","targetHints":{"allow":["GET"]}}],"collection":[{"href":"https:\/\/www.mojevrijeme.hr\/magazin\/wp-json\/wp\/v2\/posts"}],"about":[{"href":"https:\/\/www.mojevrijeme.hr\/magazin\/wp-json\/wp\/v2\/types\/post"}],"author":[{"embeddable":true,"href":"https:\/\/www.mojevrijeme.hr\/magazin\/wp-json\/wp\/v2\/users\/1"}],"replies":[{"embeddable":true,"href":"https:\/\/www.mojevrijeme.hr\/magazin\/wp-json\/wp\/v2\/comments?post=83537"}],"version-history":[{"count":0,"href":"https:\/\/www.mojevrijeme.hr\/magazin\/wp-json\/wp\/v2\/posts\/83537\/revisions"}],"wp:featuredmedia":[{"embeddable":true,"href":"https:\/\/www.mojevrijeme.hr\/magazin\/wp-json\/wp\/v2\/media\/83539"}],"wp:attachment":[{"href":"https:\/\/www.mojevrijeme.hr\/magazin\/wp-json\/wp\/v2\/media?parent=83537"}],"wp:term":[{"taxonomy":"category","embeddable":true,"href":"https:\/\/www.mojevrijeme.hr\/magazin\/wp-json\/wp\/v2\/categories?post=83537"},{"taxonomy":"post_tag","embeddable":true,"href":"https:\/\/www.mojevrijeme.hr\/magazin\/wp-json\/wp\/v2\/tags?post=83537"}],"curies":[{"name":"wp","href":"https:\/\/api.w.org\/{rel}","templated":true}]}}