{"id":83564,"date":"2023-08-21T08:42:46","date_gmt":"2023-08-21T06:42:46","guid":{"rendered":"https:\/\/www.mojevrijeme.hr\/magazin\/?p=83564"},"modified":"2023-08-21T08:42:50","modified_gmt":"2023-08-21T06:42:50","slug":"umirovljenice-sadnjom-cvijeca-podebljavaju-budzet-ali-i-lijece-dusu","status":"publish","type":"post","link":"https:\/\/www.mojevrijeme.hr\/magazin\/2023\/08\/umirovljenice-sadnjom-cvijeca-podebljavaju-budzet-ali-i-lijece-dusu\/","title":{"rendered":"Umirovljenice sadnjom cvije\u0107a podebljavaju bud\u017eet, ali i lije\u010de du\u0161u"},"content":{"rendered":"\n<p>Junakinje ove pri\u010de \u017eivot nije mazio, ali hrabro su mu odgovorile. Radost, ali i izvor dodatne zarade prona\u0161le su u uzgoju cvije\u0107a.&nbsp;<\/p>\n\n\n\n<p>Naime, kad se prije 17 godina te\u0161ko razboljela&nbsp;<strong>Anica Ger\u010dko&nbsp;<\/strong>iz Slavonskog Broda nije se predala. &#8220;Imala sam rak jajnika i onda kad je sve to pro\u0161lo, ina\u010de oduvijek volim cvije\u0107e, onda sam polako krenula&#8221;, ispri\u010dala je za <a href=\"https:\/\/magazin.hrt.hr\/price-iz-hrvatske\/zene-koje-su-radost-ali-i-izvor-dodatne-zarade-pronasle-u-uzgoju-cvijeca-10962780\" target=\"_blank\" rel=\"noreferrer noopener\">javnu televiziju<\/a>. <\/p>\n\n\n\n<p>Osnovala je malo obiteljsko gospodarstvo i omiljene cvjetnice uzgaja na oko pola hektara. Sve po starinski, bez strojeva i plastenika. Dok radi dobro se oznoji, ali cvije\u0107e je, ka\u017ee, i radost i terapija.&nbsp;&#8220;Krenem ujutro \u010dupati travu, zanesem se ne mislim o tome. Mislim da me to izvuklo i rad s ljudima na tr\u017enici&#8221;, rekla je Anica.&nbsp;<\/p><div id=\"mojev-1624170851\" class=\"mojev-u-tekstu mojev-entity-placement\" style=\"margin-left: auto;margin-right: auto;text-align: center;\"><div class=\"mojev-adlabel\">oglas<\/div><div style=\"height: 250px;\"><script async src=\"https:\/\/pagead2.googlesyndication.com\/pagead\/js\/adsbygoogle.js?client=ca-pub-8106111766207173\"\r\n     crossorigin=\"anonymous\"><\/script>\r\n<!-- Prikazni 1 u tekstu -->\r\n<ins class=\"adsbygoogle\"\r\n     style=\"display:block\"\r\n     data-ad-client=\"ca-pub-8106111766207173\"\r\n     data-ad-slot=\"8535551207\"\r\n     data-ad-format=\"auto\"\r\n     data-full-width-responsive=\"true\"><\/ins>\r\n<script>\r\n     (adsbygoogle = window.adsbygoogle || []).push({});\r\n<\/script><\/div><\/div><br style=\"clear: both; display: block; float: none;\"\/>\n\n\n\n<p>Jer stalni kupci tra\u017ee ba\u0161 ono \u0161to nudi cvije\u0107e s bojama i mirisima djetinjstva, lijepe kate, cinije, uresnice. &#8220;Ja volim doma\u0107e, znam da je to Ani\u010dino doma\u0107e&#8221;, kazala je\u00a0<strong>Katica \u010cermak<\/strong> dok <strong>Slavica Andri\u0107<\/strong> za Ani\u010dino cvije\u0107e dodaje: &#8220;Prekrasno je cvije\u0107e, pravo doma\u0107e prirodno nije ni\u0161ta umjetno.&#8221; &#8220;To ne mo\u017ee svakom uspjeti. Cvije\u0107e treba znati odgojit i za cvije\u0107e treba jako puno strpljenja&#8221;, misli <strong>Gordana Mili\u0107<\/strong>.<\/p>\n\n\n\n<figure class=\"wp-block-image size-large\"><img loading=\"lazy\" decoding=\"async\" width=\"740\" height=\"444\" src=\"https:\/\/www.mojevrijeme.hr\/magazin\/wp-content\/uploads\/2023\/08\/dragica-klaric-740x444.jpg\" alt=\"\" class=\"wp-image-83567\" srcset=\"https:\/\/www.mojevrijeme.hr\/magazin\/wp-content\/uploads\/2023\/08\/dragica-klaric-740x444.jpg 740w, https:\/\/www.mojevrijeme.hr\/magazin\/wp-content\/uploads\/2023\/08\/dragica-klaric-636x382.jpg 636w, https:\/\/www.mojevrijeme.hr\/magazin\/wp-content\/uploads\/2023\/08\/dragica-klaric-768x461.jpg 768w, https:\/\/www.mojevrijeme.hr\/magazin\/wp-content\/uploads\/2023\/08\/dragica-klaric-1536x922.jpg 1536w, https:\/\/www.mojevrijeme.hr\/magazin\/wp-content\/uploads\/2023\/08\/dragica-klaric-1500x900.jpg 1500w, https:\/\/www.mojevrijeme.hr\/magazin\/wp-content\/uploads\/2023\/08\/dragica-klaric-1600x960.jpg 1600w, https:\/\/www.mojevrijeme.hr\/magazin\/wp-content\/uploads\/2023\/08\/dragica-klaric-590x354.jpg 590w, https:\/\/www.mojevrijeme.hr\/magazin\/wp-content\/uploads\/2023\/08\/dragica-klaric-400x240.jpg 400w, https:\/\/www.mojevrijeme.hr\/magazin\/wp-content\/uploads\/2023\/08\/dragica-klaric.jpg 2000w\" sizes=\"auto, (max-width: 740px) 100vw, 740px\" \/><figcaption class=\"wp-element-caption\">Dragica Klari\u0107 (scr: S. Bura\/mj)<\/figcaption><\/figure>\n\n\n\n<p>Zna to dobro i <strong>Dragica Klari\u0107<\/strong> (73) iz Slavonskog broda. Cvije\u0107e je po\u010dela uzgajati kad su u ratu ona i suprug ostali bez posla: &#8220;Nekad se proda fino, nekad ne.&#8221;<\/p>\n\n\n\n<p>Podebljaju se skromne mirovine, ka\u017eu ove proizvo\u0111a\u010dice cvije\u0107a. &#8220;Zaradim si, priu\u0161tim si ono \u0161to mi je najnu\u017enije da si kupim drva&#8221;, istaknula je Dragica.&nbsp;&#8220;Ja mogu jo\u0161 zaradit jednu mirovinu&#8221;, objasnila je Anica.&nbsp;A njihove rasko\u0161ne cvjetne gredice daju im i vi\u0161e, daju im mir i snagu. Jer one su sna\u017ene \u017eene s pri\u010dama koje inspiriraju i osmijesima koji ohrabruju. Cijeli video prilog pogledajte na <a href=\"https:\/\/magazin.hrt.hr\/price-iz-hrvatske\/zene-koje-su-radost-ali-i-izvor-dodatne-zarade-pronasle-u-uzgoju-cvijeca-10962780\" target=\"_blank\" rel=\"noreferrer noopener\">ovoj poveznici<\/a>.<\/p>\n<div id=\"mojev-2363073844\" class=\"mojev-kraj-teksta mojev-entity-placement\" style=\"margin-bottom: 20px;margin-left: auto;margin-right: auto;text-align: center;\"><div class=\"mojev-adlabel\">oglas<\/div><div style=\"height: 250px;\"><script async src=\"https:\/\/pagead2.googlesyndication.com\/pagead\/js\/adsbygoogle.js?client=ca-pub-8106111766207173\"\r\n     crossorigin=\"anonymous\"><\/script>\r\n<!-- Display-1 -->\r\n<ins class=\"adsbygoogle\"\r\n     style=\"display:block\"\r\n     data-ad-client=\"ca-pub-8106111766207173\"\r\n     data-ad-slot=\"1465712950\"\r\n     data-ad-format=\"auto\"\r\n     data-full-width-responsive=\"true\"><\/ins>\r\n<script>\r\n     (adsbygoogle = window.adsbygoogle || []).push({});\r\n<\/script><\/div><\/div>","protected":false},"excerpt":{"rendered":"<p>Njihove rasko\u0161ne cvjetne gredice daju im i vi\u0161e od novca, daju im mir i snagu. Jer one su sna\u017ene \u017eene s pri\u010dama koje inspiriraju i osmijesima koji ohrabruju.<\/p>\n","protected":false},"author":1,"featured_media":83566,"comment_status":"closed","ping_status":"closed","sticky":false,"template":"","format":"standard","meta":{"footnotes":""},"categories":[2],"tags":[579,1342,960],"class_list":["post-83564","post","type-post","status-publish","format-standard","has-post-thumbnail","hentry","category-mozaik","tag-cvijece","tag-rad-uz-mirovinu","tag-vrtlarstvo"],"_links":{"self":[{"href":"https:\/\/www.mojevrijeme.hr\/magazin\/wp-json\/wp\/v2\/posts\/83564","targetHints":{"allow":["GET"]}}],"collection":[{"href":"https:\/\/www.mojevrijeme.hr\/magazin\/wp-json\/wp\/v2\/posts"}],"about":[{"href":"https:\/\/www.mojevrijeme.hr\/magazin\/wp-json\/wp\/v2\/types\/post"}],"author":[{"embeddable":true,"href":"https:\/\/www.mojevrijeme.hr\/magazin\/wp-json\/wp\/v2\/users\/1"}],"replies":[{"embeddable":true,"href":"https:\/\/www.mojevrijeme.hr\/magazin\/wp-json\/wp\/v2\/comments?post=83564"}],"version-history":[{"count":0,"href":"https:\/\/www.mojevrijeme.hr\/magazin\/wp-json\/wp\/v2\/posts\/83564\/revisions"}],"wp:featuredmedia":[{"embeddable":true,"href":"https:\/\/www.mojevrijeme.hr\/magazin\/wp-json\/wp\/v2\/media\/83566"}],"wp:attachment":[{"href":"https:\/\/www.mojevrijeme.hr\/magazin\/wp-json\/wp\/v2\/media?parent=83564"}],"wp:term":[{"taxonomy":"category","embeddable":true,"href":"https:\/\/www.mojevrijeme.hr\/magazin\/wp-json\/wp\/v2\/categories?post=83564"},{"taxonomy":"post_tag","embeddable":true,"href":"https:\/\/www.mojevrijeme.hr\/magazin\/wp-json\/wp\/v2\/tags?post=83564"}],"curies":[{"name":"wp","href":"https:\/\/api.w.org\/{rel}","templated":true}]}}