{"id":83694,"date":"2023-08-23T22:26:28","date_gmt":"2023-08-23T20:26:28","guid":{"rendered":"https:\/\/www.mojevrijeme.hr\/magazin\/?p=83694"},"modified":"2023-08-23T22:27:28","modified_gmt":"2023-08-23T20:27:28","slug":"nijemci-dulje-rade-ali-i-dulje-uzivaju-mirovinu","status":"publish","type":"post","link":"https:\/\/www.mojevrijeme.hr\/magazin\/2023\/08\/nijemci-dulje-rade-ali-i-dulje-uzivaju-mirovinu\/","title":{"rendered":"Nijemci dulje rade, ali i dulje u\u017eivaju mirovinu"},"content":{"rendered":"\n<p>Prema nedavno objavljenim podacima Njema\u010dkog dru\u0161tva za mirovinsko osiguranje, prosje\u010dna dob odlaska u mirovinu u Njema\u010dkoj zna\u010dajno se pove\u0107ala tijekom posljednjih nekoliko desetlje\u0107a. U usporedbi s podacima iz 2001. godine, Nijemci sada odlaze u mirovinu u prosjeku sa 64,4 godine, \u0161to je \u010dak dvije godine kasnije nego prije vi\u0161e od dva desetlje\u0107a.<\/p>\n\n\n\n<p>U 2001. godini, mu\u0161karci su prosje\u010dno odlazili u mirovinu s 62,4 godine, dok su \u017eene odlazile sa 62,5 godina. Te se brojke znatno promijenile tijekom godina, a u 2021. prosje\u010dna dob za odlazak u mirovinu iznosila je 64,1 godina za mu\u0161karce i 64,2 godine za \u017eene. Pro\u0161le godine, prosje\u010dna dob za umirovljenje iznosila je 64,4 godine za oba spola.<\/p>\n\n\n\n<p>Istovremeno, produljeno trajanje primanja mirovina odra\u017eava \u010dinjenicu da njema\u010dki umirovljenici \u017eive dulje nego prije. Prema istim izvje\u0161\u0107ima, mu\u0161karci su pro\u0161le godine primili mirovinu u prosjeku 18,8 godina, \u0161to je sli\u010dno kao i u 2021. godini, ali zna\u010dajno dulje od 16,7 godina primanja mirovine u 2012. godini. \u017dene su, s druge strane, u 2022. godini primale mirovinu u prosjeku 22,2 godine, \u0161to je ne\u0161to dulje nego prethodne godine i gotovo godinu dana dulje u usporedbi s podacima iz 2012.<\/p><div id=\"mojev-2734242470\" class=\"mojev-u-tekstu mojev-entity-placement\" style=\"margin-left: auto;margin-right: auto;text-align: center;\"><div class=\"mojev-adlabel\">oglas<\/div><div style=\"height: 250px;\"><script async src=\"https:\/\/pagead2.googlesyndication.com\/pagead\/js\/adsbygoogle.js?client=ca-pub-8106111766207173\"\r\n     crossorigin=\"anonymous\"><\/script>\r\n<!-- Prikazni 1 u tekstu -->\r\n<ins class=\"adsbygoogle\"\r\n     style=\"display:block\"\r\n     data-ad-client=\"ca-pub-8106111766207173\"\r\n     data-ad-slot=\"8535551207\"\r\n     data-ad-format=\"auto\"\r\n     data-full-width-responsive=\"true\"><\/ins>\r\n<script>\r\n     (adsbygoogle = window.adsbygoogle || []).push({});\r\n<\/script><\/div><\/div><br style=\"clear: both; display: block; float: none;\"\/>\n\n\n\n<p>Ovi podaci ukazuju na promjene u dinamici umirovljenja i dugovje\u010dnosti njema\u010dkog stanovni\u0161tva te mogu\u0107e utjecaje novih trendova na gospodarstvo i dru\u0161tvo. &#8220;Iako je pove\u0107anje op\u0107eg \u017eivotnog vijeka vrlo dobrodo\u0161la \u010dinjenica, ono predstavlja i izazov za zbrinjavanje u starosti&#8221;, navode iz mirovinskog dru\u0161tva. Zbog toga \u0107e se dob za umirovljenje do 2031. godine postupno podizati na 67 godina \u017eivota.<\/p>\n<div id=\"mojev-552682047\" class=\"mojev-kraj-teksta mojev-entity-placement\" style=\"margin-bottom: 20px;margin-left: auto;margin-right: auto;text-align: center;\"><div class=\"mojev-adlabel\">oglas<\/div><div style=\"height: 250px;\"><script async src=\"https:\/\/pagead2.googlesyndication.com\/pagead\/js\/adsbygoogle.js?client=ca-pub-8106111766207173\"\r\n     crossorigin=\"anonymous\"><\/script>\r\n<!-- Display-1 -->\r\n<ins class=\"adsbygoogle\"\r\n     style=\"display:block\"\r\n     data-ad-client=\"ca-pub-8106111766207173\"\r\n     data-ad-slot=\"1465712950\"\r\n     data-ad-format=\"auto\"\r\n     data-full-width-responsive=\"true\"><\/ins>\r\n<script>\r\n     (adsbygoogle = window.adsbygoogle || []).push({});\r\n<\/script><\/div><\/div>","protected":false},"excerpt":{"rendered":"<p>Ovi podaci ukazuju na promjene u dinamici umirovljenja i dugovje\u010dnosti njema\u010dkog stanovni\u0161tva te mogu\u0107e utjecaje novih trendova na gospodarstvo i dru\u0161tvo.<\/p>\n","protected":false},"author":1,"featured_media":82396,"comment_status":"closed","ping_status":"closed","sticky":false,"template":"","format":"standard","meta":{"footnotes":""},"categories":[9],"tags":[2706,18,127],"class_list":["post-83694","post","type-post","status-publish","format-standard","has-post-thumbnail","hentry","category-vijesti","tag-dob-za-umirovljenje","tag-mirovine","tag-njemacka"],"_links":{"self":[{"href":"https:\/\/www.mojevrijeme.hr\/magazin\/wp-json\/wp\/v2\/posts\/83694","targetHints":{"allow":["GET"]}}],"collection":[{"href":"https:\/\/www.mojevrijeme.hr\/magazin\/wp-json\/wp\/v2\/posts"}],"about":[{"href":"https:\/\/www.mojevrijeme.hr\/magazin\/wp-json\/wp\/v2\/types\/post"}],"author":[{"embeddable":true,"href":"https:\/\/www.mojevrijeme.hr\/magazin\/wp-json\/wp\/v2\/users\/1"}],"replies":[{"embeddable":true,"href":"https:\/\/www.mojevrijeme.hr\/magazin\/wp-json\/wp\/v2\/comments?post=83694"}],"version-history":[{"count":0,"href":"https:\/\/www.mojevrijeme.hr\/magazin\/wp-json\/wp\/v2\/posts\/83694\/revisions"}],"wp:featuredmedia":[{"embeddable":true,"href":"https:\/\/www.mojevrijeme.hr\/magazin\/wp-json\/wp\/v2\/media\/82396"}],"wp:attachment":[{"href":"https:\/\/www.mojevrijeme.hr\/magazin\/wp-json\/wp\/v2\/media?parent=83694"}],"wp:term":[{"taxonomy":"category","embeddable":true,"href":"https:\/\/www.mojevrijeme.hr\/magazin\/wp-json\/wp\/v2\/categories?post=83694"},{"taxonomy":"post_tag","embeddable":true,"href":"https:\/\/www.mojevrijeme.hr\/magazin\/wp-json\/wp\/v2\/tags?post=83694"}],"curies":[{"name":"wp","href":"https:\/\/api.w.org\/{rel}","templated":true}]}}