{"id":83703,"date":"2023-08-24T09:49:47","date_gmt":"2023-08-24T07:49:47","guid":{"rendered":"https:\/\/www.mojevrijeme.hr\/magazin\/?p=83703"},"modified":"2023-08-24T09:49:50","modified_gmt":"2023-08-24T07:49:50","slug":"helga-76-s-njemackom-penzijom-od-1-620-eura-ja-ne-jedem-snicle","status":"publish","type":"post","link":"https:\/\/www.mojevrijeme.hr\/magazin\/2023\/08\/helga-76-s-njemackom-penzijom-od-1-620-eura-ja-ne-jedem-snicle\/","title":{"rendered":"Helga (76): S njema\u010dkom penzijom od 1.620 eura ja ne jedem \u0161nicle"},"content":{"rendered":"\n<p>&#8220;Primam 1.050 eura svoje mirovine te dio od 70 posto obiteljske mirovine na pokojnog supruga, \u0161to iznosi 570 eura. S tih 1.620 eura, jako pazim kako \u017eivim. Da sam podstanar, a stanovi su tu u mojoj regiji, ako ho\u0107ete imati spava\u0107u sobu, od 600 do 800 eura, ne bih opstala. Jer kad bih na taj iznos platila re\u017eije i lijekove, bila bih gladna. Svaki dan zahvaljujem Bogu \u0161to smo suprug i ja, dok je bio \u017eiv, otplatili ku\u0107u&#8221;, rekla nam je umirovljenica Helga M\u00fcller iskrenom razgovoru.<\/p>\n\n\n\n<p>Objasnila je potom na \u0161to najvi\u0161e tro\u0161i. &#8220;Na katu ku\u0107e \u017eivi i sin i strogo dijelimo tro\u0161kove \u2013 sama ne bih mogla platiti lo\u017e ulje za grijanje i toplu vodu. To platimo samo jednom godi\u0161nje, ali je cifra ogromna. Zato svaki mjesec na stranu stavim 300 eura na ime tro\u0161kova. Tu mi ve\u0107 mirovina padne na nekih 1.300 eura. Unato\u010d zdravstvenom osiguranju, svaki mjesec me pet lijekova koje uzimam ko\u0161ta oko 120 eura, uklju\u010duju\u0107i pripravke za osteoporozu koje pla\u0107am bez recepta. Onda dodam za ostatak re\u017eija, a ostalo ide na skupu i preskupu hranu, i iznenadne tro\u0161kove koji su tu \u017eivi u\u017eas&#8221;, govori nam.<\/p>\n\n\n\n<h3 class=\"wp-block-heading\">Dopla\u0107uje slu\u0161ni aparat i lijekove<\/h3>\n\n\n\n<p>Prvi je slu\u0161ni aparat platila u cijelosti i to 5.000 eura. &#8220;Tada je suprug jo\u0161 bio \u017eiv i mi smo s dvije mirovine mogli u\u0161tedjeti za takvo ne\u0161to. Ja si to sama ni u ludilu ne mogu priu\u0161titi. Sada trebam novi aparat, ali bome vi\u0161e ne idem privatno, nosit \u0107u socijalni, unato\u010d tome \u0161to imam specifi\u010dan problem sa sluhom jer ne \u010duje samo odre\u0111ene frekvencije, a to bi mi rije\u0161ili jedino jako skupi aparati\u0107i. I ovaj socijalni moram doplatiti oko 800 eura, dakle, da nemam par stotina eura sa strane, trebala bih skupljati mjesecima da si to platim&#8221;, govori nam.<\/p><div id=\"mojev-3319995442\" class=\"mojev-u-tekstu mojev-entity-placement\" style=\"margin-left: auto;margin-right: auto;text-align: center;\"><div class=\"mojev-adlabel\">oglas<\/div><div style=\"height: 250px;\"><script async src=\"https:\/\/pagead2.googlesyndication.com\/pagead\/js\/adsbygoogle.js?client=ca-pub-8106111766207173\"\r\n     crossorigin=\"anonymous\"><\/script>\r\n<!-- Prikazni 1 u tekstu -->\r\n<ins class=\"adsbygoogle\"\r\n     style=\"display:block\"\r\n     data-ad-client=\"ca-pub-8106111766207173\"\r\n     data-ad-slot=\"8535551207\"\r\n     data-ad-format=\"auto\"\r\n     data-full-width-responsive=\"true\"><\/ins>\r\n<script>\r\n     (adsbygoogle = window.adsbygoogle || []).push({});\r\n<\/script><\/div><\/div><br style=\"clear: both; display: block; float: none;\"\/>\n\n\n\n<p>Za nju s ovom mirovinom, za njema\u010dke prilike, nema luksuza. &#8220;I na ku\u0107i uvijek ne\u0161to treba napraviti i popraviti, i za to odvajam, ni sin koji je rastavljen i ima jedno dijete, ne mo\u017ee sve lako pokrivati. Moj luksuz je jednom u tri mjeseca oti\u0107i frizeru, jednom u \u0161est mjeseci iz potrebe pedikeru. Jednom u tri mjeseca odem u restoran s unukom Natali koja \u017eivi u blizini, ne osje\u0107am se dobro ako ona plati pa ili platim ja, ili joj taj dan gurnem 50 ili 100 eura, da ima, mlada je i treba joj i vi\u0161e nego meni&#8221;, ka\u017ee nam.<\/p>\n\n\n\n<h3 class=\"wp-block-heading\">U restoran rijetko, i to jeftiniji<\/h3>\n\n\n\n<p>Restoran, ka\u017ee, pomno biraju, ne ide u one skuplje ama ba\u0161 nikad. &#8220;Ja nemam 43 eura za platiti ne znam ja kakav odle\u017eani <em>steak<\/em>, plus pi\u0107e. Nas dvije, a ponekad nam se priklju\u010di i njezin de\u010dko, odemo u indijski, kineski ili tajlandski, koji su malo jeftiniji, vi\u0161e da se dru\u017eimo i ne kuhamo kod ku\u0107e, negoli zbog ne znam ja kakvih bakanalija. Dakle, zaboravite \u010deste odlaske njema\u010dkih umirovljenika u restorane, pa makar to bile pizzerije. To meni uop\u0107e ne pada na pamet&#8221;, govori.<\/p>\n\n\n\n<p>Kako ka\u017ee, jo\u0161 manje to pada na pamet njenim znanicama koje imaju po 900 eura mirovine. Zna jednu, ka\u017ee, koja nije radila, a po suprugu dobije \u2013 njezine su rije\u010di  \u2013 &#8220;pi\u0161ljivih 650 eura&#8221;.<\/p>\n\n\n\n<p>&#8220;S tim si mogu g\u2026 u Njema\u010dkoj obrisat, da ne budem prosta\u2026 Ali nekad jesam prosta, jer sam ve\u0107 i sama ponekad umorna od toliko pretakanja mirovine iz \u0161upljeg u prazno. Svako malo iskrsne tro\u0161ak, nikad mira. Prije, tamo osamdesetih, nije bilo tako, grijanje, struja, benzin, to nije bilo tako skupo. Ni kod doktora se nisi bojao oti\u0107i, sada ne smije\u0161 biti bolestan jer te to dokraj\u010di&#8221;, napominje.<\/p>\n\n\n\n<h3 class=\"wp-block-heading\">Auto je u mirovini uteg<\/h3>\n\n\n\n<p>&#8220;Dok jo\u0161 mogu, vozim, i to sre\u0107om jer \u017eivim u velikom selu, ali mi je diskontni du\u0107an tri kilometra udaljen. Tako da zasad imam i taj tro\u0161ak auta. Mnogi se u mirovini voze autobusom koji ide svakih 15 minuta, to je jeftinije nego registracija, servisi i osiguranja za auto, da ne ka\u017eem kako mi je te\u0161ko kad moram pru\u017eiti eure za preskupi benzin. I evo, to na \u0161to jo\u0161 tro\u0161im su uglavnom hrana i ku\u0107ne potrep\u0161tine. U \u0161peceraj idem jednom do dvaput tjedno, kupujem skoro sve na akciji, ali ostavim na kraju pove\u0107u svotu u odnosu na iznos penzije i drugih tro\u0161kova&#8221;, povjerava nam.<\/p>\n\n\n\n<p>&#8220;Kuham i za sina, ali kako on ima pedeset godina i voli si pojesti dobru \u0161niclu, ja ga moram zamoliti da si meso pla\u0107a sam. Tako mi on daje oko 200 eura i to sve ode na meso za njega. Meso je oti\u0161lo gore ne dvaput, poneko je oti\u0161lo i \u010detiri puta. Ni kod nas vam, eto, cijene nisu normalne, a vidim, nisu ni kod vas. Ja ne mogu vjerovati da vi \u017eivite s po 300, 400 ili 500 eura u mirovini. To je gore nezamislivo&#8221;, obja\u0161njava gospo\u0111a Helga.<\/p>\n\n\n\n<h3 class=\"wp-block-heading\">&#8220;Hrvatska je postala skupa\u201d<\/h3>\n\n\n\n<p>\u201dKad sam ja vidjela ra\u010dun od 70 eura za nas troje tu u jednoj va\u0161oj pizzeriji na otoku, meni se to \u010dinilo jako puno. Tri kave pla\u0107amo 8,10 eura, i to je dosta. Rekli su mi i k\u0107i i zet da su na pla\u017ei nave\u010der popili svaki po dva Aperola i platili 25 eura. To s penzijom mo\u017eete samo ma\u0161tati. Neki koje znam skupe za apartman, put i ne\u0161to hrane, ali ka\u017eu da nigdje ne izlaze, vrate se za tjedan dana u svoj \u0161tedni ritam&#8221;, ka\u017ee nadalje. Kako vidi, dodaje, na otoku se u sezoni par bez problema potro\u0161i i 200 eura dnevno i to joj se \u010dini suludo.<\/p>\n\n\n\n<p>&#8220;Ako tu kod vas ne idemo u dosta udaljen diskontni du\u0107an pa ne\u0161to kupim u lokalnom, \u010dudim se cijenama, evo mali jogurt u \u010da\u0161ici vam ko\u0161ta par centi preko eura, pa ja kod nas kupim dva ili skoro tri za to. I tako gledam sve, ba\u0161 vam je puno toga postalo jako skupo. Lijep vam je otok, imamo divno vrijeme, toplo je more, ja ba\u0161 u\u017eivam pa rekoh hajde, ne\u0107u si ovi lijepe dane pokvariti zbog cijena, a i k\u0107i \u010dasti apartmanom. Brige ostavljam za Njema\u010dku&#8221;, ka\u017ee nam gospo\u0111a Helga nakon ugodnog razgovora.<\/p>\n<div id=\"mojev-3035969268\" class=\"mojev-kraj-teksta mojev-entity-placement\" style=\"margin-bottom: 20px;margin-left: auto;margin-right: auto;text-align: center;\"><div class=\"mojev-adlabel\">oglas<\/div><div style=\"height: 250px;\"><script async src=\"https:\/\/pagead2.googlesyndication.com\/pagead\/js\/adsbygoogle.js?client=ca-pub-8106111766207173\"\r\n     crossorigin=\"anonymous\"><\/script>\r\n<!-- Display-1 -->\r\n<ins class=\"adsbygoogle\"\r\n     style=\"display:block\"\r\n     data-ad-client=\"ca-pub-8106111766207173\"\r\n     data-ad-slot=\"1465712950\"\r\n     data-ad-format=\"auto\"\r\n     data-full-width-responsive=\"true\"><\/ins>\r\n<script>\r\n     (adsbygoogle = window.adsbygoogle || []).push({});\r\n<\/script><\/div><\/div>","protected":false},"excerpt":{"rendered":"<p>&#8216;Da me k\u0107i i zet nisu pozvali na pet dana u apartman na Krku, mene more ne bi vidjelo, a znajte da nemam tako malu penziju&#8217;, rekla je za Mojevrijeme.hr gospo\u0111a Helga M\u00fcller (76) iz Bad Kreuznacha u Njema\u010dkoj. Otkrila nam je potom kolika su joj primanja, ku\u0107ne re\u017eije, doplate za lijekove, i \u0161to si mo\u017ee priu\u0161titi na kraju mjeseca.<\/p>\n","protected":false},"author":17,"featured_media":83750,"comment_status":"closed","ping_status":"closed","sticky":false,"template":"","format":"standard","meta":{"footnotes":""},"categories":[2],"tags":[585,127,236],"class_list":["post-83703","post","type-post","status-publish","format-standard","has-post-thumbnail","hentry","category-mozaik","tag-ljetovanje","tag-njemacka","tag-standard"],"_links":{"self":[{"href":"https:\/\/www.mojevrijeme.hr\/magazin\/wp-json\/wp\/v2\/posts\/83703","targetHints":{"allow":["GET"]}}],"collection":[{"href":"https:\/\/www.mojevrijeme.hr\/magazin\/wp-json\/wp\/v2\/posts"}],"about":[{"href":"https:\/\/www.mojevrijeme.hr\/magazin\/wp-json\/wp\/v2\/types\/post"}],"author":[{"embeddable":true,"href":"https:\/\/www.mojevrijeme.hr\/magazin\/wp-json\/wp\/v2\/users\/17"}],"replies":[{"embeddable":true,"href":"https:\/\/www.mojevrijeme.hr\/magazin\/wp-json\/wp\/v2\/comments?post=83703"}],"version-history":[{"count":0,"href":"https:\/\/www.mojevrijeme.hr\/magazin\/wp-json\/wp\/v2\/posts\/83703\/revisions"}],"wp:featuredmedia":[{"embeddable":true,"href":"https:\/\/www.mojevrijeme.hr\/magazin\/wp-json\/wp\/v2\/media\/83750"}],"wp:attachment":[{"href":"https:\/\/www.mojevrijeme.hr\/magazin\/wp-json\/wp\/v2\/media?parent=83703"}],"wp:term":[{"taxonomy":"category","embeddable":true,"href":"https:\/\/www.mojevrijeme.hr\/magazin\/wp-json\/wp\/v2\/categories?post=83703"},{"taxonomy":"post_tag","embeddable":true,"href":"https:\/\/www.mojevrijeme.hr\/magazin\/wp-json\/wp\/v2\/tags?post=83703"}],"curies":[{"name":"wp","href":"https:\/\/api.w.org\/{rel}","templated":true}]}}